{"id":151784,"date":"2015-01-15T09:51:31","date_gmt":"2015-01-15T09:51:31","guid":{"rendered":"https:\/\/admin.industriall-union.org\/2-000-mineurs-polonais-protestent-contre-les-plans-de-fermeture-de-mines\/"},"modified":"2025-02-07T18:07:58","modified_gmt":"2025-02-07T18:07:58","slug":"2-000-mineurs-polonais-protestent-contre-les-plans-de-fermeture-de-mines","status":"publish","type":"article","link":"https:\/\/admin.industriall-union.org\/fr\/2-000-mineurs-polonais-protestent-contre-les-plans-de-fermeture-de-mines\/","title":{"rendered":"2.000 mineurs polonais protestent contre les plans de fermeture de mines"},"content":{"rendered":"<p>La d\u00e9cision du gouvernement de fermer ces exploitations et de supprimer les emplois aura des cons\u00e9quences douloureuses pour les travailleurs et les r\u00e9sidents des communaut\u00e9s dont font partie les mineurs.<\/p><p>Les mineurs polonais, qui insistent pour dire que ces charbonnages pourraient \u00eatre rentables et qu&rsquo;ils abritent de grands gisements de charbon, exigent une restructuration en profondeur de l&rsquo;ensemble du secteur charbonnier, qui fournit \u00e0 la Pologne une source essentielle d&rsquo;\u00e9nergie, de chauffage et une s\u00e9curit\u00e9 d&rsquo;approvisionnement.<\/p><p>Les mineurs, leurs syndicats et les autorit\u00e9s locales n&rsquo;ont appris l&rsquo;existence du plan visant \u00e0 supprimer ces milliers d&rsquo;emploi que par la presse, sans qu&rsquo;il y ait eu de consultation, de d\u00e9bat ou de dialogue social pr\u00e9alables. De plus, au cours des deux derni\u00e8res ann\u00e9es, le gouvernement a donn\u00e9 l&rsquo;impression de vouloir restructurer l&rsquo;industrie du charbon et n&rsquo;a pas fait mention de fermeture de mines.<\/p><p>Cette annonce a d\u00e9clench\u00e9 des mouvements de protestation spontan\u00e9s chez les mineurs concern\u00e9s, soutenus par le personnel administratif et les coll\u00e8gues des autres mines.<\/p><p>La Premi\u00e8re Ministre polonaise, Mme Ewa Kopacz, s&rsquo;est rendue en Sil\u00e9sie pour s&rsquo;entretenir avec les mineurs contestataires. Cependant, les n\u00e9gociations ont \u00e9t\u00e9 rompues sans qu&rsquo;il y ait d&rsquo;accord en vue et personne ne peut dire si les pourparlers reprendront.<\/p><p>Le Directeur des Mines d&rsquo;IndustriALL, Glen Mpufane a confi\u00e9&nbsp;:<\/p><blockquote><p>Ensemble avec IndustriALL Europe nous soutenons les actions entreprises par nos camarades polonais dont l&rsquo;avenir est dans la balance. Nous appelons instamment le gouvernement \u00e0 passer un accord avec les syndicats pour garantir ces milliers d&rsquo;emplois.<\/p><\/blockquote>","protected":false},"featured_media":0,"template":"","issues":[420,425],"companies":[],"regions":[239],"sectors":[495],"article_tags":[529],"class_list":["post-151784","article","type-article","status-publish","hentry","issues-solidarity","issues-workers-rights","regions-poland","sectors-mining","article_tags-strike"],"acf":[],"yoast_head":"<!-- This site is optimized with the Yoast SEO Premium plugin v27.1 (Yoast SEO v27.1) - https:\/\/yoast.com\/product\/yoast-seo-premium-wordpress\/ -->\n<title>2.000 mineurs polonais protestent contre les plans de fermeture de mines - industriall-union<\/title>\n<meta name=\"description\" content=\"La d\u00e9cision du gouvernement de fermer ces exploitations et de supprimer les emplois aura des cons\u00e9quences douloureuses pour les travailleurs et les\" \/>\n<meta name=\"robots\" content=\"index, follow, max-snippet:-1, max-image-preview:large, max-video-preview:-1\" \/>\n<link rel=\"canonical\" href=\"https:\/\/admin.industriall-union.org\/fr\/2-000-mineurs-polonais-protestent-contre-les-plans-de-fermeture-de-mines\/\" \/>\n<meta property=\"og:locale\" content=\"fr_FR\" \/>\n<meta property=\"og:type\" content=\"article\" \/>\n<meta property=\"og:title\" content=\"2.000 mineurs polonais protestent contre les plans de fermeture de mines\" \/>\n<meta property=\"og:description\" content=\"La d\u00e9cision du gouvernement de fermer ces exploitations et de supprimer les emplois aura des cons\u00e9quences douloureuses pour les travailleurs et les\" \/>\n<meta property=\"og:url\" content=\"https:\/\/admin.industriall-union.org\/fr\/2-000-mineurs-polonais-protestent-contre-les-plans-de-fermeture-de-mines\/\" \/>\n<meta property=\"og:site_name\" content=\"industriall-union\" \/>\n<meta property=\"article:modified_time\" content=\"2025-02-07T18:07:58+00:00\" \/>\n<meta name=\"twitter:card\" content=\"summary_large_image\" \/>\n<meta name=\"twitter:label1\" content=\"Est. reading time\" \/>\n\t<meta name=\"twitter:data1\" content=\"2 minutes\" \/>\n<script type=\"application\/ld+json\" class=\"yoast-schema-graph\">{\"@context\":\"https:\/\/schema.org\",\"@graph\":[{\"@type\":\"WebPage\",\"@id\":\"https:\/\/admin.industriall-union.org\/fr\/2-000-mineurs-polonais-protestent-contre-les-plans-de-fermeture-de-mines\/\",\"url\":\"https:\/\/admin.industriall-union.org\/fr\/2-000-mineurs-polonais-protestent-contre-les-plans-de-fermeture-de-mines\/\",\"name\":\"2.000 mineurs polonais protestent contre les plans de fermeture de mines - industriall-union\",\"isPartOf\":{\"@id\":\"https:\/\/admin.industriall-union.org\/#website\"},\"datePublished\":\"2015-01-15T09:51:31+00:00\",\"dateModified\":\"2025-02-07T18:07:58+00:00\",\"description\":\"La d\u00e9cision du gouvernement de fermer ces exploitations et de supprimer les emplois aura des cons\u00e9quences douloureuses pour les travailleurs et les\",\"breadcrumb\":{\"@id\":\"https:\/\/admin.industriall-union.org\/fr\/2-000-mineurs-polonais-protestent-contre-les-plans-de-fermeture-de-mines\/#breadcrumb\"},\"inLanguage\":\"fr-FR\",\"potentialAction\":[{\"@type\":\"ReadAction\",\"target\":[\"https:\/\/admin.industriall-union.org\/fr\/2-000-mineurs-polonais-protestent-contre-les-plans-de-fermeture-de-mines\/\"]}]},{\"@type\":\"BreadcrumbList\",\"@id\":\"https:\/\/admin.industriall-union.org\/fr\/2-000-mineurs-polonais-protestent-contre-les-plans-de-fermeture-de-mines\/#breadcrumb\",\"itemListElement\":[{\"@type\":\"ListItem\",\"position\":1,\"name\":\"Home\",\"item\":\"https:\/\/admin.industriall-union.org\/\"},{\"@type\":\"ListItem\",\"position\":2,\"name\":\"Articles\",\"item\":\"https:\/\/admin.industriall-union.org\/article\/\"},{\"@type\":\"ListItem\",\"position\":3,\"name\":\"2.000 mineurs polonais protestent contre les plans de fermeture de mines\"}]},{\"@type\":\"WebSite\",\"@id\":\"https:\/\/admin.industriall-union.org\/#website\",\"url\":\"https:\/\/admin.industriall-union.org\/\",\"name\":\"industriall-union\",\"description\":\"\",\"potentialAction\":[{\"@type\":\"SearchAction\",\"target\":{\"@type\":\"EntryPoint\",\"urlTemplate\":\"https:\/\/admin.industriall-union.org\/?s={search_term_string}\"},\"query-input\":{\"@type\":\"PropertyValueSpecification\",\"valueRequired\":true,\"valueName\":\"search_term_string\"}}],\"inLanguage\":\"fr-FR\"}]}<\/script>\n<!-- \/ Yoast SEO Premium plugin. -->","yoast_head_json":{"title":"2.000 mineurs polonais protestent contre les plans de fermeture de mines - industriall-union","description":"La d\u00e9cision du gouvernement de fermer ces exploitations et de supprimer les emplois aura des cons\u00e9quences douloureuses pour les travailleurs et les","robots":{"index":"index","follow":"follow","max-snippet":"max-snippet:-1","max-image-preview":"max-image-preview:large","max-video-preview":"max-video-preview:-1"},"canonical":"https:\/\/admin.industriall-union.org\/fr\/2-000-mineurs-polonais-protestent-contre-les-plans-de-fermeture-de-mines\/","og_locale":"fr_FR","og_type":"article","og_title":"2.000 mineurs polonais protestent contre les plans de fermeture de mines","og_description":"La d\u00e9cision du gouvernement de fermer ces exploitations et de supprimer les emplois aura des cons\u00e9quences douloureuses pour les travailleurs et les","og_url":"https:\/\/admin.industriall-union.org\/fr\/2-000-mineurs-polonais-protestent-contre-les-plans-de-fermeture-de-mines\/","og_site_name":"industriall-union","article_modified_time":"2025-02-07T18:07:58+00:00","twitter_card":"summary_large_image","twitter_misc":{"Est. reading time":"2 minutes"},"schema":{"@context":"https:\/\/schema.org","@graph":[{"@type":"WebPage","@id":"https:\/\/admin.industriall-union.org\/fr\/2-000-mineurs-polonais-protestent-contre-les-plans-de-fermeture-de-mines\/","url":"https:\/\/admin.industriall-union.org\/fr\/2-000-mineurs-polonais-protestent-contre-les-plans-de-fermeture-de-mines\/","name":"2.000 mineurs polonais protestent contre les plans de fermeture de mines - industriall-union","isPartOf":{"@id":"https:\/\/admin.industriall-union.org\/#website"},"datePublished":"2015-01-15T09:51:31+00:00","dateModified":"2025-02-07T18:07:58+00:00","description":"La d\u00e9cision du gouvernement de fermer ces exploitations et de supprimer les emplois aura des cons\u00e9quences douloureuses pour les travailleurs et les","breadcrumb":{"@id":"https:\/\/admin.industriall-union.org\/fr\/2-000-mineurs-polonais-protestent-contre-les-plans-de-fermeture-de-mines\/#breadcrumb"},"inLanguage":"fr-FR","potentialAction":[{"@type":"ReadAction","target":["https:\/\/admin.industriall-union.org\/fr\/2-000-mineurs-polonais-protestent-contre-les-plans-de-fermeture-de-mines\/"]}]},{"@type":"BreadcrumbList","@id":"https:\/\/admin.industriall-union.org\/fr\/2-000-mineurs-polonais-protestent-contre-les-plans-de-fermeture-de-mines\/#breadcrumb","itemListElement":[{"@type":"ListItem","position":1,"name":"Home","item":"https:\/\/admin.industriall-union.org\/"},{"@type":"ListItem","position":2,"name":"Articles","item":"https:\/\/admin.industriall-union.org\/article\/"},{"@type":"ListItem","position":3,"name":"2.000 mineurs polonais protestent contre les plans de fermeture de mines"}]},{"@type":"WebSite","@id":"https:\/\/admin.industriall-union.org\/#website","url":"https:\/\/admin.industriall-union.org\/","name":"industriall-union","description":"","potentialAction":[{"@type":"SearchAction","target":{"@type":"EntryPoint","urlTemplate":"https:\/\/admin.industriall-union.org\/?s={search_term_string}"},"query-input":{"@type":"PropertyValueSpecification","valueRequired":true,"valueName":"search_term_string"}}],"inLanguage":"fr-FR"}]}},"_links":{"self":[{"href":"https:\/\/admin.industriall-union.org\/fr\/wp-json\/wp\/v2\/article\/151784","targetHints":{"allow":["GET"]}}],"collection":[{"href":"https:\/\/admin.industriall-union.org\/fr\/wp-json\/wp\/v2\/article"}],"about":[{"href":"https:\/\/admin.industriall-union.org\/fr\/wp-json\/wp\/v2\/types\/article"}],"wp:attachment":[{"href":"https:\/\/admin.industriall-union.org\/fr\/wp-json\/wp\/v2\/media?parent=151784"}],"wp:term":[{"taxonomy":"issues","embeddable":true,"href":"https:\/\/admin.industriall-union.org\/fr\/wp-json\/wp\/v2\/issues?post=151784"},{"taxonomy":"companies","embeddable":true,"href":"https:\/\/admin.industriall-union.org\/fr\/wp-json\/wp\/v2\/companies?post=151784"},{"taxonomy":"regions","embeddable":true,"href":"https:\/\/admin.industriall-union.org\/fr\/wp-json\/wp\/v2\/regions?post=151784"},{"taxonomy":"sectors","embeddable":true,"href":"https:\/\/admin.industriall-union.org\/fr\/wp-json\/wp\/v2\/sectors?post=151784"},{"taxonomy":"article_tags","embeddable":true,"href":"https:\/\/admin.industriall-union.org\/fr\/wp-json\/wp\/v2\/article_tags?post=151784"}],"curies":[{"name":"wp","href":"https:\/\/api.w.org\/{rel}","templated":true}]}}