{"id":151779,"date":"2015-01-21T12:50:10","date_gmt":"2015-01-21T12:50:10","guid":{"rendered":"https:\/\/admin.industriall-union.org\/accord-cadre-signe-entre-mineurs-et-gouvernement-polonais\/"},"modified":"2025-02-07T18:01:08","modified_gmt":"2025-02-07T18:01:08","slug":"accord-cadre-signe-entre-mineurs-et-gouvernement-polonais","status":"publish","type":"article","link":"https:\/\/admin.industriall-union.org\/fr\/accord-cadre-signe-entre-mineurs-et-gouvernement-polonais\/","title":{"rendered":"Accord cadre sign\u00e9 entre mineurs et gouvernement polonais"},"content":{"rendered":"<p>Apr\u00e8s <a href=\"http:\/\/www.industriall-union.org\/fr\/2000-mineurs-polonais-protestent-contre-les-plans-de-fermeture-de-mines\">11 journ\u00e9es de protestations<\/a>, la Premi\u00e8re Ministre, Mme Ewa Kopacz, et des repr\u00e9sentants de tous les syndicats du secteur minier ont sign\u00e9 cet accord cadre. Celui-ci garantit l&rsquo;implication du secteur de l&rsquo;\u00e9nergie dans la restructuration du secteur des mines, le transfert de quatre exploitations au sein d&rsquo;une structure charg\u00e9e de la restructuration des mines ainsi que la possibilit\u00e9 de les c\u00e9der \u00e0 des investisseurs.<\/p><p>L&rsquo;accord ouvre \u00e9galement la porte \u00e0 des pourparlers sur une nouvelle convention collective pour le secteur minier, \u00e0 des aides de l&rsquo;\u00e9tat pour les industries \u00e0 haute intensit\u00e9 \u00e9nerg\u00e9tique et \u00e0 un programme de r\u00e9industrialisation pour la Sil\u00e9sie et la Petite Pologne (Malopolska). Il y aura en outre des n\u00e9gociations sur l&rsquo;avenir de l&rsquo;industrie et de l&rsquo;emploi en Pologne.<\/p><p>Le dialogue social entre le gouvernement et les syndicats va se poursuivre.<\/p><p>Dariusz Trzcionka, Pr\u00e9sident de KADRA, affili\u00e9 d&rsquo;IndustriALL, a d\u00e9clar\u00e9&nbsp;:<\/p><p>&ldquo;Le succ\u00e8s des n\u00e9gociations n&rsquo;aurait pas \u00e9t\u00e9 possible sans le soutien et la solidarit\u00e9 des travailleurs et travailleuses, des r\u00e9sidents, des gouvernements locaux, des organisations syndicales europ\u00e9ennes et internationales, d&rsquo;IndustriALL et des syndicats polonais. Nous vous remercions pour le soutien apport\u00e9 aux mineurs en ces temps difficiles&nbsp;!&quot;<\/p><p>La Premi\u00e8re Ministre, Mme Ewa Kopacz a comment\u00e9 l&rsquo;accord en ces termes&nbsp;:<\/p><p>&ldquo;Je voulais vous remercier pour un bon et sain compromis. Il ne l&rsquo;est pas tellement pour nous, mais surtout pour l&rsquo;avenir minier de la Pologne.&rdquo;<\/p>","protected":false},"featured_media":0,"template":"","issues":[396,420,425],"companies":[],"regions":[239],"sectors":[495],"article_tags":[],"class_list":["post-151779","article","type-article","status-publish","hentry","issues-building-strong-unions","issues-solidarity","issues-workers-rights","regions-poland","sectors-mining"],"acf":[],"yoast_head":"<!-- This site is optimized with the Yoast SEO Premium plugin v27.1 (Yoast SEO v27.1) - https:\/\/yoast.com\/product\/yoast-seo-premium-wordpress\/ -->\n<title>Accord cadre sign\u00e9 entre mineurs et gouvernement polonais - industriall-union<\/title>\n<meta name=\"description\" content=\"Apr\u00e8s 11 journ\u00e9es de protestations, la Premi\u00e8re Ministre, Mme Ewa Kopacz, et des repr\u00e9sentants de tous les syndicats du secteur minier ont sign\u00e9 cet\" \/>\n<meta name=\"robots\" content=\"index, follow, max-snippet:-1, max-image-preview:large, max-video-preview:-1\" \/>\n<link rel=\"canonical\" href=\"https:\/\/admin.industriall-union.org\/fr\/accord-cadre-signe-entre-mineurs-et-gouvernement-polonais\/\" \/>\n<meta property=\"og:locale\" content=\"fr_FR\" \/>\n<meta property=\"og:type\" content=\"article\" \/>\n<meta property=\"og:title\" content=\"Accord cadre sign\u00e9 entre mineurs et gouvernement polonais\" \/>\n<meta property=\"og:description\" content=\"Apr\u00e8s 11 journ\u00e9es de protestations, la Premi\u00e8re Ministre, Mme Ewa Kopacz, et des repr\u00e9sentants de tous les syndicats du secteur minier ont sign\u00e9 cet\" \/>\n<meta property=\"og:url\" content=\"https:\/\/admin.industriall-union.org\/fr\/accord-cadre-signe-entre-mineurs-et-gouvernement-polonais\/\" \/>\n<meta property=\"og:site_name\" content=\"industriall-union\" \/>\n<meta property=\"article:modified_time\" content=\"2025-02-07T18:01:08+00:00\" \/>\n<meta name=\"twitter:card\" content=\"summary_large_image\" \/>\n<meta name=\"twitter:label1\" content=\"Est. reading time\" \/>\n\t<meta name=\"twitter:data1\" content=\"1 minute\" \/>\n<script type=\"application\/ld+json\" class=\"yoast-schema-graph\">{\"@context\":\"https:\/\/schema.org\",\"@graph\":[{\"@type\":\"WebPage\",\"@id\":\"https:\/\/admin.industriall-union.org\/fr\/accord-cadre-signe-entre-mineurs-et-gouvernement-polonais\/\",\"url\":\"https:\/\/admin.industriall-union.org\/fr\/accord-cadre-signe-entre-mineurs-et-gouvernement-polonais\/\",\"name\":\"Accord cadre sign\u00e9 entre mineurs et gouvernement polonais - industriall-union\",\"isPartOf\":{\"@id\":\"https:\/\/admin.industriall-union.org\/#website\"},\"datePublished\":\"2015-01-21T12:50:10+00:00\",\"dateModified\":\"2025-02-07T18:01:08+00:00\",\"description\":\"Apr\u00e8s 11 journ\u00e9es de protestations, la Premi\u00e8re Ministre, Mme Ewa Kopacz, et des repr\u00e9sentants de tous les syndicats du secteur minier ont sign\u00e9 cet\",\"breadcrumb\":{\"@id\":\"https:\/\/admin.industriall-union.org\/fr\/accord-cadre-signe-entre-mineurs-et-gouvernement-polonais\/#breadcrumb\"},\"inLanguage\":\"fr-FR\",\"potentialAction\":[{\"@type\":\"ReadAction\",\"target\":[\"https:\/\/admin.industriall-union.org\/fr\/accord-cadre-signe-entre-mineurs-et-gouvernement-polonais\/\"]}]},{\"@type\":\"BreadcrumbList\",\"@id\":\"https:\/\/admin.industriall-union.org\/fr\/accord-cadre-signe-entre-mineurs-et-gouvernement-polonais\/#breadcrumb\",\"itemListElement\":[{\"@type\":\"ListItem\",\"position\":1,\"name\":\"Home\",\"item\":\"https:\/\/admin.industriall-union.org\/\"},{\"@type\":\"ListItem\",\"position\":2,\"name\":\"Articles\",\"item\":\"https:\/\/admin.industriall-union.org\/article\/\"},{\"@type\":\"ListItem\",\"position\":3,\"name\":\"Accord cadre sign\u00e9 entre mineurs et gouvernement polonais\"}]},{\"@type\":\"WebSite\",\"@id\":\"https:\/\/admin.industriall-union.org\/#website\",\"url\":\"https:\/\/admin.industriall-union.org\/\",\"name\":\"industriall-union\",\"description\":\"\",\"potentialAction\":[{\"@type\":\"SearchAction\",\"target\":{\"@type\":\"EntryPoint\",\"urlTemplate\":\"https:\/\/admin.industriall-union.org\/?s={search_term_string}\"},\"query-input\":{\"@type\":\"PropertyValueSpecification\",\"valueRequired\":true,\"valueName\":\"search_term_string\"}}],\"inLanguage\":\"fr-FR\"}]}<\/script>\n<!-- \/ Yoast SEO Premium plugin. -->","yoast_head_json":{"title":"Accord cadre sign\u00e9 entre mineurs et gouvernement polonais - industriall-union","description":"Apr\u00e8s 11 journ\u00e9es de protestations, la Premi\u00e8re Ministre, Mme Ewa Kopacz, et des repr\u00e9sentants de tous les syndicats du secteur minier ont sign\u00e9 cet","robots":{"index":"index","follow":"follow","max-snippet":"max-snippet:-1","max-image-preview":"max-image-preview:large","max-video-preview":"max-video-preview:-1"},"canonical":"https:\/\/admin.industriall-union.org\/fr\/accord-cadre-signe-entre-mineurs-et-gouvernement-polonais\/","og_locale":"fr_FR","og_type":"article","og_title":"Accord cadre sign\u00e9 entre mineurs et gouvernement polonais","og_description":"Apr\u00e8s 11 journ\u00e9es de protestations, la Premi\u00e8re Ministre, Mme Ewa Kopacz, et des repr\u00e9sentants de tous les syndicats du secteur minier ont sign\u00e9 cet","og_url":"https:\/\/admin.industriall-union.org\/fr\/accord-cadre-signe-entre-mineurs-et-gouvernement-polonais\/","og_site_name":"industriall-union","article_modified_time":"2025-02-07T18:01:08+00:00","twitter_card":"summary_large_image","twitter_misc":{"Est. reading time":"1 minute"},"schema":{"@context":"https:\/\/schema.org","@graph":[{"@type":"WebPage","@id":"https:\/\/admin.industriall-union.org\/fr\/accord-cadre-signe-entre-mineurs-et-gouvernement-polonais\/","url":"https:\/\/admin.industriall-union.org\/fr\/accord-cadre-signe-entre-mineurs-et-gouvernement-polonais\/","name":"Accord cadre sign\u00e9 entre mineurs et gouvernement polonais - industriall-union","isPartOf":{"@id":"https:\/\/admin.industriall-union.org\/#website"},"datePublished":"2015-01-21T12:50:10+00:00","dateModified":"2025-02-07T18:01:08+00:00","description":"Apr\u00e8s 11 journ\u00e9es de protestations, la Premi\u00e8re Ministre, Mme Ewa Kopacz, et des repr\u00e9sentants de tous les syndicats du secteur minier ont sign\u00e9 cet","breadcrumb":{"@id":"https:\/\/admin.industriall-union.org\/fr\/accord-cadre-signe-entre-mineurs-et-gouvernement-polonais\/#breadcrumb"},"inLanguage":"fr-FR","potentialAction":[{"@type":"ReadAction","target":["https:\/\/admin.industriall-union.org\/fr\/accord-cadre-signe-entre-mineurs-et-gouvernement-polonais\/"]}]},{"@type":"BreadcrumbList","@id":"https:\/\/admin.industriall-union.org\/fr\/accord-cadre-signe-entre-mineurs-et-gouvernement-polonais\/#breadcrumb","itemListElement":[{"@type":"ListItem","position":1,"name":"Home","item":"https:\/\/admin.industriall-union.org\/"},{"@type":"ListItem","position":2,"name":"Articles","item":"https:\/\/admin.industriall-union.org\/article\/"},{"@type":"ListItem","position":3,"name":"Accord cadre sign\u00e9 entre mineurs et gouvernement polonais"}]},{"@type":"WebSite","@id":"https:\/\/admin.industriall-union.org\/#website","url":"https:\/\/admin.industriall-union.org\/","name":"industriall-union","description":"","potentialAction":[{"@type":"SearchAction","target":{"@type":"EntryPoint","urlTemplate":"https:\/\/admin.industriall-union.org\/?s={search_term_string}"},"query-input":{"@type":"PropertyValueSpecification","valueRequired":true,"valueName":"search_term_string"}}],"inLanguage":"fr-FR"}]}},"_links":{"self":[{"href":"https:\/\/admin.industriall-union.org\/fr\/wp-json\/wp\/v2\/article\/151779","targetHints":{"allow":["GET"]}}],"collection":[{"href":"https:\/\/admin.industriall-union.org\/fr\/wp-json\/wp\/v2\/article"}],"about":[{"href":"https:\/\/admin.industriall-union.org\/fr\/wp-json\/wp\/v2\/types\/article"}],"wp:attachment":[{"href":"https:\/\/admin.industriall-union.org\/fr\/wp-json\/wp\/v2\/media?parent=151779"}],"wp:term":[{"taxonomy":"issues","embeddable":true,"href":"https:\/\/admin.industriall-union.org\/fr\/wp-json\/wp\/v2\/issues?post=151779"},{"taxonomy":"companies","embeddable":true,"href":"https:\/\/admin.industriall-union.org\/fr\/wp-json\/wp\/v2\/companies?post=151779"},{"taxonomy":"regions","embeddable":true,"href":"https:\/\/admin.industriall-union.org\/fr\/wp-json\/wp\/v2\/regions?post=151779"},{"taxonomy":"sectors","embeddable":true,"href":"https:\/\/admin.industriall-union.org\/fr\/wp-json\/wp\/v2\/sectors?post=151779"},{"taxonomy":"article_tags","embeddable":true,"href":"https:\/\/admin.industriall-union.org\/fr\/wp-json\/wp\/v2\/article_tags?post=151779"}],"curies":[{"name":"wp","href":"https:\/\/api.w.org\/{rel}","templated":true}]}}