{"id":151721,"date":"2015-02-11T15:13:48","date_gmt":"2015-02-11T15:13:48","guid":{"rendered":"https:\/\/admin.industriall-union.org\/first-quantum-minerals-licencie-des-travailleurs-qui-demandent-l-acces-aux-soins\/"},"modified":"2025-02-07T17:11:30","modified_gmt":"2025-02-07T17:11:30","slug":"first-quantum-minerals-licencie-des-travailleurs-qui-demandent-l-acces-aux-soins","status":"publish","type":"article","link":"https:\/\/admin.industriall-union.org\/fr\/first-quantum-minerals-licencie-des-travailleurs-qui-demandent-l-acces-aux-soins\/","title":{"rendered":"First Quantum Minerals licencie des travailleurs qui demandent l\u2019acc\u00e8s aux soins"},"content":{"rendered":"<p>Au d\u00e9but de janvier 2015, les mineurs ont cess\u00e9 le travail \u00e0 la mine de Kalumbila apr\u00e8s le refus de FQM de transporter un mineur d\u00e9c\u00e9d\u00e9 \u00e0 la morgue. La mine est situ\u00e9e dans une r\u00e9gion \u00e9loign\u00e9e et l&rsquo;absence de compassion avait d\u00e9clench\u00e9 la col\u00e8re des mineurs. Ils ont demand\u00e9 que la mine assure le transport jusqu&rsquo;\u00e0 une installation sanitaire des personnes qui se sentent malades ou qui ont \u00e9t\u00e9 victimes d&rsquo;un accident. Ils veulent \u00e9galement une r\u00e9duction du loyer des logements de l&rsquo;entreprise du fait que les moins \u00e9lev\u00e9s repr\u00e9sentent plus de 40 pour cent du salaire minimum gagn\u00e9 par les mineurs.<\/p><p>Comme le gouvernement n&rsquo;avait pas encore nomm\u00e9 le ministre du Travail, le ministre de l&rsquo;Int\u00e9rieur a \u00e9t\u00e9 charg\u00e9 d&rsquo;intervenir pour r\u00e9soudre ce probl\u00e8me, et une d\u00e9l\u00e9gation comprenant le commissaire du Travail et des syndicalistes s&rsquo;est rendue \u00e0 la mine. L&rsquo;entreprise a assur\u00e9 le ministre qu&rsquo;aucun mineur ne serait puni \u00e0 la suite de la gr\u00e8ve et qu&rsquo;un rapport serait \u00e9tabli sur les questions soulev\u00e9es par les mineurs.<\/p><p>Cependant le 29 janvier, 14 mineurs ont \u00e9t\u00e9 mis \u00e0 pied pour avoir incit\u00e9 les mineurs \u00e0 faire gr\u00e8ve. Le MUZ s&rsquo;est oppos\u00e9 aux licenciements en raison de l&rsquo;assurance donn\u00e9e par l&rsquo;entreprise, et a \u00e9t\u00e9 notifi\u00e9 le 10 f\u00e9vrier que l&rsquo;entreprise avait r\u00e9tabli dans leurs fonctions huit des travailleurs mis \u00e0 pied.<\/p><p>Parmi les six personnes qui restent licenci\u00e9es se trouve le pr\u00e9sident de la section syndicale du MUZ, Precious Masaba. &quot;Le licenciement de Masaba enfreint l&rsquo;accord de reconnaissance que nous avons avec FQM&quot;, dit le secr\u00e9taire g\u00e9n\u00e9ral de MUZ, Joseph Ch\u00e9e. &quot;Nous ne pouvons pas accepter ces licenciements car ils sont injustes, ils ne r\u00e9pondent pas \u00e0 la proc\u00e9dure et sont s\u00e9v\u00e8res.&quot;<\/p><blockquote><p>Les mineurs ont pr\u00e9sent\u00e9 des revendications l\u00e9gitimes, en cherchant \u00e0 aborder leurs pr\u00e9occupations concernant l&rsquo;acc\u00e8s aux soins de sant\u00e9 et la question du logement. En raison de l&rsquo;endroit \u00e9loign\u00e9 de cette activit\u00e9 industrielle, il est important que ces pr\u00e9occupations soient imm\u00e9diatement prises en compte,<\/p><\/blockquote><p>a dit Jyrki Raina, secr\u00e9taire g\u00e9n\u00e9ral de IndustriALL dans une lettre adress\u00e9e \u00e0 FQM.<\/p><blockquote><p>Nous contr\u00f4lerons votre entreprise pour les infractions aux droits syndicaux, et nous sommes pr\u00eats \u00e0 entreprendre une action au niveau international dans le cas o\u00f9 les questions soulev\u00e9es par les travailleurs et travailleuses de First Quantum en Zambie ne seraient pas r\u00e9solues.<\/p><\/blockquote>","protected":false},"featured_media":0,"template":"","issues":[420],"companies":[],"regions":[357],"sectors":[495],"article_tags":[529],"class_list":["post-151721","article","type-article","status-publish","hentry","issues-solidarity","regions-zambia","sectors-mining","article_tags-strike"],"acf":[],"yoast_head":"<!-- This site is optimized with the Yoast SEO Premium plugin v27.1 (Yoast SEO v27.1) - https:\/\/yoast.com\/product\/yoast-seo-premium-wordpress\/ -->\n<title>First Quantum Minerals licencie des travailleurs qui demandent l\u2019acc\u00e8s aux soins - industriall-union<\/title>\n<meta name=\"description\" content=\"Au d\u00e9but de janvier 2015, les mineurs ont cess\u00e9 le travail \u00e0 la mine de Kalumbila apr\u00e8s le refus de FQM de transporter un mineur d\u00e9c\u00e9d\u00e9 \u00e0 la morgue. La\" \/>\n<meta name=\"robots\" content=\"index, follow, max-snippet:-1, max-image-preview:large, max-video-preview:-1\" \/>\n<link rel=\"canonical\" href=\"https:\/\/admin.industriall-union.org\/fr\/first-quantum-minerals-licencie-des-travailleurs-qui-demandent-l-acces-aux-soins\/\" \/>\n<meta property=\"og:locale\" content=\"fr_FR\" \/>\n<meta property=\"og:type\" content=\"article\" \/>\n<meta property=\"og:title\" content=\"First Quantum Minerals licencie des travailleurs qui demandent l\u2019acc\u00e8s aux soins\" \/>\n<meta property=\"og:description\" content=\"Au d\u00e9but de janvier 2015, les mineurs ont cess\u00e9 le travail \u00e0 la mine de Kalumbila apr\u00e8s le refus de FQM de transporter un mineur d\u00e9c\u00e9d\u00e9 \u00e0 la morgue. La\" \/>\n<meta property=\"og:url\" content=\"https:\/\/admin.industriall-union.org\/fr\/first-quantum-minerals-licencie-des-travailleurs-qui-demandent-l-acces-aux-soins\/\" \/>\n<meta property=\"og:site_name\" content=\"industriall-union\" \/>\n<meta property=\"article:modified_time\" content=\"2025-02-07T17:11:30+00:00\" \/>\n<meta name=\"twitter:card\" content=\"summary_large_image\" \/>\n<meta name=\"twitter:label1\" content=\"Est. reading time\" \/>\n\t<meta name=\"twitter:data1\" content=\"2 minutes\" \/>\n<script type=\"application\/ld+json\" class=\"yoast-schema-graph\">{\"@context\":\"https:\/\/schema.org\",\"@graph\":[{\"@type\":\"WebPage\",\"@id\":\"https:\/\/admin.industriall-union.org\/fr\/first-quantum-minerals-licencie-des-travailleurs-qui-demandent-l-acces-aux-soins\/\",\"url\":\"https:\/\/admin.industriall-union.org\/fr\/first-quantum-minerals-licencie-des-travailleurs-qui-demandent-l-acces-aux-soins\/\",\"name\":\"First Quantum Minerals licencie des travailleurs qui demandent l\u2019acc\u00e8s aux soins - industriall-union\",\"isPartOf\":{\"@id\":\"https:\/\/admin.industriall-union.org\/#website\"},\"datePublished\":\"2015-02-11T15:13:48+00:00\",\"dateModified\":\"2025-02-07T17:11:30+00:00\",\"description\":\"Au d\u00e9but de janvier 2015, les mineurs ont cess\u00e9 le travail \u00e0 la mine de Kalumbila apr\u00e8s le refus de FQM de transporter un mineur d\u00e9c\u00e9d\u00e9 \u00e0 la morgue. La\",\"breadcrumb\":{\"@id\":\"https:\/\/admin.industriall-union.org\/fr\/first-quantum-minerals-licencie-des-travailleurs-qui-demandent-l-acces-aux-soins\/#breadcrumb\"},\"inLanguage\":\"fr-FR\",\"potentialAction\":[{\"@type\":\"ReadAction\",\"target\":[\"https:\/\/admin.industriall-union.org\/fr\/first-quantum-minerals-licencie-des-travailleurs-qui-demandent-l-acces-aux-soins\/\"]}]},{\"@type\":\"BreadcrumbList\",\"@id\":\"https:\/\/admin.industriall-union.org\/fr\/first-quantum-minerals-licencie-des-travailleurs-qui-demandent-l-acces-aux-soins\/#breadcrumb\",\"itemListElement\":[{\"@type\":\"ListItem\",\"position\":1,\"name\":\"Home\",\"item\":\"https:\/\/admin.industriall-union.org\/\"},{\"@type\":\"ListItem\",\"position\":2,\"name\":\"Articles\",\"item\":\"https:\/\/admin.industriall-union.org\/article\/\"},{\"@type\":\"ListItem\",\"position\":3,\"name\":\"First Quantum Minerals licencie des travailleurs qui demandent l\u2019acc\u00e8s aux soins\"}]},{\"@type\":\"WebSite\",\"@id\":\"https:\/\/admin.industriall-union.org\/#website\",\"url\":\"https:\/\/admin.industriall-union.org\/\",\"name\":\"industriall-union\",\"description\":\"\",\"potentialAction\":[{\"@type\":\"SearchAction\",\"target\":{\"@type\":\"EntryPoint\",\"urlTemplate\":\"https:\/\/admin.industriall-union.org\/?s={search_term_string}\"},\"query-input\":{\"@type\":\"PropertyValueSpecification\",\"valueRequired\":true,\"valueName\":\"search_term_string\"}}],\"inLanguage\":\"fr-FR\"}]}<\/script>\n<!-- \/ Yoast SEO Premium plugin. -->","yoast_head_json":{"title":"First Quantum Minerals licencie des travailleurs qui demandent l\u2019acc\u00e8s aux soins - industriall-union","description":"Au d\u00e9but de janvier 2015, les mineurs ont cess\u00e9 le travail \u00e0 la mine de Kalumbila apr\u00e8s le refus de FQM de transporter un mineur d\u00e9c\u00e9d\u00e9 \u00e0 la morgue. La","robots":{"index":"index","follow":"follow","max-snippet":"max-snippet:-1","max-image-preview":"max-image-preview:large","max-video-preview":"max-video-preview:-1"},"canonical":"https:\/\/admin.industriall-union.org\/fr\/first-quantum-minerals-licencie-des-travailleurs-qui-demandent-l-acces-aux-soins\/","og_locale":"fr_FR","og_type":"article","og_title":"First Quantum Minerals licencie des travailleurs qui demandent l\u2019acc\u00e8s aux soins","og_description":"Au d\u00e9but de janvier 2015, les mineurs ont cess\u00e9 le travail \u00e0 la mine de Kalumbila apr\u00e8s le refus de FQM de transporter un mineur d\u00e9c\u00e9d\u00e9 \u00e0 la morgue. La","og_url":"https:\/\/admin.industriall-union.org\/fr\/first-quantum-minerals-licencie-des-travailleurs-qui-demandent-l-acces-aux-soins\/","og_site_name":"industriall-union","article_modified_time":"2025-02-07T17:11:30+00:00","twitter_card":"summary_large_image","twitter_misc":{"Est. reading time":"2 minutes"},"schema":{"@context":"https:\/\/schema.org","@graph":[{"@type":"WebPage","@id":"https:\/\/admin.industriall-union.org\/fr\/first-quantum-minerals-licencie-des-travailleurs-qui-demandent-l-acces-aux-soins\/","url":"https:\/\/admin.industriall-union.org\/fr\/first-quantum-minerals-licencie-des-travailleurs-qui-demandent-l-acces-aux-soins\/","name":"First Quantum Minerals licencie des travailleurs qui demandent l\u2019acc\u00e8s aux soins - industriall-union","isPartOf":{"@id":"https:\/\/admin.industriall-union.org\/#website"},"datePublished":"2015-02-11T15:13:48+00:00","dateModified":"2025-02-07T17:11:30+00:00","description":"Au d\u00e9but de janvier 2015, les mineurs ont cess\u00e9 le travail \u00e0 la mine de Kalumbila apr\u00e8s le refus de FQM de transporter un mineur d\u00e9c\u00e9d\u00e9 \u00e0 la morgue. La","breadcrumb":{"@id":"https:\/\/admin.industriall-union.org\/fr\/first-quantum-minerals-licencie-des-travailleurs-qui-demandent-l-acces-aux-soins\/#breadcrumb"},"inLanguage":"fr-FR","potentialAction":[{"@type":"ReadAction","target":["https:\/\/admin.industriall-union.org\/fr\/first-quantum-minerals-licencie-des-travailleurs-qui-demandent-l-acces-aux-soins\/"]}]},{"@type":"BreadcrumbList","@id":"https:\/\/admin.industriall-union.org\/fr\/first-quantum-minerals-licencie-des-travailleurs-qui-demandent-l-acces-aux-soins\/#breadcrumb","itemListElement":[{"@type":"ListItem","position":1,"name":"Home","item":"https:\/\/admin.industriall-union.org\/"},{"@type":"ListItem","position":2,"name":"Articles","item":"https:\/\/admin.industriall-union.org\/article\/"},{"@type":"ListItem","position":3,"name":"First Quantum Minerals licencie des travailleurs qui demandent l\u2019acc\u00e8s aux soins"}]},{"@type":"WebSite","@id":"https:\/\/admin.industriall-union.org\/#website","url":"https:\/\/admin.industriall-union.org\/","name":"industriall-union","description":"","potentialAction":[{"@type":"SearchAction","target":{"@type":"EntryPoint","urlTemplate":"https:\/\/admin.industriall-union.org\/?s={search_term_string}"},"query-input":{"@type":"PropertyValueSpecification","valueRequired":true,"valueName":"search_term_string"}}],"inLanguage":"fr-FR"}]}},"_links":{"self":[{"href":"https:\/\/admin.industriall-union.org\/fr\/wp-json\/wp\/v2\/article\/151721","targetHints":{"allow":["GET"]}}],"collection":[{"href":"https:\/\/admin.industriall-union.org\/fr\/wp-json\/wp\/v2\/article"}],"about":[{"href":"https:\/\/admin.industriall-union.org\/fr\/wp-json\/wp\/v2\/types\/article"}],"wp:attachment":[{"href":"https:\/\/admin.industriall-union.org\/fr\/wp-json\/wp\/v2\/media?parent=151721"}],"wp:term":[{"taxonomy":"issues","embeddable":true,"href":"https:\/\/admin.industriall-union.org\/fr\/wp-json\/wp\/v2\/issues?post=151721"},{"taxonomy":"companies","embeddable":true,"href":"https:\/\/admin.industriall-union.org\/fr\/wp-json\/wp\/v2\/companies?post=151721"},{"taxonomy":"regions","embeddable":true,"href":"https:\/\/admin.industriall-union.org\/fr\/wp-json\/wp\/v2\/regions?post=151721"},{"taxonomy":"sectors","embeddable":true,"href":"https:\/\/admin.industriall-union.org\/fr\/wp-json\/wp\/v2\/sectors?post=151721"},{"taxonomy":"article_tags","embeddable":true,"href":"https:\/\/admin.industriall-union.org\/fr\/wp-json\/wp\/v2\/article_tags?post=151721"}],"curies":[{"name":"wp","href":"https:\/\/api.w.org\/{rel}","templated":true}]}}