{"id":151693,"date":"2015-02-23T14:25:50","date_gmt":"2015-02-23T14:25:50","guid":{"rendered":"https:\/\/admin.industriall-union.org\/rio-tinto-cherche-la-confrontation-avec-les-syndicats-lors-d-une-reunion-internationale\/"},"modified":"2025-02-07T16:49:31","modified_gmt":"2025-02-07T16:49:31","slug":"rio-tinto-cherche-la-confrontation-avec-les-syndicats-lors-d-une-reunion-internationale","status":"publish","type":"article","link":"https:\/\/admin.industriall-union.org\/fr\/rio-tinto-cherche-la-confrontation-avec-les-syndicats-lors-d-une-reunion-internationale\/","title":{"rendered":"Rio Tinto cherche la confrontation avec les syndicats lors d\u2019une r\u00e9union internationale"},"content":{"rendered":"<p>La r\u00e9union se d\u00e9roulait dans les bureaux de Rio Tinto \u00e0 Zurich le 6 f\u00e9vrier dernier. Elle avait \u00e9t\u00e9 convenue entre un membre du Comit\u00e9 ex\u00e9cutif de Rio Tino et IndustriALL, avec le soutien du r\u00e9seau mondial des syndicats de Rio Tinto. L&rsquo;entreprise avait marqu\u00e9 son accord pr\u00e9alable sur un ordre du jour fixe pour la r\u00e9union.<\/p><p>&ldquo;Rio Tinto s&rsquo;est comport\u00e9e avec arrogance d\u00e8s l&rsquo;entame de la r\u00e9union, fixant des ultimatums, mena\u00e7ant de poursuites judiciaires et nous emp\u00eachant de nous exprimer. J&rsquo;ai rarement vu ce genre de comportement depuis que la p\u00e9riode de l&rsquo;apartheid a pris fin,&rdquo; a comment\u00e9 le Secr\u00e9taire g\u00e9n\u00e9ral du Syndicat national des Mineurs d&rsquo;Afrique du Sud et Vice-pr\u00e9sident d&rsquo;IndustriALL Frans Baleni.<\/p><p>&ldquo;J&rsquo;ai fait le voyage depuis l&rsquo;Australie jusqu&rsquo;en Suisse dans l&rsquo;espoir d&rsquo;avancer sur des probl\u00e8mes que la direction australienne de Rio Tinto a refus\u00e9 d&rsquo;aborder. Il est notamment question de fr\u00e9quentes brimades et d&rsquo;accusations de harc\u00e8lement sexuel au niveau des activit\u00e9s de l&rsquo;entreprise chez Hunter Valley Coal,&rdquo; a indiqu\u00e9 le Secr\u00e9taire g\u00e9n\u00e9ral de la section Mines et \u00c9nergie du CFMEU, qui occupe aussi la pr\u00e9sidence de la section des Mines d&rsquo;IndustriALL, Andrew Vickers.<\/p><p>&ldquo;Au lieu de cela, Rio Tinto s&rsquo;est seulement d\u00e9clar\u00e9e \u00eatre dispos\u00e9e \u00e0 discuter si nous acceptions son ultimatum de mettre fin \u00e0 notre campagne. L&rsquo;entreprise crie sur tous les toits qu&rsquo;elle a la volont\u00e9 de travailler avec les parties prenantes d&rsquo;importance, comme les syndicats, mais le message qu&rsquo;on nous envoie est plut\u00f4t &ldquo;comme je dis, sinon rien&rdquo;.&rdquo;<\/p><p>&ldquo;L&rsquo;attitude de Rio Tinto au Labrador (Canada), est mauvaise pour ses affaires et mauvaise pour les travailleurs. Il y a 2.300 dol\u00e9ances en cours qui d\u00e9moralisent les travailleurs et travailleuses et la direction locale refuse de collaborer avec le syndicat pour les r\u00e9sorber,&rdquo; a indiqu\u00e9 Euclid Hache, repr\u00e9sentant des M\u00e9tallos USW.<\/p><p>&ldquo;Nous esp\u00e9rions que la direction g\u00e9n\u00e9rale de Rio Tinto collaborerait avec nous pour trouver le chemin de relations sociales moins conflictuelles au Labrador. Au lieu de cela, elle a rejet\u00e9 le dialogue et a choisi l&rsquo;escalade dans le conflit.&rdquo;<\/p><p>&ldquo;Malheureusement, cela ne m&rsquo;a pas surprise,&rdquo; a confi\u00e9 la Secr\u00e9taire du Conseil d&rsquo;Entreprise Europ\u00e9en de Rio Tinto, V\u00e9ronique Roche. &ldquo;Rio Tinto a pour habitude de n\u00e9gliger de dialoguer avec respect avec ses salari\u00e9s europ\u00e9ens et leurs syndicats.&rdquo;<\/p><p>&ldquo;Au cours de l&rsquo;ann\u00e9e \u00e9coul\u00e9e, IndustriALL a men\u00e9 une campagne pour exposer au grand jour le foss\u00e9 qui existe entre les d\u00e9clarations de Rio Tinto sur la durabilit\u00e9 et ses pratiques r\u00e9elles. Notre but, comme nous l&rsquo;avons clairement fait savoir au cours de campagne, est de convaincre Rio Tinto de vivre selon ses principes. Cela ferait de cette entreprise un acteur \u00e9conomique plus florissant et serait bon pour l&rsquo;ensemble des parties prenantes qui la compose,&rdquo; a d\u00e9clar\u00e9 le Secr\u00e9taire g\u00e9n\u00e9ral adjoint d&rsquo;IndustriALL Kemal \u00d6zkan.<\/p><blockquote><p>Malheureusement, la campagne n&rsquo;a pas encore atteint cet objectif, comme l&rsquo;a d\u00e9montr\u00e9 la direction g\u00e9n\u00e9rale de Rio Tinto en refusant de poursuivre le dialogue avec nous. Nous allons d\u00e8s lors redoubler d&rsquo;efforts.<\/p><\/blockquote>","protected":false},"featured_media":0,"template":"","issues":[406,410],"companies":[],"regions":[248],"sectors":[495],"article_tags":[],"class_list":["post-151693","article","type-article","status-publish","hentry","issues-confronting-global-capital","issues-rio-tinto","regions-switzerland","sectors-mining"],"acf":[],"yoast_head":"<!-- This site is optimized with the Yoast SEO Premium plugin v27.1 (Yoast SEO v27.1) - https:\/\/yoast.com\/product\/yoast-seo-premium-wordpress\/ -->\n<title>Rio Tinto cherche la confrontation avec les syndicats lors d\u2019une r\u00e9union internationale - industriall-union<\/title>\n<meta name=\"description\" content=\"La r\u00e9union se d\u00e9roulait dans les bureaux de Rio Tinto \u00e0 Zurich le 6 f\u00e9vrier dernier. Elle avait \u00e9t\u00e9 convenue entre un membre du Comit\u00e9 ex\u00e9cutif de Rio\" \/>\n<meta name=\"robots\" content=\"index, follow, max-snippet:-1, max-image-preview:large, max-video-preview:-1\" \/>\n<link rel=\"canonical\" href=\"https:\/\/admin.industriall-union.org\/fr\/rio-tinto-cherche-la-confrontation-avec-les-syndicats-lors-d-une-reunion-internationale\/\" \/>\n<meta property=\"og:locale\" content=\"fr_FR\" \/>\n<meta property=\"og:type\" content=\"article\" \/>\n<meta property=\"og:title\" content=\"Rio Tinto cherche la confrontation avec les syndicats lors d\u2019une r\u00e9union internationale\" \/>\n<meta property=\"og:description\" content=\"La r\u00e9union se d\u00e9roulait dans les bureaux de Rio Tinto \u00e0 Zurich le 6 f\u00e9vrier dernier. Elle avait \u00e9t\u00e9 convenue entre un membre du Comit\u00e9 ex\u00e9cutif de Rio\" \/>\n<meta property=\"og:url\" content=\"https:\/\/admin.industriall-union.org\/fr\/rio-tinto-cherche-la-confrontation-avec-les-syndicats-lors-d-une-reunion-internationale\/\" \/>\n<meta property=\"og:site_name\" content=\"industriall-union\" \/>\n<meta property=\"article:modified_time\" content=\"2025-02-07T16:49:31+00:00\" \/>\n<meta name=\"twitter:card\" content=\"summary_large_image\" \/>\n<meta name=\"twitter:label1\" content=\"Est. reading time\" \/>\n\t<meta name=\"twitter:data1\" content=\"3 minutes\" \/>\n<script type=\"application\/ld+json\" class=\"yoast-schema-graph\">{\"@context\":\"https:\/\/schema.org\",\"@graph\":[{\"@type\":\"WebPage\",\"@id\":\"https:\/\/admin.industriall-union.org\/fr\/rio-tinto-cherche-la-confrontation-avec-les-syndicats-lors-d-une-reunion-internationale\/\",\"url\":\"https:\/\/admin.industriall-union.org\/fr\/rio-tinto-cherche-la-confrontation-avec-les-syndicats-lors-d-une-reunion-internationale\/\",\"name\":\"Rio Tinto cherche la confrontation avec les syndicats lors d\u2019une r\u00e9union internationale - industriall-union\",\"isPartOf\":{\"@id\":\"https:\/\/admin.industriall-union.org\/#website\"},\"datePublished\":\"2015-02-23T14:25:50+00:00\",\"dateModified\":\"2025-02-07T16:49:31+00:00\",\"description\":\"La r\u00e9union se d\u00e9roulait dans les bureaux de Rio Tinto \u00e0 Zurich le 6 f\u00e9vrier dernier. Elle avait \u00e9t\u00e9 convenue entre un membre du Comit\u00e9 ex\u00e9cutif de Rio\",\"breadcrumb\":{\"@id\":\"https:\/\/admin.industriall-union.org\/fr\/rio-tinto-cherche-la-confrontation-avec-les-syndicats-lors-d-une-reunion-internationale\/#breadcrumb\"},\"inLanguage\":\"fr-FR\",\"potentialAction\":[{\"@type\":\"ReadAction\",\"target\":[\"https:\/\/admin.industriall-union.org\/fr\/rio-tinto-cherche-la-confrontation-avec-les-syndicats-lors-d-une-reunion-internationale\/\"]}]},{\"@type\":\"BreadcrumbList\",\"@id\":\"https:\/\/admin.industriall-union.org\/fr\/rio-tinto-cherche-la-confrontation-avec-les-syndicats-lors-d-une-reunion-internationale\/#breadcrumb\",\"itemListElement\":[{\"@type\":\"ListItem\",\"position\":1,\"name\":\"Home\",\"item\":\"https:\/\/admin.industriall-union.org\/\"},{\"@type\":\"ListItem\",\"position\":2,\"name\":\"Articles\",\"item\":\"https:\/\/admin.industriall-union.org\/article\/\"},{\"@type\":\"ListItem\",\"position\":3,\"name\":\"Rio Tinto cherche la confrontation avec les syndicats lors d\u2019une r\u00e9union internationale\"}]},{\"@type\":\"WebSite\",\"@id\":\"https:\/\/admin.industriall-union.org\/#website\",\"url\":\"https:\/\/admin.industriall-union.org\/\",\"name\":\"industriall-union\",\"description\":\"\",\"potentialAction\":[{\"@type\":\"SearchAction\",\"target\":{\"@type\":\"EntryPoint\",\"urlTemplate\":\"https:\/\/admin.industriall-union.org\/?s={search_term_string}\"},\"query-input\":{\"@type\":\"PropertyValueSpecification\",\"valueRequired\":true,\"valueName\":\"search_term_string\"}}],\"inLanguage\":\"fr-FR\"}]}<\/script>\n<!-- \/ Yoast SEO Premium plugin. -->","yoast_head_json":{"title":"Rio Tinto cherche la confrontation avec les syndicats lors d\u2019une r\u00e9union internationale - industriall-union","description":"La r\u00e9union se d\u00e9roulait dans les bureaux de Rio Tinto \u00e0 Zurich le 6 f\u00e9vrier dernier. Elle avait \u00e9t\u00e9 convenue entre un membre du Comit\u00e9 ex\u00e9cutif de Rio","robots":{"index":"index","follow":"follow","max-snippet":"max-snippet:-1","max-image-preview":"max-image-preview:large","max-video-preview":"max-video-preview:-1"},"canonical":"https:\/\/admin.industriall-union.org\/fr\/rio-tinto-cherche-la-confrontation-avec-les-syndicats-lors-d-une-reunion-internationale\/","og_locale":"fr_FR","og_type":"article","og_title":"Rio Tinto cherche la confrontation avec les syndicats lors d\u2019une r\u00e9union internationale","og_description":"La r\u00e9union se d\u00e9roulait dans les bureaux de Rio Tinto \u00e0 Zurich le 6 f\u00e9vrier dernier. Elle avait \u00e9t\u00e9 convenue entre un membre du Comit\u00e9 ex\u00e9cutif de Rio","og_url":"https:\/\/admin.industriall-union.org\/fr\/rio-tinto-cherche-la-confrontation-avec-les-syndicats-lors-d-une-reunion-internationale\/","og_site_name":"industriall-union","article_modified_time":"2025-02-07T16:49:31+00:00","twitter_card":"summary_large_image","twitter_misc":{"Est. reading time":"3 minutes"},"schema":{"@context":"https:\/\/schema.org","@graph":[{"@type":"WebPage","@id":"https:\/\/admin.industriall-union.org\/fr\/rio-tinto-cherche-la-confrontation-avec-les-syndicats-lors-d-une-reunion-internationale\/","url":"https:\/\/admin.industriall-union.org\/fr\/rio-tinto-cherche-la-confrontation-avec-les-syndicats-lors-d-une-reunion-internationale\/","name":"Rio Tinto cherche la confrontation avec les syndicats lors d\u2019une r\u00e9union internationale - industriall-union","isPartOf":{"@id":"https:\/\/admin.industriall-union.org\/#website"},"datePublished":"2015-02-23T14:25:50+00:00","dateModified":"2025-02-07T16:49:31+00:00","description":"La r\u00e9union se d\u00e9roulait dans les bureaux de Rio Tinto \u00e0 Zurich le 6 f\u00e9vrier dernier. Elle avait \u00e9t\u00e9 convenue entre un membre du Comit\u00e9 ex\u00e9cutif de Rio","breadcrumb":{"@id":"https:\/\/admin.industriall-union.org\/fr\/rio-tinto-cherche-la-confrontation-avec-les-syndicats-lors-d-une-reunion-internationale\/#breadcrumb"},"inLanguage":"fr-FR","potentialAction":[{"@type":"ReadAction","target":["https:\/\/admin.industriall-union.org\/fr\/rio-tinto-cherche-la-confrontation-avec-les-syndicats-lors-d-une-reunion-internationale\/"]}]},{"@type":"BreadcrumbList","@id":"https:\/\/admin.industriall-union.org\/fr\/rio-tinto-cherche-la-confrontation-avec-les-syndicats-lors-d-une-reunion-internationale\/#breadcrumb","itemListElement":[{"@type":"ListItem","position":1,"name":"Home","item":"https:\/\/admin.industriall-union.org\/"},{"@type":"ListItem","position":2,"name":"Articles","item":"https:\/\/admin.industriall-union.org\/article\/"},{"@type":"ListItem","position":3,"name":"Rio Tinto cherche la confrontation avec les syndicats lors d\u2019une r\u00e9union internationale"}]},{"@type":"WebSite","@id":"https:\/\/admin.industriall-union.org\/#website","url":"https:\/\/admin.industriall-union.org\/","name":"industriall-union","description":"","potentialAction":[{"@type":"SearchAction","target":{"@type":"EntryPoint","urlTemplate":"https:\/\/admin.industriall-union.org\/?s={search_term_string}"},"query-input":{"@type":"PropertyValueSpecification","valueRequired":true,"valueName":"search_term_string"}}],"inLanguage":"fr-FR"}]}},"_links":{"self":[{"href":"https:\/\/admin.industriall-union.org\/fr\/wp-json\/wp\/v2\/article\/151693","targetHints":{"allow":["GET"]}}],"collection":[{"href":"https:\/\/admin.industriall-union.org\/fr\/wp-json\/wp\/v2\/article"}],"about":[{"href":"https:\/\/admin.industriall-union.org\/fr\/wp-json\/wp\/v2\/types\/article"}],"wp:attachment":[{"href":"https:\/\/admin.industriall-union.org\/fr\/wp-json\/wp\/v2\/media?parent=151693"}],"wp:term":[{"taxonomy":"issues","embeddable":true,"href":"https:\/\/admin.industriall-union.org\/fr\/wp-json\/wp\/v2\/issues?post=151693"},{"taxonomy":"companies","embeddable":true,"href":"https:\/\/admin.industriall-union.org\/fr\/wp-json\/wp\/v2\/companies?post=151693"},{"taxonomy":"regions","embeddable":true,"href":"https:\/\/admin.industriall-union.org\/fr\/wp-json\/wp\/v2\/regions?post=151693"},{"taxonomy":"sectors","embeddable":true,"href":"https:\/\/admin.industriall-union.org\/fr\/wp-json\/wp\/v2\/sectors?post=151693"},{"taxonomy":"article_tags","embeddable":true,"href":"https:\/\/admin.industriall-union.org\/fr\/wp-json\/wp\/v2\/article_tags?post=151693"}],"curies":[{"name":"wp","href":"https:\/\/api.w.org\/{rel}","templated":true}]}}