{"id":151687,"date":"2015-02-26T14:35:46","date_gmt":"2015-02-26T14:35:46","guid":{"rendered":"https:\/\/admin.industriall-union.org\/le-droit-de-greve-confirme-a-l-oit\/"},"modified":"2025-02-07T16:48:23","modified_gmt":"2025-02-07T16:48:23","slug":"le-droit-de-greve-confirme-a-l-oit","status":"publish","type":"article","link":"https:\/\/admin.industriall-union.org\/fr\/le-droit-de-greve-confirme-a-l-oit\/","title":{"rendered":"Le droit de gr\u00e8ve confirm\u00e9 \u00e0 l\u2019OIT"},"content":{"rendered":"<p>Une <a href=\"http:\/\/www.ilo.org\/gb\/events\/WCMS_346765\/lang--fr\/index.htm\">d\u00e9claration commune<\/a> des groupes des employeurs et des travailleurs affirme que le droit de mener des actions de gr\u00e8ve est reconnu par l&rsquo;OIT.<\/p><p>Ce cessez-le-feu bilat\u00e9ral met un avant une s\u00e9rie de propositions qui mettent fin au blocage qui laiss\u00e9 l&rsquo;OIT dans une impasse depuis 2012.<\/p><p>Ces propositions seront maintenant pr\u00e9sent\u00e9es pour approbation au Conseil d&rsquo;Administration de l&rsquo;OIT en mars.<\/p><p>Les groupes des employeurs ont remis en cause le droit de gr\u00e8ve parce qu&rsquo;il n&rsquo;est pas explicitement pr\u00e9sent au sein de la Convention 87 de l&rsquo;OIT, bien que pendant des ann\u00e9es il a \u00e9t\u00e9 accept\u00e9 de mani\u00e8re universelle aussi bien par les gouvernements, les travailleurs que les employeurs.<\/p><p>Mais ceci a conduit \u00e0 ce que des cas de violations graves de droits du travail dans de nombreux pays ne soient pas trait\u00e9es par l&rsquo;OIT en raison du fait que le groupe des employeurs campait sur ses positions.<\/p><p>La d\u00e9claration fait suite \u00e0 une <a href=\"http:\/\/www.industriall-union.org\/fr\/ne-touchez-pas-a-notre-droit-de-greve\">journ\u00e9e mondiale de protestation<\/a> pour d\u00e9fendre le droit de gr\u00e8ve de la part des f\u00e9d\u00e9rations syndicales ce 18 f\u00e9vrier, qui a impliqu\u00e9 plus d&rsquo;une centaine d&rsquo;actions men\u00e9es dans plus de 60 pays, avec la participation d&rsquo;affili\u00e9s d&rsquo;IndustriALL. Ces protestations \u00e9taient destin\u00e9es \u00e0 mettre la pression \u00e0 la fois sur les gouvernements et les employeurs au niveau de l&rsquo;OIT.<\/p><p>De mani\u00e8re significative, le Groupe gouvernemental, qui avait \u00e9t\u00e9 auparavant divis\u00e9 sur la question, a soutenu avec force le droit de gr\u00e8ve lors de la r\u00e9union de f\u00e9vrier. Dans une d\u00e9claration lors des d\u00e9bats, il a indiqu\u00e9&nbsp;:<\/p><p>&ldquo;Le groupe gouvernemental reconna\u00eet que le droit de gr\u00e8ve est li\u00e9 \u00e0 la libert\u00e9 syndicale, qui est un principe et droit fondamental au travail de l&rsquo;OIT. Il reconna\u00eet en outre express\u00e9ment que, sans protection de ce droit de gr\u00e8ve, la libert\u00e9 syndicale et, en particulier, le droit d&rsquo;organiser des activit\u00e9s pour promouvoir et prot\u00e9ger les int\u00e9r\u00eats des travailleurs ne peuvent \u00eatre pleinement garantis.&rdquo;<\/p><p>Jyrki Raina, Secr\u00e9taire g\u00e9n\u00e9ral d&rsquo;IndustriALL a d\u00e9clar\u00e9&nbsp;:<\/p><blockquote><p>La reconnaissance par les employeurs du droit de gr\u00e8ve est un tr\u00e8s positif pas en avant. Il faut en donner le cr\u00e9dit \u00e0 nos affili\u00e9s qui se sont battus avec force pour la d\u00e9fense de ce droit fondamental. Cependant, la bataille n&rsquo;est pas gagn\u00e9e. Nous devons rester vigilants et nous assurer que les employeurs ne prennent pas \u00e0 nouveau en otage le droit de gr\u00e8ve.<\/p><\/blockquote>","protected":false},"featured_media":0,"template":"","issues":[406],"companies":[],"regions":[],"sectors":[],"article_tags":[529],"class_list":["post-151687","article","type-article","status-publish","hentry","issues-confronting-global-capital","article_tags-strike"],"acf":[],"yoast_head":"<!-- This site is optimized with the Yoast SEO Premium plugin v27.1 (Yoast SEO v27.1) - https:\/\/yoast.com\/product\/yoast-seo-premium-wordpress\/ -->\n<title>Le droit de gr\u00e8ve confirm\u00e9 \u00e0 l\u2019OIT - industriall-union<\/title>\n<meta name=\"description\" content=\"Une d\u00e9claration commune des groupes des employeurs et des travailleurs affirme que le droit de mener des actions de gr\u00e8ve est reconnu par l&rsquo;OIT.Ce\" \/>\n<meta name=\"robots\" content=\"index, follow, max-snippet:-1, max-image-preview:large, max-video-preview:-1\" \/>\n<link rel=\"canonical\" href=\"https:\/\/admin.industriall-union.org\/fr\/le-droit-de-greve-confirme-a-l-oit\/\" \/>\n<meta property=\"og:locale\" content=\"fr_FR\" \/>\n<meta property=\"og:type\" content=\"article\" \/>\n<meta property=\"og:title\" content=\"Le droit de gr\u00e8ve confirm\u00e9 \u00e0 l\u2019OIT\" \/>\n<meta property=\"og:description\" content=\"Une d\u00e9claration commune des groupes des employeurs et des travailleurs affirme que le droit de mener des actions de gr\u00e8ve est reconnu par l&rsquo;OIT.Ce\" \/>\n<meta property=\"og:url\" content=\"https:\/\/admin.industriall-union.org\/fr\/le-droit-de-greve-confirme-a-l-oit\/\" \/>\n<meta property=\"og:site_name\" content=\"industriall-union\" \/>\n<meta property=\"article:modified_time\" content=\"2025-02-07T16:48:23+00:00\" \/>\n<meta name=\"twitter:card\" content=\"summary_large_image\" \/>\n<meta name=\"twitter:label1\" content=\"Est. reading time\" \/>\n\t<meta name=\"twitter:data1\" content=\"2 minutes\" \/>\n<script type=\"application\/ld+json\" class=\"yoast-schema-graph\">{\"@context\":\"https:\/\/schema.org\",\"@graph\":[{\"@type\":\"WebPage\",\"@id\":\"https:\/\/admin.industriall-union.org\/fr\/le-droit-de-greve-confirme-a-l-oit\/\",\"url\":\"https:\/\/admin.industriall-union.org\/fr\/le-droit-de-greve-confirme-a-l-oit\/\",\"name\":\"Le droit de gr\u00e8ve confirm\u00e9 \u00e0 l\u2019OIT - industriall-union\",\"isPartOf\":{\"@id\":\"https:\/\/admin.industriall-union.org\/#website\"},\"datePublished\":\"2015-02-26T14:35:46+00:00\",\"dateModified\":\"2025-02-07T16:48:23+00:00\",\"description\":\"Une d\u00e9claration commune des groupes des employeurs et des travailleurs affirme que le droit de mener des actions de gr\u00e8ve est reconnu par l&rsquo;OIT.Ce\",\"breadcrumb\":{\"@id\":\"https:\/\/admin.industriall-union.org\/fr\/le-droit-de-greve-confirme-a-l-oit\/#breadcrumb\"},\"inLanguage\":\"fr-FR\",\"potentialAction\":[{\"@type\":\"ReadAction\",\"target\":[\"https:\/\/admin.industriall-union.org\/fr\/le-droit-de-greve-confirme-a-l-oit\/\"]}]},{\"@type\":\"BreadcrumbList\",\"@id\":\"https:\/\/admin.industriall-union.org\/fr\/le-droit-de-greve-confirme-a-l-oit\/#breadcrumb\",\"itemListElement\":[{\"@type\":\"ListItem\",\"position\":1,\"name\":\"Home\",\"item\":\"https:\/\/admin.industriall-union.org\/\"},{\"@type\":\"ListItem\",\"position\":2,\"name\":\"Articles\",\"item\":\"https:\/\/admin.industriall-union.org\/article\/\"},{\"@type\":\"ListItem\",\"position\":3,\"name\":\"Le droit de gr\u00e8ve confirm\u00e9 \u00e0 l\u2019OIT\"}]},{\"@type\":\"WebSite\",\"@id\":\"https:\/\/admin.industriall-union.org\/#website\",\"url\":\"https:\/\/admin.industriall-union.org\/\",\"name\":\"industriall-union\",\"description\":\"\",\"potentialAction\":[{\"@type\":\"SearchAction\",\"target\":{\"@type\":\"EntryPoint\",\"urlTemplate\":\"https:\/\/admin.industriall-union.org\/?s={search_term_string}\"},\"query-input\":{\"@type\":\"PropertyValueSpecification\",\"valueRequired\":true,\"valueName\":\"search_term_string\"}}],\"inLanguage\":\"fr-FR\"}]}<\/script>\n<!-- \/ Yoast SEO Premium plugin. -->","yoast_head_json":{"title":"Le droit de gr\u00e8ve confirm\u00e9 \u00e0 l\u2019OIT - industriall-union","description":"Une d\u00e9claration commune des groupes des employeurs et des travailleurs affirme que le droit de mener des actions de gr\u00e8ve est reconnu par l&rsquo;OIT.Ce","robots":{"index":"index","follow":"follow","max-snippet":"max-snippet:-1","max-image-preview":"max-image-preview:large","max-video-preview":"max-video-preview:-1"},"canonical":"https:\/\/admin.industriall-union.org\/fr\/le-droit-de-greve-confirme-a-l-oit\/","og_locale":"fr_FR","og_type":"article","og_title":"Le droit de gr\u00e8ve confirm\u00e9 \u00e0 l\u2019OIT","og_description":"Une d\u00e9claration commune des groupes des employeurs et des travailleurs affirme que le droit de mener des actions de gr\u00e8ve est reconnu par l&rsquo;OIT.Ce","og_url":"https:\/\/admin.industriall-union.org\/fr\/le-droit-de-greve-confirme-a-l-oit\/","og_site_name":"industriall-union","article_modified_time":"2025-02-07T16:48:23+00:00","twitter_card":"summary_large_image","twitter_misc":{"Est. reading time":"2 minutes"},"schema":{"@context":"https:\/\/schema.org","@graph":[{"@type":"WebPage","@id":"https:\/\/admin.industriall-union.org\/fr\/le-droit-de-greve-confirme-a-l-oit\/","url":"https:\/\/admin.industriall-union.org\/fr\/le-droit-de-greve-confirme-a-l-oit\/","name":"Le droit de gr\u00e8ve confirm\u00e9 \u00e0 l\u2019OIT - industriall-union","isPartOf":{"@id":"https:\/\/admin.industriall-union.org\/#website"},"datePublished":"2015-02-26T14:35:46+00:00","dateModified":"2025-02-07T16:48:23+00:00","description":"Une d\u00e9claration commune des groupes des employeurs et des travailleurs affirme que le droit de mener des actions de gr\u00e8ve est reconnu par l&rsquo;OIT.Ce","breadcrumb":{"@id":"https:\/\/admin.industriall-union.org\/fr\/le-droit-de-greve-confirme-a-l-oit\/#breadcrumb"},"inLanguage":"fr-FR","potentialAction":[{"@type":"ReadAction","target":["https:\/\/admin.industriall-union.org\/fr\/le-droit-de-greve-confirme-a-l-oit\/"]}]},{"@type":"BreadcrumbList","@id":"https:\/\/admin.industriall-union.org\/fr\/le-droit-de-greve-confirme-a-l-oit\/#breadcrumb","itemListElement":[{"@type":"ListItem","position":1,"name":"Home","item":"https:\/\/admin.industriall-union.org\/"},{"@type":"ListItem","position":2,"name":"Articles","item":"https:\/\/admin.industriall-union.org\/article\/"},{"@type":"ListItem","position":3,"name":"Le droit de gr\u00e8ve confirm\u00e9 \u00e0 l\u2019OIT"}]},{"@type":"WebSite","@id":"https:\/\/admin.industriall-union.org\/#website","url":"https:\/\/admin.industriall-union.org\/","name":"industriall-union","description":"","potentialAction":[{"@type":"SearchAction","target":{"@type":"EntryPoint","urlTemplate":"https:\/\/admin.industriall-union.org\/?s={search_term_string}"},"query-input":{"@type":"PropertyValueSpecification","valueRequired":true,"valueName":"search_term_string"}}],"inLanguage":"fr-FR"}]}},"_links":{"self":[{"href":"https:\/\/admin.industriall-union.org\/fr\/wp-json\/wp\/v2\/article\/151687","targetHints":{"allow":["GET"]}}],"collection":[{"href":"https:\/\/admin.industriall-union.org\/fr\/wp-json\/wp\/v2\/article"}],"about":[{"href":"https:\/\/admin.industriall-union.org\/fr\/wp-json\/wp\/v2\/types\/article"}],"wp:attachment":[{"href":"https:\/\/admin.industriall-union.org\/fr\/wp-json\/wp\/v2\/media?parent=151687"}],"wp:term":[{"taxonomy":"issues","embeddable":true,"href":"https:\/\/admin.industriall-union.org\/fr\/wp-json\/wp\/v2\/issues?post=151687"},{"taxonomy":"companies","embeddable":true,"href":"https:\/\/admin.industriall-union.org\/fr\/wp-json\/wp\/v2\/companies?post=151687"},{"taxonomy":"regions","embeddable":true,"href":"https:\/\/admin.industriall-union.org\/fr\/wp-json\/wp\/v2\/regions?post=151687"},{"taxonomy":"sectors","embeddable":true,"href":"https:\/\/admin.industriall-union.org\/fr\/wp-json\/wp\/v2\/sectors?post=151687"},{"taxonomy":"article_tags","embeddable":true,"href":"https:\/\/admin.industriall-union.org\/fr\/wp-json\/wp\/v2\/article_tags?post=151687"}],"curies":[{"name":"wp","href":"https:\/\/api.w.org\/{rel}","templated":true}]}}