{"id":151671,"date":"2015-03-05T10:34:12","date_gmt":"2015-03-05T10:34:12","guid":{"rendered":"https:\/\/admin.industriall-union.org\/le-bilan-des-morts-s-alourdit-a-la-mine-de-donetsk\/"},"modified":"2025-02-07T16:33:42","modified_gmt":"2025-02-07T16:33:42","slug":"le-bilan-des-morts-s-alourdit-a-la-mine-de-donetsk","status":"publish","type":"article","link":"https:\/\/admin.industriall-union.org\/fr\/le-bilan-des-morts-s-alourdit-a-la-mine-de-donetsk\/","title":{"rendered":"Le bilan des morts s\u2019alourdit \u00e0 la mine de Donetsk"},"content":{"rendered":"<p><strong>***DERNI\u00c8RES NOUVELLES*** Ce 5 mars \u00e0 19h00, les op\u00e9rations de sauvetage ont \u00e9t\u00e9 arr\u00eat\u00e9es apr\u00e8s que le dernier corps des 33 mineurs tu\u00e9s dans le coup de grisou a \u00e9t\u00e9 localis\u00e9 et remont\u00e9 \u00e0 la surface de la mine de Zasyadko.<\/strong><\/p><p>On avait appris que les op\u00e9rations de secours avaient \u00e9t\u00e9 suspendues en raison de la panne du syst\u00e8me de ventilation et de la pr\u00e9sence d&rsquo;un niveau \u00e9lev\u00e9 de m\u00e9thane qui aurait pu conduire \u00e0 un nouveau coup de grisou dans le m\u00eame secteur.<\/p><p>D\u00e8s que le syst\u00e8me de ventilation des puits a \u00e9t\u00e9 r\u00e9par\u00e9, les op\u00e9rations de sauvetage ont repris et la recherche des mineurs qui manquent \u00e0 l&rsquo;appel se poursuit.<\/p><p>Un coup de grisou \u00e0 1.230 m\u00e8tres de profondeur est survenu dans la mine de Zasyadko t\u00f4t dans la matin\u00e9e du 4 mars. Selon Mikhail Volynets, Pr\u00e9sident du Syndicat ind\u00e9pendant des Mineurs d&rsquo;Ukraine, un affili\u00e9 d&rsquo;IndustriALL, 16 mineurs ont \u00e9t\u00e9 bless\u00e9s et dirig\u00e9s vers les h\u00f4pitaux, cinq d&rsquo;entre eux souffrant de br\u00fblures.<\/p><p>Viktor Turmanov, du Syndicat des ouvriers mineurs des charbonnages d&rsquo;Ukraine a r\u00e9v\u00e9l\u00e9 que &ldquo;Onze brigades de secouristes ukrainiens ont \u00e9t\u00e9 d\u00e9p\u00each\u00e9es sur les lieux au d\u00e9part des territoires contr\u00f4l\u00e9s par le gouvernement ukrainien mais l&rsquo;acc\u00e8s \u00e0 la mine, situ\u00e9e dans la province de Donetsk, leur a \u00e9t\u00e9 refus\u00e9. Les autorit\u00e9s de la province se sont d\u00e9clar\u00e9es aptes \u00e0 proc\u00e9der au sauvetage des victimes par leurs propres moyens.&rdquo;<\/p><p>Cependant, comme l&rsquo;explique Mikhail Volynets, &ldquo;Les \u00e9quipes de secours de la mine disposent de peu de moyens et n&rsquo;ont pas la capacit\u00e9 de mener \u00e0 bien leurs t\u00e2ches efficacement et int\u00e9gralement.&rdquo;<\/p><p>Kemal \u00d6zkan, Secr\u00e9taire g\u00e9n\u00e9ral adjoint d&rsquo;IndustriALL d\u00e9clare&nbsp;:<\/p><blockquote><p>Nous pr\u00e9sentons nos plus sinc\u00e8res condol\u00e9ances aux familles des victimes et avons une pens\u00e9e pour les bless\u00e9s. Nous comptons bien qu&rsquo;une enqu\u00eate digne de ce nom sera men\u00e9e et que les conclusions qui s&rsquo;imposent seront tir\u00e9es de cette douloureuse trag\u00e9die. Il est \u00e9vident, au vu du bilan d\u00e9sastreux de cette mine en particulier et du terrible tribut vers\u00e9 en vies humaines, qu&rsquo;il faut accorder \u00e0 la sant\u00e9 et la s\u00e9curit\u00e9 une supr\u00eame importance. L&rsquo;employeur et les autorit\u00e9s doivent prendre \u00e0 leur charge cette responsabilit\u00e9 et offrir des conditions de travail s\u00fbres et saines. Aucun mineur ne devrait ainsi \u00eatre envoy\u00e9 \u00e0 la mort&nbsp;!&rdquo;<\/p><\/blockquote><p>La mine de Zasyadko est connue depuis des ann\u00e9es pour ses mauvaises conditions de s\u00e9curit\u00e9. En 2007, elle avait \u00e9t\u00e9 le th\u00e9\u00e2tre de la pire catastrophe mini\u00e8re d&rsquo;Ukraine, qui a fait plus de cent morts. Avant cela, en 1999, quelque 50 mineurs avaient perdu la vie dans une explosion. En 2001, 55 autres mineurs avaient p\u00e9ris, 20 en 2002 et 13 en 2006 avaient encore perdu la vie.<\/p>","protected":false},"featured_media":0,"template":"","issues":[],"companies":[],"regions":[],"sectors":[],"article_tags":[],"class_list":["post-151671","article","type-article","status-publish","hentry"],"acf":[],"yoast_head":"<!-- This site is optimized with the Yoast SEO Premium plugin v27.1 (Yoast SEO v27.1) - https:\/\/yoast.com\/product\/yoast-seo-premium-wordpress\/ -->\n<title>Le bilan des morts s\u2019alourdit \u00e0 la mine de Donetsk - industriall-union<\/title>\n<meta name=\"description\" content=\"***DERNI\u00c8RES NOUVELLES*** Ce 5 mars \u00e0 19h00, les op\u00e9rations de sauvetage ont \u00e9t\u00e9 arr\u00eat\u00e9es apr\u00e8s que le dernier corps des 33 mineurs tu\u00e9s dans le coup de\" \/>\n<meta name=\"robots\" content=\"index, follow, max-snippet:-1, max-image-preview:large, max-video-preview:-1\" \/>\n<link rel=\"canonical\" href=\"https:\/\/admin.industriall-union.org\/fr\/le-bilan-des-morts-s-alourdit-a-la-mine-de-donetsk\/\" \/>\n<meta property=\"og:locale\" content=\"fr_FR\" \/>\n<meta property=\"og:type\" content=\"article\" \/>\n<meta property=\"og:title\" content=\"Le bilan des morts s\u2019alourdit \u00e0 la mine de Donetsk\" \/>\n<meta property=\"og:description\" content=\"***DERNI\u00c8RES NOUVELLES*** Ce 5 mars \u00e0 19h00, les op\u00e9rations de sauvetage ont \u00e9t\u00e9 arr\u00eat\u00e9es apr\u00e8s que le dernier corps des 33 mineurs tu\u00e9s dans le coup de\" \/>\n<meta property=\"og:url\" content=\"https:\/\/admin.industriall-union.org\/fr\/le-bilan-des-morts-s-alourdit-a-la-mine-de-donetsk\/\" \/>\n<meta property=\"og:site_name\" content=\"industriall-union\" \/>\n<meta property=\"article:modified_time\" content=\"2025-02-07T16:33:42+00:00\" \/>\n<meta name=\"twitter:card\" content=\"summary_large_image\" \/>\n<meta name=\"twitter:label1\" content=\"Est. reading time\" \/>\n\t<meta name=\"twitter:data1\" content=\"3 minutes\" \/>\n<script type=\"application\/ld+json\" class=\"yoast-schema-graph\">{\"@context\":\"https:\/\/schema.org\",\"@graph\":[{\"@type\":\"WebPage\",\"@id\":\"https:\/\/admin.industriall-union.org\/fr\/le-bilan-des-morts-s-alourdit-a-la-mine-de-donetsk\/\",\"url\":\"https:\/\/admin.industriall-union.org\/fr\/le-bilan-des-morts-s-alourdit-a-la-mine-de-donetsk\/\",\"name\":\"Le bilan des morts s\u2019alourdit \u00e0 la mine de Donetsk - industriall-union\",\"isPartOf\":{\"@id\":\"https:\/\/admin.industriall-union.org\/#website\"},\"datePublished\":\"2015-03-05T10:34:12+00:00\",\"dateModified\":\"2025-02-07T16:33:42+00:00\",\"description\":\"***DERNI\u00c8RES NOUVELLES*** Ce 5 mars \u00e0 19h00, les op\u00e9rations de sauvetage ont \u00e9t\u00e9 arr\u00eat\u00e9es apr\u00e8s que le dernier corps des 33 mineurs tu\u00e9s dans le coup de\",\"breadcrumb\":{\"@id\":\"https:\/\/admin.industriall-union.org\/fr\/le-bilan-des-morts-s-alourdit-a-la-mine-de-donetsk\/#breadcrumb\"},\"inLanguage\":\"fr-FR\",\"potentialAction\":[{\"@type\":\"ReadAction\",\"target\":[\"https:\/\/admin.industriall-union.org\/fr\/le-bilan-des-morts-s-alourdit-a-la-mine-de-donetsk\/\"]}]},{\"@type\":\"BreadcrumbList\",\"@id\":\"https:\/\/admin.industriall-union.org\/fr\/le-bilan-des-morts-s-alourdit-a-la-mine-de-donetsk\/#breadcrumb\",\"itemListElement\":[{\"@type\":\"ListItem\",\"position\":1,\"name\":\"Home\",\"item\":\"https:\/\/admin.industriall-union.org\/\"},{\"@type\":\"ListItem\",\"position\":2,\"name\":\"Articles\",\"item\":\"https:\/\/admin.industriall-union.org\/article\/\"},{\"@type\":\"ListItem\",\"position\":3,\"name\":\"Le bilan des morts s\u2019alourdit \u00e0 la mine de Donetsk\"}]},{\"@type\":\"WebSite\",\"@id\":\"https:\/\/admin.industriall-union.org\/#website\",\"url\":\"https:\/\/admin.industriall-union.org\/\",\"name\":\"industriall-union\",\"description\":\"\",\"potentialAction\":[{\"@type\":\"SearchAction\",\"target\":{\"@type\":\"EntryPoint\",\"urlTemplate\":\"https:\/\/admin.industriall-union.org\/?s={search_term_string}\"},\"query-input\":{\"@type\":\"PropertyValueSpecification\",\"valueRequired\":true,\"valueName\":\"search_term_string\"}}],\"inLanguage\":\"fr-FR\"}]}<\/script>\n<!-- \/ Yoast SEO Premium plugin. -->","yoast_head_json":{"title":"Le bilan des morts s\u2019alourdit \u00e0 la mine de Donetsk - industriall-union","description":"***DERNI\u00c8RES NOUVELLES*** Ce 5 mars \u00e0 19h00, les op\u00e9rations de sauvetage ont \u00e9t\u00e9 arr\u00eat\u00e9es apr\u00e8s que le dernier corps des 33 mineurs tu\u00e9s dans le coup de","robots":{"index":"index","follow":"follow","max-snippet":"max-snippet:-1","max-image-preview":"max-image-preview:large","max-video-preview":"max-video-preview:-1"},"canonical":"https:\/\/admin.industriall-union.org\/fr\/le-bilan-des-morts-s-alourdit-a-la-mine-de-donetsk\/","og_locale":"fr_FR","og_type":"article","og_title":"Le bilan des morts s\u2019alourdit \u00e0 la mine de Donetsk","og_description":"***DERNI\u00c8RES NOUVELLES*** Ce 5 mars \u00e0 19h00, les op\u00e9rations de sauvetage ont \u00e9t\u00e9 arr\u00eat\u00e9es apr\u00e8s que le dernier corps des 33 mineurs tu\u00e9s dans le coup de","og_url":"https:\/\/admin.industriall-union.org\/fr\/le-bilan-des-morts-s-alourdit-a-la-mine-de-donetsk\/","og_site_name":"industriall-union","article_modified_time":"2025-02-07T16:33:42+00:00","twitter_card":"summary_large_image","twitter_misc":{"Est. reading time":"3 minutes"},"schema":{"@context":"https:\/\/schema.org","@graph":[{"@type":"WebPage","@id":"https:\/\/admin.industriall-union.org\/fr\/le-bilan-des-morts-s-alourdit-a-la-mine-de-donetsk\/","url":"https:\/\/admin.industriall-union.org\/fr\/le-bilan-des-morts-s-alourdit-a-la-mine-de-donetsk\/","name":"Le bilan des morts s\u2019alourdit \u00e0 la mine de Donetsk - industriall-union","isPartOf":{"@id":"https:\/\/admin.industriall-union.org\/#website"},"datePublished":"2015-03-05T10:34:12+00:00","dateModified":"2025-02-07T16:33:42+00:00","description":"***DERNI\u00c8RES NOUVELLES*** Ce 5 mars \u00e0 19h00, les op\u00e9rations de sauvetage ont \u00e9t\u00e9 arr\u00eat\u00e9es apr\u00e8s que le dernier corps des 33 mineurs tu\u00e9s dans le coup de","breadcrumb":{"@id":"https:\/\/admin.industriall-union.org\/fr\/le-bilan-des-morts-s-alourdit-a-la-mine-de-donetsk\/#breadcrumb"},"inLanguage":"fr-FR","potentialAction":[{"@type":"ReadAction","target":["https:\/\/admin.industriall-union.org\/fr\/le-bilan-des-morts-s-alourdit-a-la-mine-de-donetsk\/"]}]},{"@type":"BreadcrumbList","@id":"https:\/\/admin.industriall-union.org\/fr\/le-bilan-des-morts-s-alourdit-a-la-mine-de-donetsk\/#breadcrumb","itemListElement":[{"@type":"ListItem","position":1,"name":"Home","item":"https:\/\/admin.industriall-union.org\/"},{"@type":"ListItem","position":2,"name":"Articles","item":"https:\/\/admin.industriall-union.org\/article\/"},{"@type":"ListItem","position":3,"name":"Le bilan des morts s\u2019alourdit \u00e0 la mine de Donetsk"}]},{"@type":"WebSite","@id":"https:\/\/admin.industriall-union.org\/#website","url":"https:\/\/admin.industriall-union.org\/","name":"industriall-union","description":"","potentialAction":[{"@type":"SearchAction","target":{"@type":"EntryPoint","urlTemplate":"https:\/\/admin.industriall-union.org\/?s={search_term_string}"},"query-input":{"@type":"PropertyValueSpecification","valueRequired":true,"valueName":"search_term_string"}}],"inLanguage":"fr-FR"}]}},"_links":{"self":[{"href":"https:\/\/admin.industriall-union.org\/fr\/wp-json\/wp\/v2\/article\/151671","targetHints":{"allow":["GET"]}}],"collection":[{"href":"https:\/\/admin.industriall-union.org\/fr\/wp-json\/wp\/v2\/article"}],"about":[{"href":"https:\/\/admin.industriall-union.org\/fr\/wp-json\/wp\/v2\/types\/article"}],"wp:attachment":[{"href":"https:\/\/admin.industriall-union.org\/fr\/wp-json\/wp\/v2\/media?parent=151671"}],"wp:term":[{"taxonomy":"issues","embeddable":true,"href":"https:\/\/admin.industriall-union.org\/fr\/wp-json\/wp\/v2\/issues?post=151671"},{"taxonomy":"companies","embeddable":true,"href":"https:\/\/admin.industriall-union.org\/fr\/wp-json\/wp\/v2\/companies?post=151671"},{"taxonomy":"regions","embeddable":true,"href":"https:\/\/admin.industriall-union.org\/fr\/wp-json\/wp\/v2\/regions?post=151671"},{"taxonomy":"sectors","embeddable":true,"href":"https:\/\/admin.industriall-union.org\/fr\/wp-json\/wp\/v2\/sectors?post=151671"},{"taxonomy":"article_tags","embeddable":true,"href":"https:\/\/admin.industriall-union.org\/fr\/wp-json\/wp\/v2\/article_tags?post=151671"}],"curies":[{"name":"wp","href":"https:\/\/api.w.org\/{rel}","templated":true}]}}