{"id":151669,"date":"2015-03-05T11:42:05","date_gmt":"2015-03-05T11:42:05","guid":{"rendered":"https:\/\/admin.industriall-union.org\/union-et-organisation-pour-la-journee-de-la-femme-le-8-mars\/"},"modified":"2025-02-07T16:30:31","modified_gmt":"2025-02-07T16:30:31","slug":"union-et-organisation-pour-la-journee-de-la-femme-le-8-mars","status":"publish","type":"article","link":"https:\/\/admin.industriall-union.org\/fr\/union-et-organisation-pour-la-journee-de-la-femme-le-8-mars\/","title":{"rendered":"Union et organisation pour la Journ\u00e9e de la femme le 8 mars!"},"content":{"rendered":"<p>Nous comm\u00e9morons ce 8 mars la Journ\u00e9e international de la femme dans un contexte de&nbsp; violences qui touchent de plus en plus de femmes dans le monde : femmes victimes de conflits arm\u00e9s et d&rsquo;intol\u00e9rance religieuse &ndash; des conflits qui n&rsquo;ont rien \u00e0 voir avec la religion, au cours desquels les femmes sont utilis\u00e9es comme instruments de guerre.<\/p><p>Ces crises et la poursuite des difficult\u00e9s \u00e9conomiques constituent une menace directe \u00e0 l&rsquo;encontre des droits des femmes et une attaque contre les r\u00e9alisations des femmes. En 2015, les femmes continuent de subir la persistance de la violence, des r\u00f4les traditionnels qui leur sont attribu\u00e9s et des st\u00e9r\u00e9otypes propres aux femmes, de pr\u00e9occupations \u00e9mergentes relevant de l&rsquo;environnement, de l&rsquo;absence d&rsquo;un acc\u00e8s aux services de sant\u00e9 et de l&rsquo;extr\u00e9misme.<\/p><p>Les pr\u00e9jug\u00e9s sociaux, les structures raciales, culturelles, sociales, \u00e9conomiques, religieuses et politiques se repaissent de l&rsquo;exploitation des femmes. Les femmes sont encore vuln\u00e9rables aux violences domestiques et dans la soci\u00e9t\u00e9, ainsi que de l&rsquo;absence de nombreuses protections juridiques comme le cong\u00e9 de maternit\u00e9.<\/p><p>En Europe, l&rsquo;aust\u00e9rit\u00e9 signifie que les allocations de maternit\u00e9 sont supprim\u00e9es et que les progr\u00e8s r\u00e9alis\u00e9s pour encourager les p\u00e8res \u00e0 participer davantage aux t\u00e2ches familiales sont vou\u00e9s \u00e0 l&rsquo;\u00e9chec. Dans de nombreux cas, les femmes ont encore le choix d&rsquo;\u00eatre des m\u00e8res ou des travailleuses.<\/p><p>La r\u00e9gion Asie-Pacifique de IndustriALL a plac\u00e9 ce 8 mars sous le signe de la protection de la maternit\u00e9 pour toutes les femmes, une revendication n\u00e9cessaire en raison de l&rsquo;arriv\u00e9e en nombre toujours plus grand de travailleuses pr\u00e9caires qui ne b\u00e9n\u00e9ficient pas de protection de la maternit\u00e9 quand elles travaillent de mani\u00e8re occasionnelle et dans des conditions informelles.<\/p><p>La n\u00e9gociation collective peut compenser l&rsquo;absence d&rsquo;une l\u00e9gislation favorable aux femmes. Toutefois, les syndicats doivent s&rsquo;assurer que les revendications des femmes ne se trouvent pas compromises dans les n\u00e9gociations par des propositions faites par des hommes. M\u00eame si les femmes constituent une main-d&rsquo;\u0153uvre majoritaire dans des industries comme l&rsquo;\u00e9lectronique et la confection, elles sont loin d&rsquo;\u00eatre repr\u00e9sent\u00e9es convenablement dans les directions syndicales. Cela constitue pour elles un handicap quand il s&rsquo;agit de n\u00e9gocier des hausses salariales et de meilleures conditions de travail.<\/p><p>Christine Olivier, pr\u00e9sidente du comit\u00e9 des femmes de IndustriALL, souligne le v\u00e9ritable d\u00e9fi auquel les femmes sont confront\u00e9es:&nbsp;<\/p><p>&ldquo;La syndicalisation chez les femmes est en moyenne de 40 pour cent, et pourtant les femmes occupent seulement 15 pour cent des postes dans les plus importants centres de d\u00e9cision de leurs organisations. En pourcentage, le taux de participation de la main-d&rsquo;\u0153uvre f\u00e9minine stagne \u00e0 26 points en dessous de celui des hommes. Les femmes continuent de pr\u00e9dominer dans les emplois informels, peu qualifiants, pr\u00e9caires et sous-\u00e9valu\u00e9s. Les salaires des femmes sont en moyenne de quatre \u00e0 36 pour cent inf\u00e9rieurs \u00e0 ceux des hommes. La violence \u00e0 l&rsquo;\u00e9gard des femmes reste un trait par trop tol\u00e9r\u00e9 sur les lieux de travail, en l&rsquo;absence de normes internationales g\u00e9n\u00e9rales permettant leur interdiction sur le plan juridique.&rdquo;<\/p><p>Aux c\u00f4t\u00e9s de la CSI, IndustriALL demande instamment \u00e0 ses organisations affili\u00e9es de faire pression sur les gouvernements pour inscrire une proposition contre la violence \u00e0 l&rsquo;\u00e9gard des femmes \u00e0 l&rsquo;ordre du jour de la prochaine Conf\u00e9rence internationale du Travail de l&rsquo;OIT. Ce point fera l&rsquo;objet d&rsquo;un examen au Conseil d&rsquo;administration de l&rsquo;OIT du 12 au 27 mars 2015. Il est donc urgent de contacter les membres du Conseil d&rsquo;administration et d&rsquo;insister aupr\u00e8s d&rsquo;eux sur la n\u00e9cessit\u00e9 de soutenir cette proposition, et sur l&rsquo;importance d&rsquo;adopter une norme internationale permettant de traiter les cas de violence \u00e0 l&rsquo;encontre des femmes dans le travail.<\/p><p>Malgr\u00e9 l&rsquo;importance de la protection de la maternit\u00e9, les femmes devront encore d\u00e9passer les questions relatives \u00e0 la maternit\u00e9 pour atteindre l&rsquo;\u00e9galit\u00e9 entre femmes et hommes en mati\u00e8re de salaires, de promotions, de rejet des st\u00e9r\u00e9otypes dans le travail et d&rsquo;absence de discrimination.<\/p><p>Monika Kemperle, secr\u00e9taire g\u00e9n\u00e9rale adjointe de IndustriALL, a expliqu\u00e9: &ldquo;Nous sommes convaincus \u00e0 IndustriALL d&rsquo;avoir besoin d&rsquo;un quota pour assurer une repr\u00e9sentation r\u00e9elle des femmes. Un quota peut \u00eatre une mesure temporaire destin\u00e9e \u00e0 rester en place jusqu&rsquo;\u00e0 ce qu&rsquo;elle ne soit plus n\u00e9cessaire. Mais un quota n&rsquo;assurera pas seul la transformation fondamentale de la soci\u00e9t\u00e9 et des syndicats. La transformation de la situation des femmes au travail n&rsquo;aura lieu qu&rsquo;avec une lib\u00e9ration r\u00e9elle et une autonomisation des femmes.&rdquo;<\/p><p>Nous demandons \u00e0 tous nos syndicats affili\u00e9s d&rsquo;entreprendre des actions ce 8 mars et de nous envoyer des photos sur les activit\u00e9s qu&rsquo;ils auront organis\u00e9es.<\/p>","protected":false},"featured_media":0,"template":"","issues":[399,397],"companies":[],"regions":[],"sectors":[],"article_tags":[512,1701],"class_list":["post-151669","article","type-article","status-publish","hentry","issues-union-building","issues-women","article_tags-international-womens-day","article_tags-international-womens-day-fr"],"acf":[],"yoast_head":"<!-- This site is optimized with the Yoast SEO Premium plugin v27.1 (Yoast SEO v27.1) - https:\/\/yoast.com\/product\/yoast-seo-premium-wordpress\/ -->\n<title>Union et organisation pour la Journ\u00e9e de la femme le 8 mars! - industriall-union<\/title>\n<meta name=\"description\" content=\"Nous comm\u00e9morons ce 8 mars la Journ\u00e9e international de la femme dans un contexte de&nbsp; violences qui touchent de plus en plus de femmes dans le monde :\" \/>\n<meta name=\"robots\" content=\"index, follow, max-snippet:-1, max-image-preview:large, max-video-preview:-1\" \/>\n<link rel=\"canonical\" href=\"https:\/\/admin.industriall-union.org\/fr\/union-et-organisation-pour-la-journee-de-la-femme-le-8-mars\/\" \/>\n<meta property=\"og:locale\" content=\"fr_FR\" \/>\n<meta property=\"og:type\" content=\"article\" \/>\n<meta property=\"og:title\" content=\"Union et organisation pour la Journ\u00e9e de la femme le 8 mars!\" \/>\n<meta property=\"og:description\" content=\"Nous comm\u00e9morons ce 8 mars la Journ\u00e9e international de la femme dans un contexte de&nbsp; violences qui touchent de plus en plus de femmes dans le monde :\" \/>\n<meta property=\"og:url\" content=\"https:\/\/admin.industriall-union.org\/fr\/union-et-organisation-pour-la-journee-de-la-femme-le-8-mars\/\" \/>\n<meta property=\"og:site_name\" content=\"industriall-union\" \/>\n<meta property=\"article:modified_time\" content=\"2025-02-07T16:30:31+00:00\" \/>\n<meta name=\"twitter:card\" content=\"summary_large_image\" \/>\n<meta name=\"twitter:label1\" content=\"Est. reading time\" \/>\n\t<meta name=\"twitter:data1\" content=\"4 minutes\" \/>\n<script type=\"application\/ld+json\" class=\"yoast-schema-graph\">{\"@context\":\"https:\/\/schema.org\",\"@graph\":[{\"@type\":\"WebPage\",\"@id\":\"https:\/\/admin.industriall-union.org\/fr\/union-et-organisation-pour-la-journee-de-la-femme-le-8-mars\/\",\"url\":\"https:\/\/admin.industriall-union.org\/fr\/union-et-organisation-pour-la-journee-de-la-femme-le-8-mars\/\",\"name\":\"Union et organisation pour la Journ\u00e9e de la femme le 8 mars! - industriall-union\",\"isPartOf\":{\"@id\":\"https:\/\/admin.industriall-union.org\/#website\"},\"datePublished\":\"2015-03-05T11:42:05+00:00\",\"dateModified\":\"2025-02-07T16:30:31+00:00\",\"description\":\"Nous comm\u00e9morons ce 8 mars la Journ\u00e9e international de la femme dans un contexte de&nbsp; violences qui touchent de plus en plus de femmes dans le monde :\",\"breadcrumb\":{\"@id\":\"https:\/\/admin.industriall-union.org\/fr\/union-et-organisation-pour-la-journee-de-la-femme-le-8-mars\/#breadcrumb\"},\"inLanguage\":\"fr-FR\",\"potentialAction\":[{\"@type\":\"ReadAction\",\"target\":[\"https:\/\/admin.industriall-union.org\/fr\/union-et-organisation-pour-la-journee-de-la-femme-le-8-mars\/\"]}]},{\"@type\":\"BreadcrumbList\",\"@id\":\"https:\/\/admin.industriall-union.org\/fr\/union-et-organisation-pour-la-journee-de-la-femme-le-8-mars\/#breadcrumb\",\"itemListElement\":[{\"@type\":\"ListItem\",\"position\":1,\"name\":\"Home\",\"item\":\"https:\/\/admin.industriall-union.org\/\"},{\"@type\":\"ListItem\",\"position\":2,\"name\":\"Articles\",\"item\":\"https:\/\/admin.industriall-union.org\/article\/\"},{\"@type\":\"ListItem\",\"position\":3,\"name\":\"Union et organisation pour la Journ\u00e9e de la femme le 8 mars!\"}]},{\"@type\":\"WebSite\",\"@id\":\"https:\/\/admin.industriall-union.org\/#website\",\"url\":\"https:\/\/admin.industriall-union.org\/\",\"name\":\"industriall-union\",\"description\":\"\",\"potentialAction\":[{\"@type\":\"SearchAction\",\"target\":{\"@type\":\"EntryPoint\",\"urlTemplate\":\"https:\/\/admin.industriall-union.org\/?s={search_term_string}\"},\"query-input\":{\"@type\":\"PropertyValueSpecification\",\"valueRequired\":true,\"valueName\":\"search_term_string\"}}],\"inLanguage\":\"fr-FR\"}]}<\/script>\n<!-- \/ Yoast SEO Premium plugin. -->","yoast_head_json":{"title":"Union et organisation pour la Journ\u00e9e de la femme le 8 mars! - industriall-union","description":"Nous comm\u00e9morons ce 8 mars la Journ\u00e9e international de la femme dans un contexte de&nbsp; violences qui touchent de plus en plus de femmes dans le monde :","robots":{"index":"index","follow":"follow","max-snippet":"max-snippet:-1","max-image-preview":"max-image-preview:large","max-video-preview":"max-video-preview:-1"},"canonical":"https:\/\/admin.industriall-union.org\/fr\/union-et-organisation-pour-la-journee-de-la-femme-le-8-mars\/","og_locale":"fr_FR","og_type":"article","og_title":"Union et organisation pour la Journ\u00e9e de la femme le 8 mars!","og_description":"Nous comm\u00e9morons ce 8 mars la Journ\u00e9e international de la femme dans un contexte de&nbsp; violences qui touchent de plus en plus de femmes dans le monde :","og_url":"https:\/\/admin.industriall-union.org\/fr\/union-et-organisation-pour-la-journee-de-la-femme-le-8-mars\/","og_site_name":"industriall-union","article_modified_time":"2025-02-07T16:30:31+00:00","twitter_card":"summary_large_image","twitter_misc":{"Est. reading time":"4 minutes"},"schema":{"@context":"https:\/\/schema.org","@graph":[{"@type":"WebPage","@id":"https:\/\/admin.industriall-union.org\/fr\/union-et-organisation-pour-la-journee-de-la-femme-le-8-mars\/","url":"https:\/\/admin.industriall-union.org\/fr\/union-et-organisation-pour-la-journee-de-la-femme-le-8-mars\/","name":"Union et organisation pour la Journ\u00e9e de la femme le 8 mars! - industriall-union","isPartOf":{"@id":"https:\/\/admin.industriall-union.org\/#website"},"datePublished":"2015-03-05T11:42:05+00:00","dateModified":"2025-02-07T16:30:31+00:00","description":"Nous comm\u00e9morons ce 8 mars la Journ\u00e9e international de la femme dans un contexte de&nbsp; violences qui touchent de plus en plus de femmes dans le monde :","breadcrumb":{"@id":"https:\/\/admin.industriall-union.org\/fr\/union-et-organisation-pour-la-journee-de-la-femme-le-8-mars\/#breadcrumb"},"inLanguage":"fr-FR","potentialAction":[{"@type":"ReadAction","target":["https:\/\/admin.industriall-union.org\/fr\/union-et-organisation-pour-la-journee-de-la-femme-le-8-mars\/"]}]},{"@type":"BreadcrumbList","@id":"https:\/\/admin.industriall-union.org\/fr\/union-et-organisation-pour-la-journee-de-la-femme-le-8-mars\/#breadcrumb","itemListElement":[{"@type":"ListItem","position":1,"name":"Home","item":"https:\/\/admin.industriall-union.org\/"},{"@type":"ListItem","position":2,"name":"Articles","item":"https:\/\/admin.industriall-union.org\/article\/"},{"@type":"ListItem","position":3,"name":"Union et organisation pour la Journ\u00e9e de la femme le 8 mars!"}]},{"@type":"WebSite","@id":"https:\/\/admin.industriall-union.org\/#website","url":"https:\/\/admin.industriall-union.org\/","name":"industriall-union","description":"","potentialAction":[{"@type":"SearchAction","target":{"@type":"EntryPoint","urlTemplate":"https:\/\/admin.industriall-union.org\/?s={search_term_string}"},"query-input":{"@type":"PropertyValueSpecification","valueRequired":true,"valueName":"search_term_string"}}],"inLanguage":"fr-FR"}]}},"_links":{"self":[{"href":"https:\/\/admin.industriall-union.org\/fr\/wp-json\/wp\/v2\/article\/151669","targetHints":{"allow":["GET"]}}],"collection":[{"href":"https:\/\/admin.industriall-union.org\/fr\/wp-json\/wp\/v2\/article"}],"about":[{"href":"https:\/\/admin.industriall-union.org\/fr\/wp-json\/wp\/v2\/types\/article"}],"wp:attachment":[{"href":"https:\/\/admin.industriall-union.org\/fr\/wp-json\/wp\/v2\/media?parent=151669"}],"wp:term":[{"taxonomy":"issues","embeddable":true,"href":"https:\/\/admin.industriall-union.org\/fr\/wp-json\/wp\/v2\/issues?post=151669"},{"taxonomy":"companies","embeddable":true,"href":"https:\/\/admin.industriall-union.org\/fr\/wp-json\/wp\/v2\/companies?post=151669"},{"taxonomy":"regions","embeddable":true,"href":"https:\/\/admin.industriall-union.org\/fr\/wp-json\/wp\/v2\/regions?post=151669"},{"taxonomy":"sectors","embeddable":true,"href":"https:\/\/admin.industriall-union.org\/fr\/wp-json\/wp\/v2\/sectors?post=151669"},{"taxonomy":"article_tags","embeddable":true,"href":"https:\/\/admin.industriall-union.org\/fr\/wp-json\/wp\/v2\/article_tags?post=151669"}],"curies":[{"name":"wp","href":"https:\/\/api.w.org\/{rel}","templated":true}]}}