{"id":151649,"date":"2015-03-12T16:22:53","date_gmt":"2015-03-12T16:22:53","guid":{"rendered":"https:\/\/admin.industriall-union.org\/le-groupe-egger-maintient-ses-pratiques-anti-syndicales-dans-son-usine-turque\/"},"modified":"2025-02-07T16:13:21","modified_gmt":"2025-02-07T16:13:21","slug":"le-groupe-egger-maintient-ses-pratiques-anti-syndicales-dans-son-usine-turque","status":"publish","type":"article","link":"https:\/\/admin.industriall-union.org\/fr\/le-groupe-egger-maintient-ses-pratiques-anti-syndicales-dans-son-usine-turque\/","title":{"rendered":"Le groupe Egger maintient ses pratiques anti-syndicales dans son usine turque"},"content":{"rendered":"<p>D\u00e8s lors que l&rsquo;affili\u00e9 d&rsquo;IndustriALL Lastik-Is a recrut\u00e9 avec succ\u00e8s la majorit\u00e9 de la main d&rsquo;\u0153uvre de Roma Plastik \u00e0 la fin de l&rsquo;an dernier, la direction locale a r\u00e9agi en mettant \u00e0 la porte des syndiqu\u00e9s. Un total de <a href=\"\/wp-content\/uploads\/documents\/Turkey\/Lastik-Is\/dismissals_at_roma_plastik_because_of_union_affiliation2.pdf\">14 personnes<\/a> ont \u00e9t\u00e9 jet\u00e9es dehors \u00e0 ce jour.<\/p><p>De plus, la direction locale persiste \u00e0 menacer de renvoi et de punition ceux qui voudraient rejoindre le syndicat. Si les syndiqu\u00e9s quittent Lastik-Is, Roma Plastik leur promet qu&rsquo;il leur sera octroy\u00e9 des primes suppl\u00e9mentaires \u00e9quivalant \u00e0 trois mois de salaire.<\/p><p>Entretemps, le Minist\u00e8re turc du Travail et de la S\u00e9curit\u00e9 sociale a produit une <a href=\"\/wp-content\/uploads\/documents\/Turkey\/Lastik-Is\/certification_for_lastik-is_at_roma_plastik1.pdf\">certification<\/a> officielle qui confirme que Lastik-Is poss\u00e8de une majorit\u00e9 l\u00e9gale suffisante pour lui permettre de pr\u00e9tendre \u00eatre partie aux n\u00e9gociations collectives au sein de Roma Plastik.<\/p><p>Dans une <a href=\"\/wp-content\/uploads\/documents\/Turkey\/Lastik-Is\/industriall_global_union_letter_to_egger_group_02-02-20153.pdf\">lettre<\/a> envoy\u00e9e en Autriche au pr\u00e9sident de l&rsquo;entreprise, Michael Egger, le Secr\u00e9taire g\u00e9n\u00e9ral d&rsquo;IndustriALL, Jyrki Raina, \u00e9crit&nbsp;:<\/p><p>&ldquo;Je vous engage \u00e0 user de votre autorit\u00e9 aupr\u00e8s de la direction locale de Roma Plastik afin qu&rsquo;elle s&rsquo;abstienne imm\u00e9diatement de toute forme de pression sur les syndiqu\u00e9s par rapport \u00e0 leur libre choix d&rsquo;adh\u00e9sion et qu&rsquo;elle entame un dialogue constructif avec Lastik-Is pour la mise en \u0153uvre de relations de travail et de conditions de travail \u00e9quitables.&rdquo;<\/p><p>Dans sa <a href=\"\/wp-content\/uploads\/documents\/Turkey\/Lastik-Is\/egger_response.pdf\">r\u00e9ponse<\/a>, la direction centrale pr\u00e9tend qu&rsquo;il s&rsquo;agit d&rsquo;une pr\u00e9rogative de la direction locale qui \u00e9chappe au si\u00e8ge du groupe situ\u00e9 au Tyrol, en Autriche. Pour IndustriALL, cette r\u00e9ponse n&rsquo;est pas cr\u00e9dible.<\/p><p>Lastik-Is poursuit son action au sein de l&rsquo;usine et dans le m\u00eame temps, IndustriALL et son affili\u00e9 autrichien, PRO-GE, en collaboration avec l&rsquo;Internationale des Travailleurs du B\u00e2timent et du Bois (IBB) et son affili\u00e9 GBH, continuent \u00e0 faire pression sur le Groupe Egger pour qu&rsquo;il r\u00e9int\u00e8gre les travailleurs licenci\u00e9s et reconnaisse Lastik-Is.<\/p><p>&ldquo;Si le groupe Egger persiste \u00e0 faire la sourde oreille par rapport aux violations des droits syndicaux en Turquie, nous allons intensifier notre campagne en nous adressant \u00e0 ses clients du secteur de la construction,&rdquo; a indiqu\u00e9 Kemal \u00d6zkan, Secr\u00e9taire g\u00e9n\u00e9ral adjoint d&rsquo;IndustriALL.&nbsp;<\/p>","protected":false},"featured_media":0,"template":"","issues":[],"companies":[],"regions":[250],"sectors":[476],"article_tags":[],"class_list":["post-151649","article","type-article","status-publish","hentry","regions-turkiye","sectors-chemical-pharmaceutical-bio-science"],"acf":[],"yoast_head":"<!-- This site is optimized with the Yoast SEO Premium plugin v27.1 (Yoast SEO v27.1) - https:\/\/yoast.com\/product\/yoast-seo-premium-wordpress\/ -->\n<title>Le groupe Egger maintient ses pratiques anti-syndicales dans son usine turque - industriall-union<\/title>\n<meta name=\"description\" content=\"D\u00e8s lors que l&rsquo;affili\u00e9 d&rsquo;IndustriALL Lastik-Is a recrut\u00e9 avec succ\u00e8s la majorit\u00e9 de la main d&rsquo;\u0153uvre de Roma Plastik \u00e0 la fin de\" \/>\n<meta name=\"robots\" content=\"index, follow, max-snippet:-1, max-image-preview:large, max-video-preview:-1\" \/>\n<link rel=\"canonical\" href=\"https:\/\/admin.industriall-union.org\/fr\/le-groupe-egger-maintient-ses-pratiques-anti-syndicales-dans-son-usine-turque\/\" \/>\n<meta property=\"og:locale\" content=\"fr_FR\" \/>\n<meta property=\"og:type\" content=\"article\" \/>\n<meta property=\"og:title\" content=\"Le groupe Egger maintient ses pratiques anti-syndicales dans son usine turque\" \/>\n<meta property=\"og:description\" content=\"D\u00e8s lors que l&rsquo;affili\u00e9 d&rsquo;IndustriALL Lastik-Is a recrut\u00e9 avec succ\u00e8s la majorit\u00e9 de la main d&rsquo;\u0153uvre de Roma Plastik \u00e0 la fin de\" \/>\n<meta property=\"og:url\" content=\"https:\/\/admin.industriall-union.org\/fr\/le-groupe-egger-maintient-ses-pratiques-anti-syndicales-dans-son-usine-turque\/\" \/>\n<meta property=\"og:site_name\" content=\"industriall-union\" \/>\n<meta property=\"article:modified_time\" content=\"2025-02-07T16:13:21+00:00\" \/>\n<meta name=\"twitter:card\" content=\"summary_large_image\" \/>\n<meta name=\"twitter:label1\" content=\"Est. reading time\" \/>\n\t<meta name=\"twitter:data1\" content=\"2 minutes\" \/>\n<script type=\"application\/ld+json\" class=\"yoast-schema-graph\">{\"@context\":\"https:\/\/schema.org\",\"@graph\":[{\"@type\":\"WebPage\",\"@id\":\"https:\/\/admin.industriall-union.org\/fr\/le-groupe-egger-maintient-ses-pratiques-anti-syndicales-dans-son-usine-turque\/\",\"url\":\"https:\/\/admin.industriall-union.org\/fr\/le-groupe-egger-maintient-ses-pratiques-anti-syndicales-dans-son-usine-turque\/\",\"name\":\"Le groupe Egger maintient ses pratiques anti-syndicales dans son usine turque - industriall-union\",\"isPartOf\":{\"@id\":\"https:\/\/admin.industriall-union.org\/#website\"},\"datePublished\":\"2015-03-12T16:22:53+00:00\",\"dateModified\":\"2025-02-07T16:13:21+00:00\",\"description\":\"D\u00e8s lors que l&rsquo;affili\u00e9 d&rsquo;IndustriALL Lastik-Is a recrut\u00e9 avec succ\u00e8s la majorit\u00e9 de la main d&rsquo;\u0153uvre de Roma Plastik \u00e0 la fin de\",\"breadcrumb\":{\"@id\":\"https:\/\/admin.industriall-union.org\/fr\/le-groupe-egger-maintient-ses-pratiques-anti-syndicales-dans-son-usine-turque\/#breadcrumb\"},\"inLanguage\":\"fr-FR\",\"potentialAction\":[{\"@type\":\"ReadAction\",\"target\":[\"https:\/\/admin.industriall-union.org\/fr\/le-groupe-egger-maintient-ses-pratiques-anti-syndicales-dans-son-usine-turque\/\"]}]},{\"@type\":\"BreadcrumbList\",\"@id\":\"https:\/\/admin.industriall-union.org\/fr\/le-groupe-egger-maintient-ses-pratiques-anti-syndicales-dans-son-usine-turque\/#breadcrumb\",\"itemListElement\":[{\"@type\":\"ListItem\",\"position\":1,\"name\":\"Home\",\"item\":\"https:\/\/admin.industriall-union.org\/\"},{\"@type\":\"ListItem\",\"position\":2,\"name\":\"Articles\",\"item\":\"https:\/\/admin.industriall-union.org\/article\/\"},{\"@type\":\"ListItem\",\"position\":3,\"name\":\"Le groupe Egger maintient ses pratiques anti-syndicales dans son usine turque\"}]},{\"@type\":\"WebSite\",\"@id\":\"https:\/\/admin.industriall-union.org\/#website\",\"url\":\"https:\/\/admin.industriall-union.org\/\",\"name\":\"industriall-union\",\"description\":\"\",\"potentialAction\":[{\"@type\":\"SearchAction\",\"target\":{\"@type\":\"EntryPoint\",\"urlTemplate\":\"https:\/\/admin.industriall-union.org\/?s={search_term_string}\"},\"query-input\":{\"@type\":\"PropertyValueSpecification\",\"valueRequired\":true,\"valueName\":\"search_term_string\"}}],\"inLanguage\":\"fr-FR\"}]}<\/script>\n<!-- \/ Yoast SEO Premium plugin. -->","yoast_head_json":{"title":"Le groupe Egger maintient ses pratiques anti-syndicales dans son usine turque - industriall-union","description":"D\u00e8s lors que l&rsquo;affili\u00e9 d&rsquo;IndustriALL Lastik-Is a recrut\u00e9 avec succ\u00e8s la majorit\u00e9 de la main d&rsquo;\u0153uvre de Roma Plastik \u00e0 la fin de","robots":{"index":"index","follow":"follow","max-snippet":"max-snippet:-1","max-image-preview":"max-image-preview:large","max-video-preview":"max-video-preview:-1"},"canonical":"https:\/\/admin.industriall-union.org\/fr\/le-groupe-egger-maintient-ses-pratiques-anti-syndicales-dans-son-usine-turque\/","og_locale":"fr_FR","og_type":"article","og_title":"Le groupe Egger maintient ses pratiques anti-syndicales dans son usine turque","og_description":"D\u00e8s lors que l&rsquo;affili\u00e9 d&rsquo;IndustriALL Lastik-Is a recrut\u00e9 avec succ\u00e8s la majorit\u00e9 de la main d&rsquo;\u0153uvre de Roma Plastik \u00e0 la fin de","og_url":"https:\/\/admin.industriall-union.org\/fr\/le-groupe-egger-maintient-ses-pratiques-anti-syndicales-dans-son-usine-turque\/","og_site_name":"industriall-union","article_modified_time":"2025-02-07T16:13:21+00:00","twitter_card":"summary_large_image","twitter_misc":{"Est. reading time":"2 minutes"},"schema":{"@context":"https:\/\/schema.org","@graph":[{"@type":"WebPage","@id":"https:\/\/admin.industriall-union.org\/fr\/le-groupe-egger-maintient-ses-pratiques-anti-syndicales-dans-son-usine-turque\/","url":"https:\/\/admin.industriall-union.org\/fr\/le-groupe-egger-maintient-ses-pratiques-anti-syndicales-dans-son-usine-turque\/","name":"Le groupe Egger maintient ses pratiques anti-syndicales dans son usine turque - industriall-union","isPartOf":{"@id":"https:\/\/admin.industriall-union.org\/#website"},"datePublished":"2015-03-12T16:22:53+00:00","dateModified":"2025-02-07T16:13:21+00:00","description":"D\u00e8s lors que l&rsquo;affili\u00e9 d&rsquo;IndustriALL Lastik-Is a recrut\u00e9 avec succ\u00e8s la majorit\u00e9 de la main d&rsquo;\u0153uvre de Roma Plastik \u00e0 la fin de","breadcrumb":{"@id":"https:\/\/admin.industriall-union.org\/fr\/le-groupe-egger-maintient-ses-pratiques-anti-syndicales-dans-son-usine-turque\/#breadcrumb"},"inLanguage":"fr-FR","potentialAction":[{"@type":"ReadAction","target":["https:\/\/admin.industriall-union.org\/fr\/le-groupe-egger-maintient-ses-pratiques-anti-syndicales-dans-son-usine-turque\/"]}]},{"@type":"BreadcrumbList","@id":"https:\/\/admin.industriall-union.org\/fr\/le-groupe-egger-maintient-ses-pratiques-anti-syndicales-dans-son-usine-turque\/#breadcrumb","itemListElement":[{"@type":"ListItem","position":1,"name":"Home","item":"https:\/\/admin.industriall-union.org\/"},{"@type":"ListItem","position":2,"name":"Articles","item":"https:\/\/admin.industriall-union.org\/article\/"},{"@type":"ListItem","position":3,"name":"Le groupe Egger maintient ses pratiques anti-syndicales dans son usine turque"}]},{"@type":"WebSite","@id":"https:\/\/admin.industriall-union.org\/#website","url":"https:\/\/admin.industriall-union.org\/","name":"industriall-union","description":"","potentialAction":[{"@type":"SearchAction","target":{"@type":"EntryPoint","urlTemplate":"https:\/\/admin.industriall-union.org\/?s={search_term_string}"},"query-input":{"@type":"PropertyValueSpecification","valueRequired":true,"valueName":"search_term_string"}}],"inLanguage":"fr-FR"}]}},"_links":{"self":[{"href":"https:\/\/admin.industriall-union.org\/fr\/wp-json\/wp\/v2\/article\/151649","targetHints":{"allow":["GET"]}}],"collection":[{"href":"https:\/\/admin.industriall-union.org\/fr\/wp-json\/wp\/v2\/article"}],"about":[{"href":"https:\/\/admin.industriall-union.org\/fr\/wp-json\/wp\/v2\/types\/article"}],"wp:attachment":[{"href":"https:\/\/admin.industriall-union.org\/fr\/wp-json\/wp\/v2\/media?parent=151649"}],"wp:term":[{"taxonomy":"issues","embeddable":true,"href":"https:\/\/admin.industriall-union.org\/fr\/wp-json\/wp\/v2\/issues?post=151649"},{"taxonomy":"companies","embeddable":true,"href":"https:\/\/admin.industriall-union.org\/fr\/wp-json\/wp\/v2\/companies?post=151649"},{"taxonomy":"regions","embeddable":true,"href":"https:\/\/admin.industriall-union.org\/fr\/wp-json\/wp\/v2\/regions?post=151649"},{"taxonomy":"sectors","embeddable":true,"href":"https:\/\/admin.industriall-union.org\/fr\/wp-json\/wp\/v2\/sectors?post=151649"},{"taxonomy":"article_tags","embeddable":true,"href":"https:\/\/admin.industriall-union.org\/fr\/wp-json\/wp\/v2\/article_tags?post=151649"}],"curies":[{"name":"wp","href":"https:\/\/api.w.org\/{rel}","templated":true}]}}