{"id":151626,"date":"2015-03-19T15:30:45","date_gmt":"2015-03-19T15:30:45","guid":{"rendered":"https:\/\/admin.industriall-union.org\/tunisie-ils-ne-voleront-pas-notre-revolution\/"},"modified":"2025-02-07T16:04:35","modified_gmt":"2025-02-07T16:04:35","slug":"tunisie-ils-ne-voleront-pas-notre-revolution","status":"publish","type":"article","link":"https:\/\/admin.industriall-union.org\/fr\/tunisie-ils-ne-voleront-pas-notre-revolution\/","title":{"rendered":"Tunisie: \u2018Ils ne voleront pas notre r\u00e9volution!\u2019"},"content":{"rendered":"<p>La brutale attaque au mus\u00e9e Bardo dans la capitale tunisienne est un coup terrible port\u00e9 au pays, o\u00f9 deux \u00e9lections d\u00e9mocratiques paisibles ont eu lieu depuis la chute du dictateur Zine El Abidine Ben Ali lors d&rsquo;un soul\u00e8vement populaire en 2011.<\/p><p>Selon Tahar Berberi, dirigeant du syndicat des travailleurs de la m\u00e9tallurgie et de l&rsquo;\u00e9lectronique FGME-UGTT, affili\u00e9 \u00e0 IndustriALL, les gens sont imm\u00e9diatement descendus dans la rue en criant: &ldquo;Nous ne nous laisserons pas voler notre r\u00e9volution,&rdquo; en r\u00e9action \u00e0 la nouvelle de l&rsquo;attaque.<\/p><p>&ldquo;Nous pr\u00e9sentons notre profonde sympathie aux proches des victimes assassin\u00e9es en esp\u00e9rant que les nombreux bless\u00e9s se r\u00e9tabliront rapidement. Il ne sera jamais permis aux terroristes de nuire \u00e0 la volont\u00e9 de d\u00e9mocratie et de paix de la population tunisienne, pour laquelle les syndicats ont tant combattu,&rdquo; a dit Jyrki Raina, secr\u00e9taire g\u00e9n\u00e9ral de IndustriALL.<\/p><p>Pour montrer sa col\u00e8re, la centrale syndicale nationale, UGTT, organise cet apr\u00e8s-midi un rassemblement de syndicalistes et de citoyen(ne)s devant le Parlement national, pour exprimer sa solidarit\u00e9 aux victimes et son rejet du terrorisme. &nbsp;<\/p><p>&ldquo;Les syndicats tunisiens sont unis pour condamner cette l\u00e2che attaque qui ne pourra que renforcer notre solidarit\u00e9. Nous sortirons plus renforc\u00e9s qu&rsquo;auparavant,&rdquo; a dit Berberi.<\/p><p>Les syndicats ont jou\u00e9 un r\u00f4le central il y a quatre ans pour \u00e9tablir la d\u00e9mocratie en Tunisie et renverser la dictature.<\/p><p>&ldquo;Toutes les organisations politiques et civiques ont mis de c\u00f4t\u00e9 leurs diff\u00e9rences et se tiennent derri\u00e8re le pr\u00e9sident et le gouvernement tunisien,&rdquo; a dit Berberi.<\/p><p>On compte parmi les morts vingt touristes \u00e9trangers, selon les autorit\u00e9s tunisiennes.<\/p><p>&ldquo;Sans oublier la trag\u00e9die humaine, cette attaque est pr\u00e9judiciable au pays et \u00e0 son \u00e9conomie,&rdquo; a dit Berberi. &ldquo;Les agences de tourisme annulent d\u00e9j\u00e0 des voyages.&rdquo;<\/p><p>Dimanche, le comit\u00e9 ex\u00e9cutif de l&rsquo;UGTT examinera la possibilit\u00e9 d&rsquo;un appel en vue d&rsquo;une conf\u00e9rence internationale pour lutter contre le terrorisme \u00e0 laquelle participeraient des organisations de la force sociale mondiale et de la soci\u00e9t\u00e9 civile, a dit Berberi.<\/p><p>En reconnaissance de la contribution des syndicats \u00e0 la d\u00e9mocratie, IndustriALL avait organis\u00e9 une&nbsp; r\u00e9union de son comit\u00e9 ex\u00e9cutif \u00e0 Tunis, en d\u00e9cembre dernier, pour soutenir l&rsquo;\u00e9tablissement d&rsquo;une soci\u00e9t\u00e9 nouvelle dans laquelle les syndicats et les travailleurs et travailleuses jouent un r\u00f4le important.<\/p><p>La semaine prochaine, IndustriALL enverra une importante d\u00e9l\u00e9gation au Forum social mondial qui se tiendra \u00e0 Tunis du 25 au 28 mars. &ldquo;Le mouvement social en Tunisie et dans la r\u00e9gion compte sur le soutien mondial des forces d\u00e9mocratiques pour s&rsquo;opposer \u00e0 la violence et au terrorisme,&rdquo; a dit Abderrahmane Hihihi, coordonnateur du Forum.<\/p><p>IndustriALL participera \u00e0 l&rsquo;\u00e9v\u00e8nement en animant plusieurs ateliers avec des affili\u00e9s et des partenaires sociaux.<\/p><p>&ldquo;La communaut\u00e9 internationale doit maintenant montrer plus que jamais sa solidarit\u00e9 envers la Tunisie,&rdquo; a dit Raina.<\/p>","protected":false},"featured_media":0,"template":"","issues":[],"companies":[],"regions":[305],"sectors":[],"article_tags":[],"class_list":["post-151626","article","type-article","status-publish","hentry","regions-tunisia"],"acf":[],"yoast_head":"<!-- This site is optimized with the Yoast SEO Premium plugin v27.1 (Yoast SEO v27.1) - https:\/\/yoast.com\/product\/yoast-seo-premium-wordpress\/ -->\n<title>Tunisie: \u2018Ils ne voleront pas notre r\u00e9volution!\u2019 - industriall-union<\/title>\n<meta name=\"description\" content=\"La brutale attaque au mus\u00e9e Bardo dans la capitale tunisienne est un coup terrible port\u00e9 au pays, o\u00f9 deux \u00e9lections d\u00e9mocratiques paisibles ont eu lieu\" \/>\n<meta name=\"robots\" content=\"index, follow, max-snippet:-1, max-image-preview:large, max-video-preview:-1\" \/>\n<link rel=\"canonical\" href=\"https:\/\/admin.industriall-union.org\/fr\/tunisie-ils-ne-voleront-pas-notre-revolution\/\" \/>\n<meta property=\"og:locale\" content=\"fr_FR\" \/>\n<meta property=\"og:type\" content=\"article\" \/>\n<meta property=\"og:title\" content=\"Tunisie: \u2018Ils ne voleront pas notre r\u00e9volution!\u2019\" \/>\n<meta property=\"og:description\" content=\"La brutale attaque au mus\u00e9e Bardo dans la capitale tunisienne est un coup terrible port\u00e9 au pays, o\u00f9 deux \u00e9lections d\u00e9mocratiques paisibles ont eu lieu\" \/>\n<meta property=\"og:url\" content=\"https:\/\/admin.industriall-union.org\/fr\/tunisie-ils-ne-voleront-pas-notre-revolution\/\" \/>\n<meta property=\"og:site_name\" content=\"industriall-union\" \/>\n<meta property=\"article:modified_time\" content=\"2025-02-07T16:04:35+00:00\" \/>\n<meta name=\"twitter:card\" content=\"summary_large_image\" \/>\n<meta name=\"twitter:label1\" content=\"Est. reading time\" \/>\n\t<meta name=\"twitter:data1\" content=\"3 minutes\" \/>\n<script type=\"application\/ld+json\" class=\"yoast-schema-graph\">{\"@context\":\"https:\/\/schema.org\",\"@graph\":[{\"@type\":\"WebPage\",\"@id\":\"https:\/\/admin.industriall-union.org\/fr\/tunisie-ils-ne-voleront-pas-notre-revolution\/\",\"url\":\"https:\/\/admin.industriall-union.org\/fr\/tunisie-ils-ne-voleront-pas-notre-revolution\/\",\"name\":\"Tunisie: \u2018Ils ne voleront pas notre r\u00e9volution!\u2019 - industriall-union\",\"isPartOf\":{\"@id\":\"https:\/\/admin.industriall-union.org\/#website\"},\"datePublished\":\"2015-03-19T15:30:45+00:00\",\"dateModified\":\"2025-02-07T16:04:35+00:00\",\"description\":\"La brutale attaque au mus\u00e9e Bardo dans la capitale tunisienne est un coup terrible port\u00e9 au pays, o\u00f9 deux \u00e9lections d\u00e9mocratiques paisibles ont eu lieu\",\"breadcrumb\":{\"@id\":\"https:\/\/admin.industriall-union.org\/fr\/tunisie-ils-ne-voleront-pas-notre-revolution\/#breadcrumb\"},\"inLanguage\":\"fr-FR\",\"potentialAction\":[{\"@type\":\"ReadAction\",\"target\":[\"https:\/\/admin.industriall-union.org\/fr\/tunisie-ils-ne-voleront-pas-notre-revolution\/\"]}]},{\"@type\":\"BreadcrumbList\",\"@id\":\"https:\/\/admin.industriall-union.org\/fr\/tunisie-ils-ne-voleront-pas-notre-revolution\/#breadcrumb\",\"itemListElement\":[{\"@type\":\"ListItem\",\"position\":1,\"name\":\"Home\",\"item\":\"https:\/\/admin.industriall-union.org\/\"},{\"@type\":\"ListItem\",\"position\":2,\"name\":\"Articles\",\"item\":\"https:\/\/admin.industriall-union.org\/article\/\"},{\"@type\":\"ListItem\",\"position\":3,\"name\":\"Tunisie: \u2018Ils ne voleront pas notre r\u00e9volution!\u2019\"}]},{\"@type\":\"WebSite\",\"@id\":\"https:\/\/admin.industriall-union.org\/#website\",\"url\":\"https:\/\/admin.industriall-union.org\/\",\"name\":\"industriall-union\",\"description\":\"\",\"potentialAction\":[{\"@type\":\"SearchAction\",\"target\":{\"@type\":\"EntryPoint\",\"urlTemplate\":\"https:\/\/admin.industriall-union.org\/?s={search_term_string}\"},\"query-input\":{\"@type\":\"PropertyValueSpecification\",\"valueRequired\":true,\"valueName\":\"search_term_string\"}}],\"inLanguage\":\"fr-FR\"}]}<\/script>\n<!-- \/ Yoast SEO Premium plugin. -->","yoast_head_json":{"title":"Tunisie: \u2018Ils ne voleront pas notre r\u00e9volution!\u2019 - industriall-union","description":"La brutale attaque au mus\u00e9e Bardo dans la capitale tunisienne est un coup terrible port\u00e9 au pays, o\u00f9 deux \u00e9lections d\u00e9mocratiques paisibles ont eu lieu","robots":{"index":"index","follow":"follow","max-snippet":"max-snippet:-1","max-image-preview":"max-image-preview:large","max-video-preview":"max-video-preview:-1"},"canonical":"https:\/\/admin.industriall-union.org\/fr\/tunisie-ils-ne-voleront-pas-notre-revolution\/","og_locale":"fr_FR","og_type":"article","og_title":"Tunisie: \u2018Ils ne voleront pas notre r\u00e9volution!\u2019","og_description":"La brutale attaque au mus\u00e9e Bardo dans la capitale tunisienne est un coup terrible port\u00e9 au pays, o\u00f9 deux \u00e9lections d\u00e9mocratiques paisibles ont eu lieu","og_url":"https:\/\/admin.industriall-union.org\/fr\/tunisie-ils-ne-voleront-pas-notre-revolution\/","og_site_name":"industriall-union","article_modified_time":"2025-02-07T16:04:35+00:00","twitter_card":"summary_large_image","twitter_misc":{"Est. reading time":"3 minutes"},"schema":{"@context":"https:\/\/schema.org","@graph":[{"@type":"WebPage","@id":"https:\/\/admin.industriall-union.org\/fr\/tunisie-ils-ne-voleront-pas-notre-revolution\/","url":"https:\/\/admin.industriall-union.org\/fr\/tunisie-ils-ne-voleront-pas-notre-revolution\/","name":"Tunisie: \u2018Ils ne voleront pas notre r\u00e9volution!\u2019 - industriall-union","isPartOf":{"@id":"https:\/\/admin.industriall-union.org\/#website"},"datePublished":"2015-03-19T15:30:45+00:00","dateModified":"2025-02-07T16:04:35+00:00","description":"La brutale attaque au mus\u00e9e Bardo dans la capitale tunisienne est un coup terrible port\u00e9 au pays, o\u00f9 deux \u00e9lections d\u00e9mocratiques paisibles ont eu lieu","breadcrumb":{"@id":"https:\/\/admin.industriall-union.org\/fr\/tunisie-ils-ne-voleront-pas-notre-revolution\/#breadcrumb"},"inLanguage":"fr-FR","potentialAction":[{"@type":"ReadAction","target":["https:\/\/admin.industriall-union.org\/fr\/tunisie-ils-ne-voleront-pas-notre-revolution\/"]}]},{"@type":"BreadcrumbList","@id":"https:\/\/admin.industriall-union.org\/fr\/tunisie-ils-ne-voleront-pas-notre-revolution\/#breadcrumb","itemListElement":[{"@type":"ListItem","position":1,"name":"Home","item":"https:\/\/admin.industriall-union.org\/"},{"@type":"ListItem","position":2,"name":"Articles","item":"https:\/\/admin.industriall-union.org\/article\/"},{"@type":"ListItem","position":3,"name":"Tunisie: \u2018Ils ne voleront pas notre r\u00e9volution!\u2019"}]},{"@type":"WebSite","@id":"https:\/\/admin.industriall-union.org\/#website","url":"https:\/\/admin.industriall-union.org\/","name":"industriall-union","description":"","potentialAction":[{"@type":"SearchAction","target":{"@type":"EntryPoint","urlTemplate":"https:\/\/admin.industriall-union.org\/?s={search_term_string}"},"query-input":{"@type":"PropertyValueSpecification","valueRequired":true,"valueName":"search_term_string"}}],"inLanguage":"fr-FR"}]}},"_links":{"self":[{"href":"https:\/\/admin.industriall-union.org\/fr\/wp-json\/wp\/v2\/article\/151626","targetHints":{"allow":["GET"]}}],"collection":[{"href":"https:\/\/admin.industriall-union.org\/fr\/wp-json\/wp\/v2\/article"}],"about":[{"href":"https:\/\/admin.industriall-union.org\/fr\/wp-json\/wp\/v2\/types\/article"}],"wp:attachment":[{"href":"https:\/\/admin.industriall-union.org\/fr\/wp-json\/wp\/v2\/media?parent=151626"}],"wp:term":[{"taxonomy":"issues","embeddable":true,"href":"https:\/\/admin.industriall-union.org\/fr\/wp-json\/wp\/v2\/issues?post=151626"},{"taxonomy":"companies","embeddable":true,"href":"https:\/\/admin.industriall-union.org\/fr\/wp-json\/wp\/v2\/companies?post=151626"},{"taxonomy":"regions","embeddable":true,"href":"https:\/\/admin.industriall-union.org\/fr\/wp-json\/wp\/v2\/regions?post=151626"},{"taxonomy":"sectors","embeddable":true,"href":"https:\/\/admin.industriall-union.org\/fr\/wp-json\/wp\/v2\/sectors?post=151626"},{"taxonomy":"article_tags","embeddable":true,"href":"https:\/\/admin.industriall-union.org\/fr\/wp-json\/wp\/v2\/article_tags?post=151626"}],"curies":[{"name":"wp","href":"https:\/\/api.w.org\/{rel}","templated":true}]}}