{"id":151624,"date":"2015-03-20T08:06:53","date_gmt":"2015-03-20T08:06:53","guid":{"rendered":"https:\/\/admin.industriall-union.org\/81-travailleurs-de-maruti-suzuki-liberes-sous-caution\/"},"modified":"2025-02-07T16:03:51","modified_gmt":"2025-02-07T16:03:51","slug":"81-travailleurs-de-maruti-suzuki-liberes-sous-caution","status":"publish","type":"article","link":"https:\/\/admin.industriall-union.org\/fr\/81-travailleurs-de-maruti-suzuki-liberes-sous-caution\/","title":{"rendered":"81 travailleurs de Maruti Suzuki lib\u00e9r\u00e9s sous caution"},"content":{"rendered":"<p>C&#039;est apr\u00e8s les violences qui ont \u00e9clat\u00e9, cette ann\u00e9e-l\u00e0, \u00e0 l&#039;usine Maruti Suzuki, en Inde, et qui ont entra\u00een\u00e9 la mort d&#039;un cadre que pr\u00e8s de 2.800 travailleurs furent licenci\u00e9s et 147 emprisonn\u00e9s, inculp\u00e9s de meurtre, tentative de meurtre et association de malfaiteurs.<\/p><p>Deux travailleurs ont \u00e9t\u00e9 remis en libert\u00e9 sous caution en f\u00e9vrier de cette ann\u00e9e, suivis de 79 autres le 17 mars, tandis que 64 attendent encore une mesure similaire.<\/p><p>La proc\u00e9dure de lib\u00e9ration a tra\u00een\u00e9 en longueur, et la direction n&#039;a jamais \u00e9t\u00e9 en mesure de produire des preuves mat\u00e9rielles contre les travailleurs.<\/p><p>L&#039;avocate de la Cour supr\u00eame Vindra Grover commente ainsi le retard pris par la proc\u00e9dure de lib\u00e9ration sous caution :<\/p><p>&quot;L&#039;enqu\u00eate criminelle, l&#039;instruction et l&#039;incarc\u00e9ration sont utilis\u00e9es par l&#039;\u00c9tat pour donner satisfaction aux entreprises priv\u00e9es, \u00e9craser les syndicats et r\u00e9primer les travailleurs.&quot;<\/p><p>Le Secr\u00e9taire r\u00e9gional d&#039;IndustriALL, Sudhershan Rao, s&#039;est f\u00e9licit\u00e9 de la d\u00e9cision de la cour qui a choisi de prot\u00e9ger les droits fondamentaux des travailleurs, et a exprim\u00e9 sa solidarit\u00e9 :<\/p><p>&quot;Cette \u00e9preuve aurait pu \u00eatre \u00e9vit\u00e9e aux travailleurs si le gouvernement s&#039;en \u00e9tait remis \u00e0 l&#039;esprit du tripartisme. Esp\u00e9rons maintenant que les autres travailleurs incarc\u00e9r\u00e9s vont \u00eatre eux aussi rapidement lib\u00e9r\u00e9s.&quot;<\/p>","protected":false},"featured_media":0,"template":"","issues":[422],"companies":[131],"regions":[166],"sectors":[482],"article_tags":[],"class_list":["post-151624","article","type-article","status-publish","hentry","issues-human-trade-union-rights","companies-suzuki","regions-india","sectors-automotive"],"acf":[],"yoast_head":"<!-- This site is optimized with the Yoast SEO Premium plugin v27.1 (Yoast SEO v27.1) - https:\/\/yoast.com\/product\/yoast-seo-premium-wordpress\/ -->\n<title>81 travailleurs de Maruti Suzuki lib\u00e9r\u00e9s sous caution - industriall-union<\/title>\n<meta name=\"description\" content=\"C&#039;est apr\u00e8s les violences qui ont \u00e9clat\u00e9, cette ann\u00e9e-l\u00e0, \u00e0 l&#039;usine Maruti Suzuki, en Inde, et qui ont entra\u00een\u00e9 la mort d&#039;un cadre que pr\u00e8s\" \/>\n<meta name=\"robots\" content=\"index, follow, max-snippet:-1, max-image-preview:large, max-video-preview:-1\" \/>\n<link rel=\"canonical\" href=\"https:\/\/admin.industriall-union.org\/fr\/81-travailleurs-de-maruti-suzuki-liberes-sous-caution\/\" \/>\n<meta property=\"og:locale\" content=\"fr_FR\" \/>\n<meta property=\"og:type\" content=\"article\" \/>\n<meta property=\"og:title\" content=\"81 travailleurs de Maruti Suzuki lib\u00e9r\u00e9s sous caution\" \/>\n<meta property=\"og:description\" content=\"C&#039;est apr\u00e8s les violences qui ont \u00e9clat\u00e9, cette ann\u00e9e-l\u00e0, \u00e0 l&#039;usine Maruti Suzuki, en Inde, et qui ont entra\u00een\u00e9 la mort d&#039;un cadre que pr\u00e8s\" \/>\n<meta property=\"og:url\" content=\"https:\/\/admin.industriall-union.org\/fr\/81-travailleurs-de-maruti-suzuki-liberes-sous-caution\/\" \/>\n<meta property=\"og:site_name\" content=\"industriall-union\" \/>\n<meta property=\"article:modified_time\" content=\"2025-02-07T16:03:51+00:00\" \/>\n<meta name=\"twitter:card\" content=\"summary_large_image\" \/>\n<meta name=\"twitter:label1\" content=\"Est. reading time\" \/>\n\t<meta name=\"twitter:data1\" content=\"1 minute\" \/>\n<script type=\"application\/ld+json\" class=\"yoast-schema-graph\">{\"@context\":\"https:\/\/schema.org\",\"@graph\":[{\"@type\":\"WebPage\",\"@id\":\"https:\/\/admin.industriall-union.org\/fr\/81-travailleurs-de-maruti-suzuki-liberes-sous-caution\/\",\"url\":\"https:\/\/admin.industriall-union.org\/fr\/81-travailleurs-de-maruti-suzuki-liberes-sous-caution\/\",\"name\":\"81 travailleurs de Maruti Suzuki lib\u00e9r\u00e9s sous caution - industriall-union\",\"isPartOf\":{\"@id\":\"https:\/\/admin.industriall-union.org\/#website\"},\"datePublished\":\"2015-03-20T08:06:53+00:00\",\"dateModified\":\"2025-02-07T16:03:51+00:00\",\"description\":\"C&#039;est apr\u00e8s les violences qui ont \u00e9clat\u00e9, cette ann\u00e9e-l\u00e0, \u00e0 l&#039;usine Maruti Suzuki, en Inde, et qui ont entra\u00een\u00e9 la mort d&#039;un cadre que pr\u00e8s\",\"breadcrumb\":{\"@id\":\"https:\/\/admin.industriall-union.org\/fr\/81-travailleurs-de-maruti-suzuki-liberes-sous-caution\/#breadcrumb\"},\"inLanguage\":\"fr-FR\",\"potentialAction\":[{\"@type\":\"ReadAction\",\"target\":[\"https:\/\/admin.industriall-union.org\/fr\/81-travailleurs-de-maruti-suzuki-liberes-sous-caution\/\"]}]},{\"@type\":\"BreadcrumbList\",\"@id\":\"https:\/\/admin.industriall-union.org\/fr\/81-travailleurs-de-maruti-suzuki-liberes-sous-caution\/#breadcrumb\",\"itemListElement\":[{\"@type\":\"ListItem\",\"position\":1,\"name\":\"Home\",\"item\":\"https:\/\/admin.industriall-union.org\/\"},{\"@type\":\"ListItem\",\"position\":2,\"name\":\"Articles\",\"item\":\"https:\/\/admin.industriall-union.org\/article\/\"},{\"@type\":\"ListItem\",\"position\":3,\"name\":\"81 travailleurs de Maruti Suzuki lib\u00e9r\u00e9s sous caution\"}]},{\"@type\":\"WebSite\",\"@id\":\"https:\/\/admin.industriall-union.org\/#website\",\"url\":\"https:\/\/admin.industriall-union.org\/\",\"name\":\"industriall-union\",\"description\":\"\",\"potentialAction\":[{\"@type\":\"SearchAction\",\"target\":{\"@type\":\"EntryPoint\",\"urlTemplate\":\"https:\/\/admin.industriall-union.org\/?s={search_term_string}\"},\"query-input\":{\"@type\":\"PropertyValueSpecification\",\"valueRequired\":true,\"valueName\":\"search_term_string\"}}],\"inLanguage\":\"fr-FR\"}]}<\/script>\n<!-- \/ Yoast SEO Premium plugin. -->","yoast_head_json":{"title":"81 travailleurs de Maruti Suzuki lib\u00e9r\u00e9s sous caution - industriall-union","description":"C&#039;est apr\u00e8s les violences qui ont \u00e9clat\u00e9, cette ann\u00e9e-l\u00e0, \u00e0 l&#039;usine Maruti Suzuki, en Inde, et qui ont entra\u00een\u00e9 la mort d&#039;un cadre que pr\u00e8s","robots":{"index":"index","follow":"follow","max-snippet":"max-snippet:-1","max-image-preview":"max-image-preview:large","max-video-preview":"max-video-preview:-1"},"canonical":"https:\/\/admin.industriall-union.org\/fr\/81-travailleurs-de-maruti-suzuki-liberes-sous-caution\/","og_locale":"fr_FR","og_type":"article","og_title":"81 travailleurs de Maruti Suzuki lib\u00e9r\u00e9s sous caution","og_description":"C&#039;est apr\u00e8s les violences qui ont \u00e9clat\u00e9, cette ann\u00e9e-l\u00e0, \u00e0 l&#039;usine Maruti Suzuki, en Inde, et qui ont entra\u00een\u00e9 la mort d&#039;un cadre que pr\u00e8s","og_url":"https:\/\/admin.industriall-union.org\/fr\/81-travailleurs-de-maruti-suzuki-liberes-sous-caution\/","og_site_name":"industriall-union","article_modified_time":"2025-02-07T16:03:51+00:00","twitter_card":"summary_large_image","twitter_misc":{"Est. reading time":"1 minute"},"schema":{"@context":"https:\/\/schema.org","@graph":[{"@type":"WebPage","@id":"https:\/\/admin.industriall-union.org\/fr\/81-travailleurs-de-maruti-suzuki-liberes-sous-caution\/","url":"https:\/\/admin.industriall-union.org\/fr\/81-travailleurs-de-maruti-suzuki-liberes-sous-caution\/","name":"81 travailleurs de Maruti Suzuki lib\u00e9r\u00e9s sous caution - industriall-union","isPartOf":{"@id":"https:\/\/admin.industriall-union.org\/#website"},"datePublished":"2015-03-20T08:06:53+00:00","dateModified":"2025-02-07T16:03:51+00:00","description":"C&#039;est apr\u00e8s les violences qui ont \u00e9clat\u00e9, cette ann\u00e9e-l\u00e0, \u00e0 l&#039;usine Maruti Suzuki, en Inde, et qui ont entra\u00een\u00e9 la mort d&#039;un cadre que pr\u00e8s","breadcrumb":{"@id":"https:\/\/admin.industriall-union.org\/fr\/81-travailleurs-de-maruti-suzuki-liberes-sous-caution\/#breadcrumb"},"inLanguage":"fr-FR","potentialAction":[{"@type":"ReadAction","target":["https:\/\/admin.industriall-union.org\/fr\/81-travailleurs-de-maruti-suzuki-liberes-sous-caution\/"]}]},{"@type":"BreadcrumbList","@id":"https:\/\/admin.industriall-union.org\/fr\/81-travailleurs-de-maruti-suzuki-liberes-sous-caution\/#breadcrumb","itemListElement":[{"@type":"ListItem","position":1,"name":"Home","item":"https:\/\/admin.industriall-union.org\/"},{"@type":"ListItem","position":2,"name":"Articles","item":"https:\/\/admin.industriall-union.org\/article\/"},{"@type":"ListItem","position":3,"name":"81 travailleurs de Maruti Suzuki lib\u00e9r\u00e9s sous caution"}]},{"@type":"WebSite","@id":"https:\/\/admin.industriall-union.org\/#website","url":"https:\/\/admin.industriall-union.org\/","name":"industriall-union","description":"","potentialAction":[{"@type":"SearchAction","target":{"@type":"EntryPoint","urlTemplate":"https:\/\/admin.industriall-union.org\/?s={search_term_string}"},"query-input":{"@type":"PropertyValueSpecification","valueRequired":true,"valueName":"search_term_string"}}],"inLanguage":"fr-FR"}]}},"_links":{"self":[{"href":"https:\/\/admin.industriall-union.org\/fr\/wp-json\/wp\/v2\/article\/151624","targetHints":{"allow":["GET"]}}],"collection":[{"href":"https:\/\/admin.industriall-union.org\/fr\/wp-json\/wp\/v2\/article"}],"about":[{"href":"https:\/\/admin.industriall-union.org\/fr\/wp-json\/wp\/v2\/types\/article"}],"wp:attachment":[{"href":"https:\/\/admin.industriall-union.org\/fr\/wp-json\/wp\/v2\/media?parent=151624"}],"wp:term":[{"taxonomy":"issues","embeddable":true,"href":"https:\/\/admin.industriall-union.org\/fr\/wp-json\/wp\/v2\/issues?post=151624"},{"taxonomy":"companies","embeddable":true,"href":"https:\/\/admin.industriall-union.org\/fr\/wp-json\/wp\/v2\/companies?post=151624"},{"taxonomy":"regions","embeddable":true,"href":"https:\/\/admin.industriall-union.org\/fr\/wp-json\/wp\/v2\/regions?post=151624"},{"taxonomy":"sectors","embeddable":true,"href":"https:\/\/admin.industriall-union.org\/fr\/wp-json\/wp\/v2\/sectors?post=151624"},{"taxonomy":"article_tags","embeddable":true,"href":"https:\/\/admin.industriall-union.org\/fr\/wp-json\/wp\/v2\/article_tags?post=151624"}],"curies":[{"name":"wp","href":"https:\/\/api.w.org\/{rel}","templated":true}]}}