{"id":151618,"date":"2015-03-31T10:01:33","date_gmt":"2015-03-31T10:01:33","guid":{"rendered":"https:\/\/admin.industriall-union.org\/un-syndicat-bresilien-securise-l-039-emploi-chez-toyota-et-ford\/"},"modified":"2025-02-07T15:46:14","modified_gmt":"2025-02-07T15:46:14","slug":"un-syndicat-bresilien-securise-l-039-emploi-chez-toyota-et-ford","status":"publish","type":"article","link":"https:\/\/admin.industriall-union.org\/fr\/un-syndicat-bresilien-securise-l-039-emploi-chez-toyota-et-ford\/","title":{"rendered":"Un syndicat br\u00e9silien s\u00e9curise l&#039;emploi chez Toyota et Ford"},"content":{"rendered":"<p>Ce syndicat, affili\u00e9 \u00e0 IndustriALL Global Union par le biais de la CNM-CUT, a sign\u00e9, le 27 mars avec Ford, un accord qui garantit l&#039;emploi des travailleurs \u00e0 son usine de S\u00e3o Bernardo do Campo jusqu&#039;en 2017.<\/p><p>En plus de la s\u00e9curit\u00e9 d&#039;emploi, cet accord pr\u00e9voit des hausses de salaires pendant deux ann\u00e9es et un programme de partage des b\u00e9n\u00e9fices bas\u00e9 sur les r\u00e9sultats pendant trois ans.<\/p><p>Quelques jours auparavant, le 23 mars, un accord similaire sur la protection de l&#039;emploi et la croissance durable avait \u00e9t\u00e9 sign\u00e9 par ABC et approuv\u00e9 \u00e0 l&#039;unanimit\u00e9 par les travailleurs de l&#039;usine de Toyota situ\u00e9e elle aussi \u00e0 S\u00e3o Bernardo.<\/p><p>Le constructeur japonais a annonc\u00e9 un projet d&#039;investissement de 19 millions $ dans la modernisation de l&#039;usine de S\u00e3o Bernardo qui fut, en 1960, le premier site industriel de Toyota hors du Japon.<\/p><p>Elle emploie actuellement 1.700 personnes \u00e0 la construction des mod\u00e8les Corolla et Camry destin\u00e9s aux \u00c9tats-Unis.&nbsp;<\/p><p>Selon ABC, l&#039;usine devrait accro\u00eetre la production de chaque unit\u00e9 de 10 pour cent par la cr\u00e9ation d&#039;une troisi\u00e8me \u00e9quipe, et de 40 pour cent celle de pi\u00e8ces destin\u00e9es \u00e0 la future usine Toyota de Porto Feliz, dans l&#039;\u00c9tat de S\u00e3o Paulo.<\/p><p>Par cet accord, &quot;Toyota veut mettre en pratique un de ses grands principes, qui est de poursuivre sa contribution au d\u00e9veloppement de l&#039;\u00e9conomie et de la soci\u00e9t\u00e9 dans les pays o\u00f9 elle a ses activit\u00e9s,&quot; a d\u00e9clar\u00e9 Steve St. Angelo, le Pr\u00e9sident de Toyota Br\u00e9sil.<\/p><p>&quot;Cet accord arrive \u00e0 un moment crucial pour le pays, dont l&#039;industrie automobile est en difficult\u00e9 et beaucoup de constructeurs adoptent des m\u00e9canismes pour \u00e9viter les licenciements,&quot; a d\u00e9clar\u00e9 le Pr\u00e9sident du syndicat des m\u00e9tallurgistes ABC, Rafael Marques.<\/p><p>Le Secr\u00e9taire g\u00e9n\u00e9ral adjoint d&#039;IndustriALL Global Union Fernando Lopes a d\u00e9clar\u00e9 : &quot;Nous f\u00e9licitons le Syndicat des travailleurs de la m\u00e9tallurgie ABC pour cette \u00e9norme r\u00e9alisation qui garantit l&#039;emploi de ses adh\u00e9rents de S\u00e3o Bernardo. Ces accords sont dans la ligne du programme de protection de l&#039;emploi que n\u00e9gocient actuellement nos affili\u00e9s CNM-CUT et ABC avec le gouvernement f\u00e9d\u00e9ral et qui, lorsqu&#039;il sera adopt\u00e9, facilitera, esp\u00e8re-t-on, la propagation de cette bonne pratique \u00e0 tous les secteurs industriels du Br\u00e9sil.&quot;<\/p>","protected":false},"featured_media":0,"template":"","issues":[],"companies":[51],"regions":[261],"sectors":[482],"article_tags":[],"class_list":["post-151618","article","type-article","status-publish","hentry","companies-ford-motor-co","regions-brazil","sectors-automotive"],"acf":[],"yoast_head":"<!-- This site is optimized with the Yoast SEO Premium plugin v27.1 (Yoast SEO v27.1) - https:\/\/yoast.com\/product\/yoast-seo-premium-wordpress\/ -->\n<title>Un syndicat br\u00e9silien s\u00e9curise l&#039;emploi chez Toyota et Ford - industriall-union<\/title>\n<meta name=\"description\" content=\"Ce syndicat, affili\u00e9 \u00e0 IndustriALL Global Union par le biais de la CNM-CUT, a sign\u00e9, le 27 mars avec Ford, un accord qui garantit l&#039;emploi des\" \/>\n<meta name=\"robots\" content=\"index, follow, max-snippet:-1, max-image-preview:large, max-video-preview:-1\" \/>\n<link rel=\"canonical\" href=\"https:\/\/admin.industriall-union.org\/fr\/un-syndicat-bresilien-securise-l-039-emploi-chez-toyota-et-ford\/\" \/>\n<meta property=\"og:locale\" content=\"fr_FR\" \/>\n<meta property=\"og:type\" content=\"article\" \/>\n<meta property=\"og:title\" content=\"Un syndicat br\u00e9silien s\u00e9curise l&#039;emploi chez Toyota et Ford\" \/>\n<meta property=\"og:description\" content=\"Ce syndicat, affili\u00e9 \u00e0 IndustriALL Global Union par le biais de la CNM-CUT, a sign\u00e9, le 27 mars avec Ford, un accord qui garantit l&#039;emploi des\" \/>\n<meta property=\"og:url\" content=\"https:\/\/admin.industriall-union.org\/fr\/un-syndicat-bresilien-securise-l-039-emploi-chez-toyota-et-ford\/\" \/>\n<meta property=\"og:site_name\" content=\"industriall-union\" \/>\n<meta property=\"article:modified_time\" content=\"2025-02-07T15:46:14+00:00\" \/>\n<meta name=\"twitter:card\" content=\"summary_large_image\" \/>\n<meta name=\"twitter:label1\" content=\"Est. reading time\" \/>\n\t<meta name=\"twitter:data1\" content=\"2 minutes\" \/>\n<script type=\"application\/ld+json\" class=\"yoast-schema-graph\">{\"@context\":\"https:\/\/schema.org\",\"@graph\":[{\"@type\":\"WebPage\",\"@id\":\"https:\/\/admin.industriall-union.org\/fr\/un-syndicat-bresilien-securise-l-039-emploi-chez-toyota-et-ford\/\",\"url\":\"https:\/\/admin.industriall-union.org\/fr\/un-syndicat-bresilien-securise-l-039-emploi-chez-toyota-et-ford\/\",\"name\":\"Un syndicat br\u00e9silien s\u00e9curise l&#039;emploi chez Toyota et Ford - industriall-union\",\"isPartOf\":{\"@id\":\"https:\/\/admin.industriall-union.org\/#website\"},\"datePublished\":\"2015-03-31T10:01:33+00:00\",\"dateModified\":\"2025-02-07T15:46:14+00:00\",\"description\":\"Ce syndicat, affili\u00e9 \u00e0 IndustriALL Global Union par le biais de la CNM-CUT, a sign\u00e9, le 27 mars avec Ford, un accord qui garantit l&#039;emploi des\",\"breadcrumb\":{\"@id\":\"https:\/\/admin.industriall-union.org\/fr\/un-syndicat-bresilien-securise-l-039-emploi-chez-toyota-et-ford\/#breadcrumb\"},\"inLanguage\":\"fr-FR\",\"potentialAction\":[{\"@type\":\"ReadAction\",\"target\":[\"https:\/\/admin.industriall-union.org\/fr\/un-syndicat-bresilien-securise-l-039-emploi-chez-toyota-et-ford\/\"]}]},{\"@type\":\"BreadcrumbList\",\"@id\":\"https:\/\/admin.industriall-union.org\/fr\/un-syndicat-bresilien-securise-l-039-emploi-chez-toyota-et-ford\/#breadcrumb\",\"itemListElement\":[{\"@type\":\"ListItem\",\"position\":1,\"name\":\"Home\",\"item\":\"https:\/\/admin.industriall-union.org\/\"},{\"@type\":\"ListItem\",\"position\":2,\"name\":\"Articles\",\"item\":\"https:\/\/admin.industriall-union.org\/article\/\"},{\"@type\":\"ListItem\",\"position\":3,\"name\":\"Un syndicat br\u00e9silien s\u00e9curise l&#039;emploi chez Toyota et Ford\"}]},{\"@type\":\"WebSite\",\"@id\":\"https:\/\/admin.industriall-union.org\/#website\",\"url\":\"https:\/\/admin.industriall-union.org\/\",\"name\":\"industriall-union\",\"description\":\"\",\"potentialAction\":[{\"@type\":\"SearchAction\",\"target\":{\"@type\":\"EntryPoint\",\"urlTemplate\":\"https:\/\/admin.industriall-union.org\/?s={search_term_string}\"},\"query-input\":{\"@type\":\"PropertyValueSpecification\",\"valueRequired\":true,\"valueName\":\"search_term_string\"}}],\"inLanguage\":\"fr-FR\"}]}<\/script>\n<!-- \/ Yoast SEO Premium plugin. -->","yoast_head_json":{"title":"Un syndicat br\u00e9silien s\u00e9curise l&#039;emploi chez Toyota et Ford - industriall-union","description":"Ce syndicat, affili\u00e9 \u00e0 IndustriALL Global Union par le biais de la CNM-CUT, a sign\u00e9, le 27 mars avec Ford, un accord qui garantit l&#039;emploi des","robots":{"index":"index","follow":"follow","max-snippet":"max-snippet:-1","max-image-preview":"max-image-preview:large","max-video-preview":"max-video-preview:-1"},"canonical":"https:\/\/admin.industriall-union.org\/fr\/un-syndicat-bresilien-securise-l-039-emploi-chez-toyota-et-ford\/","og_locale":"fr_FR","og_type":"article","og_title":"Un syndicat br\u00e9silien s\u00e9curise l&#039;emploi chez Toyota et Ford","og_description":"Ce syndicat, affili\u00e9 \u00e0 IndustriALL Global Union par le biais de la CNM-CUT, a sign\u00e9, le 27 mars avec Ford, un accord qui garantit l&#039;emploi des","og_url":"https:\/\/admin.industriall-union.org\/fr\/un-syndicat-bresilien-securise-l-039-emploi-chez-toyota-et-ford\/","og_site_name":"industriall-union","article_modified_time":"2025-02-07T15:46:14+00:00","twitter_card":"summary_large_image","twitter_misc":{"Est. reading time":"2 minutes"},"schema":{"@context":"https:\/\/schema.org","@graph":[{"@type":"WebPage","@id":"https:\/\/admin.industriall-union.org\/fr\/un-syndicat-bresilien-securise-l-039-emploi-chez-toyota-et-ford\/","url":"https:\/\/admin.industriall-union.org\/fr\/un-syndicat-bresilien-securise-l-039-emploi-chez-toyota-et-ford\/","name":"Un syndicat br\u00e9silien s\u00e9curise l&#039;emploi chez Toyota et Ford - industriall-union","isPartOf":{"@id":"https:\/\/admin.industriall-union.org\/#website"},"datePublished":"2015-03-31T10:01:33+00:00","dateModified":"2025-02-07T15:46:14+00:00","description":"Ce syndicat, affili\u00e9 \u00e0 IndustriALL Global Union par le biais de la CNM-CUT, a sign\u00e9, le 27 mars avec Ford, un accord qui garantit l&#039;emploi des","breadcrumb":{"@id":"https:\/\/admin.industriall-union.org\/fr\/un-syndicat-bresilien-securise-l-039-emploi-chez-toyota-et-ford\/#breadcrumb"},"inLanguage":"fr-FR","potentialAction":[{"@type":"ReadAction","target":["https:\/\/admin.industriall-union.org\/fr\/un-syndicat-bresilien-securise-l-039-emploi-chez-toyota-et-ford\/"]}]},{"@type":"BreadcrumbList","@id":"https:\/\/admin.industriall-union.org\/fr\/un-syndicat-bresilien-securise-l-039-emploi-chez-toyota-et-ford\/#breadcrumb","itemListElement":[{"@type":"ListItem","position":1,"name":"Home","item":"https:\/\/admin.industriall-union.org\/"},{"@type":"ListItem","position":2,"name":"Articles","item":"https:\/\/admin.industriall-union.org\/article\/"},{"@type":"ListItem","position":3,"name":"Un syndicat br\u00e9silien s\u00e9curise l&#039;emploi chez Toyota et Ford"}]},{"@type":"WebSite","@id":"https:\/\/admin.industriall-union.org\/#website","url":"https:\/\/admin.industriall-union.org\/","name":"industriall-union","description":"","potentialAction":[{"@type":"SearchAction","target":{"@type":"EntryPoint","urlTemplate":"https:\/\/admin.industriall-union.org\/?s={search_term_string}"},"query-input":{"@type":"PropertyValueSpecification","valueRequired":true,"valueName":"search_term_string"}}],"inLanguage":"fr-FR"}]}},"_links":{"self":[{"href":"https:\/\/admin.industriall-union.org\/fr\/wp-json\/wp\/v2\/article\/151618","targetHints":{"allow":["GET"]}}],"collection":[{"href":"https:\/\/admin.industriall-union.org\/fr\/wp-json\/wp\/v2\/article"}],"about":[{"href":"https:\/\/admin.industriall-union.org\/fr\/wp-json\/wp\/v2\/types\/article"}],"wp:attachment":[{"href":"https:\/\/admin.industriall-union.org\/fr\/wp-json\/wp\/v2\/media?parent=151618"}],"wp:term":[{"taxonomy":"issues","embeddable":true,"href":"https:\/\/admin.industriall-union.org\/fr\/wp-json\/wp\/v2\/issues?post=151618"},{"taxonomy":"companies","embeddable":true,"href":"https:\/\/admin.industriall-union.org\/fr\/wp-json\/wp\/v2\/companies?post=151618"},{"taxonomy":"regions","embeddable":true,"href":"https:\/\/admin.industriall-union.org\/fr\/wp-json\/wp\/v2\/regions?post=151618"},{"taxonomy":"sectors","embeddable":true,"href":"https:\/\/admin.industriall-union.org\/fr\/wp-json\/wp\/v2\/sectors?post=151618"},{"taxonomy":"article_tags","embeddable":true,"href":"https:\/\/admin.industriall-union.org\/fr\/wp-json\/wp\/v2\/article_tags?post=151618"}],"curies":[{"name":"wp","href":"https:\/\/api.w.org\/{rel}","templated":true}]}}