{"id":151569,"date":"2015-04-23T14:13:48","date_gmt":"2015-04-23T14:13:48","guid":{"rendered":"https:\/\/admin.industriall-union.org\/les-travailleurs-de-holcim-et-lafarge-se-preparent-a-une-mobilisation-mondiale\/"},"modified":"2025-02-07T15:08:07","modified_gmt":"2025-02-07T15:08:07","slug":"les-travailleurs-de-holcim-et-lafarge-se-preparent-a-une-mobilisation-mondiale","status":"publish","type":"article","link":"https:\/\/admin.industriall-union.org\/fr\/les-travailleurs-de-holcim-et-lafarge-se-preparent-a-une-mobilisation-mondiale\/","title":{"rendered":"Les travailleurs de Holcim et Lafarge se pr\u00e9parent \u00e0 une mobilisation mondiale"},"content":{"rendered":"<p>De nouvelles actions sont pr\u00e9vues dans les installations de Holcim Lafarge en Am\u00e9rique du Sud et du Nord, en Asie et en Europe le 28 avril &ndash; journ\u00e9e internationale de comm\u00e9moration des travailleurs morts et bless\u00e9s.<\/p><p>En janvier 2013, <a href=\"http:\/\/www.industriall-union.org\/fr\/cinq-cimentiers-tues-a-ambuja-holcim-en-inde\" target=\"_blank\">cinq travailleurs de Holcim ont perdu la vie<\/a> dans un terrible accident survenu \u00e0 l&rsquo;usine Ambuja-Holcim en Inde L&rsquo;accident \u00e9tait d\u00fb \u00e0 la n\u00e9gligence de la direction de l&rsquo;usine pour assurer le respect des r\u00e8gles de sant\u00e9 et de s\u00e9curit\u00e9. La tr\u00e9mie \u00e0 cendres volantes situ\u00e9e au cinqui\u00e8me \u00e9tage \u00e9tait surcharg\u00e9e \u00e0 pr\u00e8s du double de sa capacit\u00e9. D&rsquo;un poids de 300 tonnes, elle s&rsquo;effondra et traversa quatre \u00e9tages. La poussi\u00e8re a rendu l&rsquo;air irrespirable pendant des heures. Cinq travailleurs ont \u00e9t\u00e9 retrouv\u00e9s sous les d\u00e9bris.<\/p><p>Cet horrible accident n&rsquo;est pas unique. La m\u00eame ann\u00e9e, il y a eu au total 73 travailleurs tu\u00e9s \u00e0 leur poste de travail chez Holcim et Lafarge. L&rsquo;int\u00e9r\u00eat des travailleurs et travailleuses qui travaillent durement pour d\u00e9velopper la richesse des entreprises reste ignor\u00e9. Le r\u00e9sultat, c&rsquo;est que les travailleurs et travailleuses en paient un prix tr\u00e8s \u00e9lev\u00e9 avec leurs vies.<\/p><p>Mais ce n&rsquo;est que la partie visible de l&rsquo;iceberg. Le chiffre total des morts ne comprend pas tous ceux et celles qui sont d\u00e9c\u00e9d\u00e9s \u00e0 la suite de maladies contract\u00e9es sur leur lieu de travail par une exposition \u00e0 des substances dangereuses connues pour causer des maladies respiratoires et le cancer.<\/p><p>Le personnel des deux entreprises a exprim\u00e9 ses inqui\u00e9tudes de fa\u00e7on r\u00e9p\u00e9t\u00e9e. Lors de la derni\u00e8re assembl\u00e9e g\u00e9n\u00e9rale annuelle de Holcim, des repr\u00e9sentant(e)s de IndustriALL Global Union, de l&rsquo;Internationale des travailleurs du b\u00e2timent et du bois (IBB), de la F\u00e9d\u00e9ration europ\u00e9enne des syndicats de travailleurs du b\u00e2timent et du bois (FETBB) et de leurs affili\u00e9s <a href=\"http:\/\/www.industriall-union.org\/fr\/les-syndicats-exposent-les-revendications-des-travailleurs-a-une-assemblee-annuelle-de-holcim\" target=\"_blank\">ont pr\u00e9sent\u00e9 aux actionnaires les revendications des travailleurs<\/a>. Une manifestation syndicale a \u00e9t\u00e9 organis\u00e9e devant l&rsquo;immeuble o\u00f9 les actionnaires se sont r\u00e9unis et o\u00f9 des tracts comportant les revendications ouvri\u00e8res leur ont \u00e9t\u00e9 distribu\u00e9s.<\/p><p>Malheureusement, les deux entreprises ont fait jusqu&rsquo;\u00e0 pr\u00e9sent la sourde oreille \u00e0 la situation d\u00e9sesp\u00e9r\u00e9e des travailleurs et travailleuses, et semblent faire peu de cas de l&rsquo;avenir incertain des 130.000 membres de leur main-d&rsquo;\u0153uvre.<\/p><p>Pour modifier la situation et mettre fin \u00e0 une source de profit impitoyable au d\u00e9triment de la vie des travailleurs et travailleuses, IndustriALL, IBB, FETBB et leurs affili\u00e9s se mobiliseront le 28 avril sous la parole &ldquo;Pas de fusion sans droits de sant\u00e9 et de s\u00e9curit\u00e9 des travailleurs&rdquo;.<\/p><p>Du mat\u00e9riel de campagne se trouve sur cette page. Des mises \u00e0 jour seront publi\u00e9es sur Facebook <a href=\"https:\/\/www.facebook.com\/UnionsatLafargeHolcim\">https:\/\/www.facebook.com\/UnionsatLafargeHolcim<\/a>.<\/p><p>Accordez \u00e9galement votre soutien \u00e0 la campagne des travailleurs et travailleuses de Holcim et Lafarge \u00e0 <a href=\"http:\/\/www.labourstartcampaigns.net\/show_campaign.cgi?c=2639\">http:\/\/www.labourstartcampaigns.net\/show_campaign.cgi?c=2639<\/a><\/p>","protected":false},"featured_media":0,"template":"","issues":[406,402,409,412,425],"companies":[68,86],"regions":[],"sectors":[485],"article_tags":[],"class_list":["post-151569","article","type-article","status-publish","hentry","issues-confronting-global-capital","issues-health-and-safety","issues-multinational-companies-mncs","issues-social-justice-and-globalization","issues-workers-rights","companies-holcim","companies-lafarge","sectors-cement"],"acf":[],"yoast_head":"<!-- This site is optimized with the Yoast SEO Premium plugin v27.1 (Yoast SEO v27.1) - https:\/\/yoast.com\/product\/yoast-seo-premium-wordpress\/ -->\n<title>Les travailleurs de Holcim et Lafarge se pr\u00e9parent \u00e0 une mobilisation mondiale - industriall-union<\/title>\n<meta name=\"description\" content=\"De nouvelles actions sont pr\u00e9vues dans les installations de Holcim Lafarge en Am\u00e9rique du Sud et du Nord, en Asie et en Europe le 28 avril &ndash; journ\u00e9e\" \/>\n<meta name=\"robots\" content=\"index, follow, max-snippet:-1, max-image-preview:large, max-video-preview:-1\" \/>\n<link rel=\"canonical\" href=\"https:\/\/admin.industriall-union.org\/fr\/les-travailleurs-de-holcim-et-lafarge-se-preparent-a-une-mobilisation-mondiale\/\" \/>\n<meta property=\"og:locale\" content=\"fr_FR\" \/>\n<meta property=\"og:type\" content=\"article\" \/>\n<meta property=\"og:title\" content=\"Les travailleurs de Holcim et Lafarge se pr\u00e9parent \u00e0 une mobilisation mondiale\" \/>\n<meta property=\"og:description\" content=\"De nouvelles actions sont pr\u00e9vues dans les installations de Holcim Lafarge en Am\u00e9rique du Sud et du Nord, en Asie et en Europe le 28 avril &ndash; journ\u00e9e\" \/>\n<meta property=\"og:url\" content=\"https:\/\/admin.industriall-union.org\/fr\/les-travailleurs-de-holcim-et-lafarge-se-preparent-a-une-mobilisation-mondiale\/\" \/>\n<meta property=\"og:site_name\" content=\"industriall-union\" \/>\n<meta property=\"article:modified_time\" content=\"2025-02-07T15:08:07+00:00\" \/>\n<meta name=\"twitter:card\" content=\"summary_large_image\" \/>\n<meta name=\"twitter:label1\" content=\"Est. reading time\" \/>\n\t<meta name=\"twitter:data1\" content=\"3 minutes\" \/>\n<script type=\"application\/ld+json\" class=\"yoast-schema-graph\">{\"@context\":\"https:\/\/schema.org\",\"@graph\":[{\"@type\":\"WebPage\",\"@id\":\"https:\/\/admin.industriall-union.org\/fr\/les-travailleurs-de-holcim-et-lafarge-se-preparent-a-une-mobilisation-mondiale\/\",\"url\":\"https:\/\/admin.industriall-union.org\/fr\/les-travailleurs-de-holcim-et-lafarge-se-preparent-a-une-mobilisation-mondiale\/\",\"name\":\"Les travailleurs de Holcim et Lafarge se pr\u00e9parent \u00e0 une mobilisation mondiale - industriall-union\",\"isPartOf\":{\"@id\":\"https:\/\/admin.industriall-union.org\/#website\"},\"datePublished\":\"2015-04-23T14:13:48+00:00\",\"dateModified\":\"2025-02-07T15:08:07+00:00\",\"description\":\"De nouvelles actions sont pr\u00e9vues dans les installations de Holcim Lafarge en Am\u00e9rique du Sud et du Nord, en Asie et en Europe le 28 avril &ndash; journ\u00e9e\",\"breadcrumb\":{\"@id\":\"https:\/\/admin.industriall-union.org\/fr\/les-travailleurs-de-holcim-et-lafarge-se-preparent-a-une-mobilisation-mondiale\/#breadcrumb\"},\"inLanguage\":\"fr-FR\",\"potentialAction\":[{\"@type\":\"ReadAction\",\"target\":[\"https:\/\/admin.industriall-union.org\/fr\/les-travailleurs-de-holcim-et-lafarge-se-preparent-a-une-mobilisation-mondiale\/\"]}]},{\"@type\":\"BreadcrumbList\",\"@id\":\"https:\/\/admin.industriall-union.org\/fr\/les-travailleurs-de-holcim-et-lafarge-se-preparent-a-une-mobilisation-mondiale\/#breadcrumb\",\"itemListElement\":[{\"@type\":\"ListItem\",\"position\":1,\"name\":\"Home\",\"item\":\"https:\/\/admin.industriall-union.org\/\"},{\"@type\":\"ListItem\",\"position\":2,\"name\":\"Articles\",\"item\":\"https:\/\/admin.industriall-union.org\/article\/\"},{\"@type\":\"ListItem\",\"position\":3,\"name\":\"Les travailleurs de Holcim et Lafarge se pr\u00e9parent \u00e0 une mobilisation mondiale\"}]},{\"@type\":\"WebSite\",\"@id\":\"https:\/\/admin.industriall-union.org\/#website\",\"url\":\"https:\/\/admin.industriall-union.org\/\",\"name\":\"industriall-union\",\"description\":\"\",\"potentialAction\":[{\"@type\":\"SearchAction\",\"target\":{\"@type\":\"EntryPoint\",\"urlTemplate\":\"https:\/\/admin.industriall-union.org\/?s={search_term_string}\"},\"query-input\":{\"@type\":\"PropertyValueSpecification\",\"valueRequired\":true,\"valueName\":\"search_term_string\"}}],\"inLanguage\":\"fr-FR\"}]}<\/script>\n<!-- \/ Yoast SEO Premium plugin. -->","yoast_head_json":{"title":"Les travailleurs de Holcim et Lafarge se pr\u00e9parent \u00e0 une mobilisation mondiale - industriall-union","description":"De nouvelles actions sont pr\u00e9vues dans les installations de Holcim Lafarge en Am\u00e9rique du Sud et du Nord, en Asie et en Europe le 28 avril &ndash; journ\u00e9e","robots":{"index":"index","follow":"follow","max-snippet":"max-snippet:-1","max-image-preview":"max-image-preview:large","max-video-preview":"max-video-preview:-1"},"canonical":"https:\/\/admin.industriall-union.org\/fr\/les-travailleurs-de-holcim-et-lafarge-se-preparent-a-une-mobilisation-mondiale\/","og_locale":"fr_FR","og_type":"article","og_title":"Les travailleurs de Holcim et Lafarge se pr\u00e9parent \u00e0 une mobilisation mondiale","og_description":"De nouvelles actions sont pr\u00e9vues dans les installations de Holcim Lafarge en Am\u00e9rique du Sud et du Nord, en Asie et en Europe le 28 avril &ndash; journ\u00e9e","og_url":"https:\/\/admin.industriall-union.org\/fr\/les-travailleurs-de-holcim-et-lafarge-se-preparent-a-une-mobilisation-mondiale\/","og_site_name":"industriall-union","article_modified_time":"2025-02-07T15:08:07+00:00","twitter_card":"summary_large_image","twitter_misc":{"Est. reading time":"3 minutes"},"schema":{"@context":"https:\/\/schema.org","@graph":[{"@type":"WebPage","@id":"https:\/\/admin.industriall-union.org\/fr\/les-travailleurs-de-holcim-et-lafarge-se-preparent-a-une-mobilisation-mondiale\/","url":"https:\/\/admin.industriall-union.org\/fr\/les-travailleurs-de-holcim-et-lafarge-se-preparent-a-une-mobilisation-mondiale\/","name":"Les travailleurs de Holcim et Lafarge se pr\u00e9parent \u00e0 une mobilisation mondiale - industriall-union","isPartOf":{"@id":"https:\/\/admin.industriall-union.org\/#website"},"datePublished":"2015-04-23T14:13:48+00:00","dateModified":"2025-02-07T15:08:07+00:00","description":"De nouvelles actions sont pr\u00e9vues dans les installations de Holcim Lafarge en Am\u00e9rique du Sud et du Nord, en Asie et en Europe le 28 avril &ndash; journ\u00e9e","breadcrumb":{"@id":"https:\/\/admin.industriall-union.org\/fr\/les-travailleurs-de-holcim-et-lafarge-se-preparent-a-une-mobilisation-mondiale\/#breadcrumb"},"inLanguage":"fr-FR","potentialAction":[{"@type":"ReadAction","target":["https:\/\/admin.industriall-union.org\/fr\/les-travailleurs-de-holcim-et-lafarge-se-preparent-a-une-mobilisation-mondiale\/"]}]},{"@type":"BreadcrumbList","@id":"https:\/\/admin.industriall-union.org\/fr\/les-travailleurs-de-holcim-et-lafarge-se-preparent-a-une-mobilisation-mondiale\/#breadcrumb","itemListElement":[{"@type":"ListItem","position":1,"name":"Home","item":"https:\/\/admin.industriall-union.org\/"},{"@type":"ListItem","position":2,"name":"Articles","item":"https:\/\/admin.industriall-union.org\/article\/"},{"@type":"ListItem","position":3,"name":"Les travailleurs de Holcim et Lafarge se pr\u00e9parent \u00e0 une mobilisation mondiale"}]},{"@type":"WebSite","@id":"https:\/\/admin.industriall-union.org\/#website","url":"https:\/\/admin.industriall-union.org\/","name":"industriall-union","description":"","potentialAction":[{"@type":"SearchAction","target":{"@type":"EntryPoint","urlTemplate":"https:\/\/admin.industriall-union.org\/?s={search_term_string}"},"query-input":{"@type":"PropertyValueSpecification","valueRequired":true,"valueName":"search_term_string"}}],"inLanguage":"fr-FR"}]}},"_links":{"self":[{"href":"https:\/\/admin.industriall-union.org\/fr\/wp-json\/wp\/v2\/article\/151569","targetHints":{"allow":["GET"]}}],"collection":[{"href":"https:\/\/admin.industriall-union.org\/fr\/wp-json\/wp\/v2\/article"}],"about":[{"href":"https:\/\/admin.industriall-union.org\/fr\/wp-json\/wp\/v2\/types\/article"}],"wp:attachment":[{"href":"https:\/\/admin.industriall-union.org\/fr\/wp-json\/wp\/v2\/media?parent=151569"}],"wp:term":[{"taxonomy":"issues","embeddable":true,"href":"https:\/\/admin.industriall-union.org\/fr\/wp-json\/wp\/v2\/issues?post=151569"},{"taxonomy":"companies","embeddable":true,"href":"https:\/\/admin.industriall-union.org\/fr\/wp-json\/wp\/v2\/companies?post=151569"},{"taxonomy":"regions","embeddable":true,"href":"https:\/\/admin.industriall-union.org\/fr\/wp-json\/wp\/v2\/regions?post=151569"},{"taxonomy":"sectors","embeddable":true,"href":"https:\/\/admin.industriall-union.org\/fr\/wp-json\/wp\/v2\/sectors?post=151569"},{"taxonomy":"article_tags","embeddable":true,"href":"https:\/\/admin.industriall-union.org\/fr\/wp-json\/wp\/v2\/article_tags?post=151569"}],"curies":[{"name":"wp","href":"https:\/\/api.w.org\/{rel}","templated":true}]}}