{"id":151566,"date":"2015-04-24T12:50:17","date_gmt":"2015-04-24T12:50:17","guid":{"rendered":"https:\/\/admin.industriall-union.org\/les-mineurs-ukrainiens-contestent-la-destruction-de-leur-industrie-charbonniere\/"},"modified":"2025-02-07T15:03:38","modified_gmt":"2025-02-07T15:03:38","slug":"les-mineurs-ukrainiens-contestent-la-destruction-de-leur-industrie-charbonniere","status":"publish","type":"article","link":"https:\/\/admin.industriall-union.org\/fr\/les-mineurs-ukrainiens-contestent-la-destruction-de-leur-industrie-charbonniere\/","title":{"rendered":"Les mineurs ukrainiens contestent la destruction de leur industrie charbonni\u00e8re"},"content":{"rendered":"<p>La veille, le 21 avril, s&rsquo;est tenu \u00e0 Kiev le Troisi\u00e8me Congr\u00e8s des Mineurs ukrainiens, organis\u00e9 par les affili\u00e9s d&rsquo;IndustriALL, le Syndicat des Travailleurs des Mines de Charbon d&rsquo;Ukraine et le Syndicat ind\u00e9pendant des Mineurs des Charbonnages d&rsquo;Ukraine. Pr\u00e8s de 800 d\u00e9l\u00e9gu\u00e9s venus de tout le pays se sont rencontr\u00e9s pour d\u00e9battre de la situation d\u00e9licate de l&rsquo;industrie charbonni\u00e8re ukrainienne. Ils ont exig\u00e9 que le Pr\u00e9sident convoque une r\u00e9union du Conseil national de S\u00e9curit\u00e9 et D\u00e9fense d&rsquo;Ukraine pour \u00e9laborer de futurs plans d&rsquo;action au vu de la situation difficile du secteur.<\/p><p>Le Congr\u00e8s a \u00e9galement revendiqu\u00e9 que le gouvernement apure les arri\u00e9r\u00e9s de salaire, restaure les protections sociales pour les travailleurs, fixe un prix \u00e9quitable pour le charbon ukrainien ne devant pas \u00eatre inf\u00e9rieur \u00e0 celui du charbon import\u00e9, arr\u00eate l&rsquo;importation de charbon, apporte un soutien financier aux mines et au secteur en g\u00e9n\u00e9ral et \u00e9carte la politique de fermeture des mines. La d\u00e9mission de Volodymyr Demchyshyn, Ministre de l&rsquo;\u00c9nergie et de l&rsquo;Industrie charbonni\u00e8re, a aussi \u00e9t\u00e9 r\u00e9clam\u00e9e.<\/p><p>Les milliers de mineurs qui manifestaient devant le Si\u00e8ge du Conseil des Ministres ont \u00e9galement r\u00e9clam\u00e9 une entrevue avec le Premier Ministre Arseniy Yatsenyuk. Mikhailo Volynets, Pr\u00e9sident du Syndicat ind\u00e9pendant des Mineurs des Charbonnages d&rsquo;Ukraine, a pr\u00e9venu les autorit\u00e9s que les mineurs lanceraient des gr\u00e8ves nationales si elles ignoraient leurs revendications.<\/p><p>En janvier, 1.500 mineurs issus des affili\u00e9s d&rsquo;IndustriALL et venus de tout le pays avaient tenu un piquet devant le Si\u00e8ge du Conseil des Ministres \u00e0 Kiev pour exiger que le gouvernement revoie le budget de l&rsquo;\u00c9tat pour 2015. Celui-ci devrait reprendre le financement n\u00e9cessaire au versement des arri\u00e9r\u00e9s de salaire, au sauvetage des activit\u00e9s mini\u00e8res, \u00e0 l&rsquo;am\u00e9lioration de la sant\u00e9 et de la s\u00e9curit\u00e9 et \u00e0 la remise en place de la protection sociale des actifs et retrait\u00e9s du secteur. Certaines mesures ont \u00e9t\u00e9 prises en ce qui concerne une partie des arri\u00e9r\u00e9s de salaire, mais le probl\u00e8me est loin d&rsquo;\u00eatre r\u00e9gl\u00e9.<\/p>","protected":false},"featured_media":0,"template":"","issues":[396,420,425],"companies":[],"regions":[252],"sectors":[495],"article_tags":[],"class_list":["post-151566","article","type-article","status-publish","hentry","issues-building-strong-unions","issues-solidarity","issues-workers-rights","regions-ukraine","sectors-mining"],"acf":[],"yoast_head":"<!-- This site is optimized with the Yoast SEO Premium plugin v27.1 (Yoast SEO v27.1) - https:\/\/yoast.com\/product\/yoast-seo-premium-wordpress\/ -->\n<title>Les mineurs ukrainiens contestent la destruction de leur industrie charbonni\u00e8re - industriall-union<\/title>\n<meta name=\"description\" content=\"La veille, le 21 avril, s&rsquo;est tenu \u00e0 Kiev le Troisi\u00e8me Congr\u00e8s des Mineurs ukrainiens, organis\u00e9 par les affili\u00e9s d&rsquo;IndustriALL, le Syndicat\" \/>\n<meta name=\"robots\" content=\"index, follow, max-snippet:-1, max-image-preview:large, max-video-preview:-1\" \/>\n<link rel=\"canonical\" href=\"https:\/\/admin.industriall-union.org\/fr\/les-mineurs-ukrainiens-contestent-la-destruction-de-leur-industrie-charbonniere\/\" \/>\n<meta property=\"og:locale\" content=\"fr_FR\" \/>\n<meta property=\"og:type\" content=\"article\" \/>\n<meta property=\"og:title\" content=\"Les mineurs ukrainiens contestent la destruction de leur industrie charbonni\u00e8re\" \/>\n<meta property=\"og:description\" content=\"La veille, le 21 avril, s&rsquo;est tenu \u00e0 Kiev le Troisi\u00e8me Congr\u00e8s des Mineurs ukrainiens, organis\u00e9 par les affili\u00e9s d&rsquo;IndustriALL, le Syndicat\" \/>\n<meta property=\"og:url\" content=\"https:\/\/admin.industriall-union.org\/fr\/les-mineurs-ukrainiens-contestent-la-destruction-de-leur-industrie-charbonniere\/\" \/>\n<meta property=\"og:site_name\" content=\"industriall-union\" \/>\n<meta property=\"article:modified_time\" content=\"2025-02-07T15:03:38+00:00\" \/>\n<meta name=\"twitter:card\" content=\"summary_large_image\" \/>\n<meta name=\"twitter:label1\" content=\"Est. reading time\" \/>\n\t<meta name=\"twitter:data1\" content=\"2 minutes\" \/>\n<script type=\"application\/ld+json\" class=\"yoast-schema-graph\">{\"@context\":\"https:\/\/schema.org\",\"@graph\":[{\"@type\":\"WebPage\",\"@id\":\"https:\/\/admin.industriall-union.org\/fr\/les-mineurs-ukrainiens-contestent-la-destruction-de-leur-industrie-charbonniere\/\",\"url\":\"https:\/\/admin.industriall-union.org\/fr\/les-mineurs-ukrainiens-contestent-la-destruction-de-leur-industrie-charbonniere\/\",\"name\":\"Les mineurs ukrainiens contestent la destruction de leur industrie charbonni\u00e8re - industriall-union\",\"isPartOf\":{\"@id\":\"https:\/\/admin.industriall-union.org\/ru\/#website\"},\"datePublished\":\"2015-04-24T12:50:17+00:00\",\"dateModified\":\"2025-02-07T15:03:38+00:00\",\"description\":\"La veille, le 21 avril, s&rsquo;est tenu \u00e0 Kiev le Troisi\u00e8me Congr\u00e8s des Mineurs ukrainiens, organis\u00e9 par les affili\u00e9s d&rsquo;IndustriALL, le Syndicat\",\"breadcrumb\":{\"@id\":\"https:\/\/admin.industriall-union.org\/fr\/les-mineurs-ukrainiens-contestent-la-destruction-de-leur-industrie-charbonniere\/#breadcrumb\"},\"inLanguage\":\"fr-FR\",\"potentialAction\":[{\"@type\":\"ReadAction\",\"target\":[\"https:\/\/admin.industriall-union.org\/fr\/les-mineurs-ukrainiens-contestent-la-destruction-de-leur-industrie-charbonniere\/\"]}]},{\"@type\":\"BreadcrumbList\",\"@id\":\"https:\/\/admin.industriall-union.org\/fr\/les-mineurs-ukrainiens-contestent-la-destruction-de-leur-industrie-charbonniere\/#breadcrumb\",\"itemListElement\":[{\"@type\":\"ListItem\",\"position\":1,\"name\":\"Home\",\"item\":\"https:\/\/admin.industriall-union.org\/ru\/\"},{\"@type\":\"ListItem\",\"position\":2,\"name\":\"Articles\",\"item\":\"https:\/\/admin.industriall-union.org\/ru\/article\/\"},{\"@type\":\"ListItem\",\"position\":3,\"name\":\"Les mineurs ukrainiens contestent la destruction de leur industrie charbonni\u00e8re\"}]},{\"@type\":\"WebSite\",\"@id\":\"https:\/\/admin.industriall-union.org\/ru\/#website\",\"url\":\"https:\/\/admin.industriall-union.org\/ru\/\",\"name\":\"industriall-union\",\"description\":\"\",\"potentialAction\":[{\"@type\":\"SearchAction\",\"target\":{\"@type\":\"EntryPoint\",\"urlTemplate\":\"https:\/\/admin.industriall-union.org\/ru\/?s={search_term_string}\"},\"query-input\":{\"@type\":\"PropertyValueSpecification\",\"valueRequired\":true,\"valueName\":\"search_term_string\"}}],\"inLanguage\":\"fr-FR\"}]}<\/script>\n<!-- \/ Yoast SEO Premium plugin. -->","yoast_head_json":{"title":"Les mineurs ukrainiens contestent la destruction de leur industrie charbonni\u00e8re - industriall-union","description":"La veille, le 21 avril, s&rsquo;est tenu \u00e0 Kiev le Troisi\u00e8me Congr\u00e8s des Mineurs ukrainiens, organis\u00e9 par les affili\u00e9s d&rsquo;IndustriALL, le Syndicat","robots":{"index":"index","follow":"follow","max-snippet":"max-snippet:-1","max-image-preview":"max-image-preview:large","max-video-preview":"max-video-preview:-1"},"canonical":"https:\/\/admin.industriall-union.org\/fr\/les-mineurs-ukrainiens-contestent-la-destruction-de-leur-industrie-charbonniere\/","og_locale":"fr_FR","og_type":"article","og_title":"Les mineurs ukrainiens contestent la destruction de leur industrie charbonni\u00e8re","og_description":"La veille, le 21 avril, s&rsquo;est tenu \u00e0 Kiev le Troisi\u00e8me Congr\u00e8s des Mineurs ukrainiens, organis\u00e9 par les affili\u00e9s d&rsquo;IndustriALL, le Syndicat","og_url":"https:\/\/admin.industriall-union.org\/fr\/les-mineurs-ukrainiens-contestent-la-destruction-de-leur-industrie-charbonniere\/","og_site_name":"industriall-union","article_modified_time":"2025-02-07T15:03:38+00:00","twitter_card":"summary_large_image","twitter_misc":{"Est. reading time":"2 minutes"},"schema":{"@context":"https:\/\/schema.org","@graph":[{"@type":"WebPage","@id":"https:\/\/admin.industriall-union.org\/fr\/les-mineurs-ukrainiens-contestent-la-destruction-de-leur-industrie-charbonniere\/","url":"https:\/\/admin.industriall-union.org\/fr\/les-mineurs-ukrainiens-contestent-la-destruction-de-leur-industrie-charbonniere\/","name":"Les mineurs ukrainiens contestent la destruction de leur industrie charbonni\u00e8re - industriall-union","isPartOf":{"@id":"https:\/\/admin.industriall-union.org\/ru\/#website"},"datePublished":"2015-04-24T12:50:17+00:00","dateModified":"2025-02-07T15:03:38+00:00","description":"La veille, le 21 avril, s&rsquo;est tenu \u00e0 Kiev le Troisi\u00e8me Congr\u00e8s des Mineurs ukrainiens, organis\u00e9 par les affili\u00e9s d&rsquo;IndustriALL, le Syndicat","breadcrumb":{"@id":"https:\/\/admin.industriall-union.org\/fr\/les-mineurs-ukrainiens-contestent-la-destruction-de-leur-industrie-charbonniere\/#breadcrumb"},"inLanguage":"fr-FR","potentialAction":[{"@type":"ReadAction","target":["https:\/\/admin.industriall-union.org\/fr\/les-mineurs-ukrainiens-contestent-la-destruction-de-leur-industrie-charbonniere\/"]}]},{"@type":"BreadcrumbList","@id":"https:\/\/admin.industriall-union.org\/fr\/les-mineurs-ukrainiens-contestent-la-destruction-de-leur-industrie-charbonniere\/#breadcrumb","itemListElement":[{"@type":"ListItem","position":1,"name":"Home","item":"https:\/\/admin.industriall-union.org\/ru\/"},{"@type":"ListItem","position":2,"name":"Articles","item":"https:\/\/admin.industriall-union.org\/ru\/article\/"},{"@type":"ListItem","position":3,"name":"Les mineurs ukrainiens contestent la destruction de leur industrie charbonni\u00e8re"}]},{"@type":"WebSite","@id":"https:\/\/admin.industriall-union.org\/ru\/#website","url":"https:\/\/admin.industriall-union.org\/ru\/","name":"industriall-union","description":"","potentialAction":[{"@type":"SearchAction","target":{"@type":"EntryPoint","urlTemplate":"https:\/\/admin.industriall-union.org\/ru\/?s={search_term_string}"},"query-input":{"@type":"PropertyValueSpecification","valueRequired":true,"valueName":"search_term_string"}}],"inLanguage":"fr-FR"}]}},"_links":{"self":[{"href":"https:\/\/admin.industriall-union.org\/fr\/wp-json\/wp\/v2\/article\/151566","targetHints":{"allow":["GET"]}}],"collection":[{"href":"https:\/\/admin.industriall-union.org\/fr\/wp-json\/wp\/v2\/article"}],"about":[{"href":"https:\/\/admin.industriall-union.org\/fr\/wp-json\/wp\/v2\/types\/article"}],"wp:attachment":[{"href":"https:\/\/admin.industriall-union.org\/fr\/wp-json\/wp\/v2\/media?parent=151566"}],"wp:term":[{"taxonomy":"issues","embeddable":true,"href":"https:\/\/admin.industriall-union.org\/fr\/wp-json\/wp\/v2\/issues?post=151566"},{"taxonomy":"companies","embeddable":true,"href":"https:\/\/admin.industriall-union.org\/fr\/wp-json\/wp\/v2\/companies?post=151566"},{"taxonomy":"regions","embeddable":true,"href":"https:\/\/admin.industriall-union.org\/fr\/wp-json\/wp\/v2\/regions?post=151566"},{"taxonomy":"sectors","embeddable":true,"href":"https:\/\/admin.industriall-union.org\/fr\/wp-json\/wp\/v2\/sectors?post=151566"},{"taxonomy":"article_tags","embeddable":true,"href":"https:\/\/admin.industriall-union.org\/fr\/wp-json\/wp\/v2\/article_tags?post=151566"}],"curies":[{"name":"wp","href":"https:\/\/api.w.org\/{rel}","templated":true}]}}