{"id":151473,"date":"2015-05-07T15:11:08","date_gmt":"2015-05-07T15:11:08","guid":{"rendered":"https:\/\/admin.industriall-union.org\/les-syndicats-envoient-un-message-fort-aux-actionnaires-de-glencore\/"},"modified":"2025-02-07T14:15:50","modified_gmt":"2025-02-07T14:15:50","slug":"les-syndicats-envoient-un-message-fort-aux-actionnaires-de-glencore","status":"publish","type":"article","link":"https:\/\/admin.industriall-union.org\/fr\/les-syndicats-envoient-un-message-fort-aux-actionnaires-de-glencore\/","title":{"rendered":"Les syndicats envoient un message fort aux actionnaires de Glencore"},"content":{"rendered":"<p>La d\u00e9l\u00e9gation internationale de IndustriALL s&rsquo;est retrouv\u00e9e devant la salle de r\u00e9union \u00e0 Zug, pour distribuer des tracts relatant aux actionnaires les nombreuses infractions de Glencore aux droits des travailleurs et travailleuses dans le monde, juste avant le d\u00e9but de la s\u00e9ance, puis la d\u00e9l\u00e9gation est entr\u00e9e \u00e0 l&rsquo;assembl\u00e9e g\u00e9n\u00e9rale pour d\u00e9livrer son message.<\/p><p>Les questions syndicales ont domin\u00e9 la r\u00e9union car il \u00e9tait impossible pour l&rsquo;entreprise de continuer de les n\u00e9gliger. Certains actionnaires, qui ignoraient les infractions, ont quitt\u00e9 la salle, scandalis\u00e9s par la conduite de Glencore.<\/p><p>&ldquo;Le directeur g\u00e9n\u00e9ral, lui-m\u00eame, consid\u00e9rait comme l\u00e9gitimes les questions soulev\u00e9es, et il s&rsquo;est engag\u00e9 \u00e0 aller parler aux gens sur le terrain. Ces questions devront \u00eatre r\u00e9solues d&rsquo;une fa\u00e7on ou d&rsquo;une autre,&rdquo; dit Glen Mpufane, directeur de l&rsquo;exploitation mini\u00e8re \u00e0 IndustriALL.<\/p><p>&ldquo;La r\u00e9ponse obtenue apr\u00e8s mon intervention sur les infractions aux droits des travailleurs et travailleuses en Colombie n&rsquo;\u00e9tait pas acceptable, l&rsquo;entreprise estimant que les salari\u00e9s sont libres d&rsquo;adh\u00e9rer \u00e0 un syndicat, alors qu&rsquo;en r\u00e9alit\u00e9, ils font face \u00e0 de l&rsquo;intimidation,&rdquo; dit Igor Diaz, responsable de l&rsquo;\u00e9ducation chez Sintracarbon et coordonnateur du r\u00e9seau Glencore.&nbsp;<\/p><p>Rey Herrera, vice-pr\u00e9sident de la section 235A de l&rsquo;USW a incit\u00e9 l&rsquo;entreprise \u00e0 mettre fin imm\u00e9diatement au lock-out dans leurs installations Shermin Alumina au Texas, et de remettre le personnel au travail tout en poursuivant la n\u00e9gociation pour obtenir un contrat juste et \u00e9quitable.<\/p><p>&ldquo;Ils ont dit qu&rsquo;ils feraient un effort pour parler avec nous, mais ce qu&rsquo;ils disent et ce qu&rsquo;ils font sont deux choses diff\u00e9rentes,&rdquo; dit Herrera.<\/p><p>&ldquo;J&rsquo;ai assist\u00e9 \u00e0 beaucoup d&rsquo;assembl\u00e9es g\u00e9n\u00e9rales et je dois dire que nous avons r\u00e9ussi \u00e0 parler de toutes les questions qui nous concernent. J&rsquo;ai eu le plaisir d&rsquo;un entretien t\u00eate \u00e0 t\u00eate avec le directeur g\u00e9n\u00e9ral de Glencore, Yvan Glasenberg, pour examiner les questions qui se posent aux \u00c9tats-Unis, en Colombie, en Afrique du Sud et en Australie, et l&rsquo;on peut seulement esp\u00e9rer que les services de direction en tiendront compte,&rdquo; dit Wayne McAndrew, vice-pr\u00e9sident national des mines et de l&rsquo;\u00e9nergie du CFMEU.<\/p><p>La d\u00e9l\u00e9gation internationale \u00e9tait compos\u00e9e d&rsquo;affili\u00e9s de IndustriALL, United Steelworkers (USW), syndicat national des mineurs (NUM), syndicat de la construction, de la foresterie, des mines et de l&rsquo;\u00e9nergie (CFMEU), et SintraCarbon, qui ont pass\u00e9 toute la semaine \u00e0 organiser des \u00e9v\u00e8nements de solidarit\u00e9 et des r\u00e9unions avec des dirigeant(e)s politiques et des d\u00e9fenseurs des droits de la personne en Suisse.<\/p><p>Au cours de la p\u00e9riode de pr\u00e9paration de l&rsquo;assembl\u00e9e g\u00e9n\u00e9rale, l&rsquo;objectif visait \u00e0 exposer le comportement de Glencore et montrer que les pratiques de l&rsquo;entreprise \u00e9taient tr\u00e8s diff\u00e9rentes de sa rh\u00e9torique.<\/p><p>Glen Mpufane dit:<\/p><blockquote><p>Glencore assure respecter les communaut\u00e9s, la n\u00e9gociation collective et le droit des salari\u00e9s \u00e0 adh\u00e9rer librement au syndicat de leur choix, mais les t\u00e9moignages des affili\u00e9s recueillis par IndustriALL montrent que dans plus de 14 pays, on assiste \u00e0 une brutalit\u00e9 et un manque de respect syst\u00e9matiques des droits des travailleurs et travailleuses dans toutes les activit\u00e9s de l&rsquo;entreprise.<\/p><\/blockquote><p>Une conf\u00e9rence publique sur une initiative de responsabilit\u00e9 sociale d&rsquo;entreprise pour les entreprises multinationales suisses (EMN) a eu lieu le 4 mai dans laquelle on a pu entendre des r\u00e9cits d\u00e9chirants d&rsquo;attaques brutales de Glencore contre les travailleurs et travailleuses et leurs communaut\u00e9s au Texas, en Colombie, en Afrique du Sud et en Australie.<\/p><p>Le 5 mai, la d\u00e9l\u00e9gation a eu un entretien avec la division Actrav de l&rsquo;Organisation internationale du Travail (OIT) o\u00f9 elle a pu d\u00e9fendre son point de vue et explorer des solutions de l&rsquo;OIT.<\/p><p>La mission de la d\u00e9l\u00e9gation s&rsquo;est trouv\u00e9e renforc\u00e9e par l&rsquo;invitation de s&rsquo;adresser aux membres du Parlement f\u00e9d\u00e9ral \u00e0 Berne le 6 mai. La r\u00e9union a confirm\u00e9 le besoin urgent et appropri\u00e9 de l&rsquo;initiative suisse sur les EMN suisses. Un protocole d&rsquo;engagement, de consultation et de communication avec IndustriALL a \u00e9t\u00e9 approuv\u00e9.<\/p>","protected":false},"featured_media":0,"template":"","issues":[],"companies":[],"regions":[],"sectors":[],"article_tags":[],"class_list":["post-151473","article","type-article","status-publish","hentry"],"acf":[],"yoast_head":"<!-- This site is optimized with the Yoast SEO Premium plugin v27.1 (Yoast SEO v27.1) - https:\/\/yoast.com\/product\/yoast-seo-premium-wordpress\/ -->\n<title>Les syndicats envoient un message fort aux actionnaires de Glencore - industriall-union<\/title>\n<meta name=\"description\" content=\"La d\u00e9l\u00e9gation internationale de IndustriALL s&rsquo;est retrouv\u00e9e devant la salle de r\u00e9union \u00e0 Zug, pour distribuer des tracts relatant aux actionnaires\" \/>\n<meta name=\"robots\" content=\"index, follow, max-snippet:-1, max-image-preview:large, max-video-preview:-1\" \/>\n<link rel=\"canonical\" href=\"https:\/\/admin.industriall-union.org\/fr\/les-syndicats-envoient-un-message-fort-aux-actionnaires-de-glencore\/\" \/>\n<meta property=\"og:locale\" content=\"fr_FR\" \/>\n<meta property=\"og:type\" content=\"article\" \/>\n<meta property=\"og:title\" content=\"Les syndicats envoient un message fort aux actionnaires de Glencore\" \/>\n<meta property=\"og:description\" content=\"La d\u00e9l\u00e9gation internationale de IndustriALL s&rsquo;est retrouv\u00e9e devant la salle de r\u00e9union \u00e0 Zug, pour distribuer des tracts relatant aux actionnaires\" \/>\n<meta property=\"og:url\" content=\"https:\/\/admin.industriall-union.org\/fr\/les-syndicats-envoient-un-message-fort-aux-actionnaires-de-glencore\/\" \/>\n<meta property=\"og:site_name\" content=\"industriall-union\" \/>\n<meta property=\"article:modified_time\" content=\"2025-02-07T14:15:50+00:00\" \/>\n<meta name=\"twitter:card\" content=\"summary_large_image\" \/>\n<meta name=\"twitter:label1\" content=\"Est. reading time\" \/>\n\t<meta name=\"twitter:data1\" content=\"4 minutes\" \/>\n<script type=\"application\/ld+json\" class=\"yoast-schema-graph\">{\"@context\":\"https:\/\/schema.org\",\"@graph\":[{\"@type\":\"WebPage\",\"@id\":\"https:\/\/admin.industriall-union.org\/fr\/les-syndicats-envoient-un-message-fort-aux-actionnaires-de-glencore\/\",\"url\":\"https:\/\/admin.industriall-union.org\/fr\/les-syndicats-envoient-un-message-fort-aux-actionnaires-de-glencore\/\",\"name\":\"Les syndicats envoient un message fort aux actionnaires de Glencore - industriall-union\",\"isPartOf\":{\"@id\":\"https:\/\/admin.industriall-union.org\/#website\"},\"datePublished\":\"2015-05-07T15:11:08+00:00\",\"dateModified\":\"2025-02-07T14:15:50+00:00\",\"description\":\"La d\u00e9l\u00e9gation internationale de IndustriALL s&rsquo;est retrouv\u00e9e devant la salle de r\u00e9union \u00e0 Zug, pour distribuer des tracts relatant aux actionnaires\",\"breadcrumb\":{\"@id\":\"https:\/\/admin.industriall-union.org\/fr\/les-syndicats-envoient-un-message-fort-aux-actionnaires-de-glencore\/#breadcrumb\"},\"inLanguage\":\"fr-FR\",\"potentialAction\":[{\"@type\":\"ReadAction\",\"target\":[\"https:\/\/admin.industriall-union.org\/fr\/les-syndicats-envoient-un-message-fort-aux-actionnaires-de-glencore\/\"]}]},{\"@type\":\"BreadcrumbList\",\"@id\":\"https:\/\/admin.industriall-union.org\/fr\/les-syndicats-envoient-un-message-fort-aux-actionnaires-de-glencore\/#breadcrumb\",\"itemListElement\":[{\"@type\":\"ListItem\",\"position\":1,\"name\":\"Home\",\"item\":\"https:\/\/admin.industriall-union.org\/\"},{\"@type\":\"ListItem\",\"position\":2,\"name\":\"Articles\",\"item\":\"https:\/\/admin.industriall-union.org\/article\/\"},{\"@type\":\"ListItem\",\"position\":3,\"name\":\"Les syndicats envoient un message fort aux actionnaires de Glencore\"}]},{\"@type\":\"WebSite\",\"@id\":\"https:\/\/admin.industriall-union.org\/#website\",\"url\":\"https:\/\/admin.industriall-union.org\/\",\"name\":\"industriall-union\",\"description\":\"\",\"potentialAction\":[{\"@type\":\"SearchAction\",\"target\":{\"@type\":\"EntryPoint\",\"urlTemplate\":\"https:\/\/admin.industriall-union.org\/?s={search_term_string}\"},\"query-input\":{\"@type\":\"PropertyValueSpecification\",\"valueRequired\":true,\"valueName\":\"search_term_string\"}}],\"inLanguage\":\"fr-FR\"}]}<\/script>\n<!-- \/ Yoast SEO Premium plugin. -->","yoast_head_json":{"title":"Les syndicats envoient un message fort aux actionnaires de Glencore - industriall-union","description":"La d\u00e9l\u00e9gation internationale de IndustriALL s&rsquo;est retrouv\u00e9e devant la salle de r\u00e9union \u00e0 Zug, pour distribuer des tracts relatant aux actionnaires","robots":{"index":"index","follow":"follow","max-snippet":"max-snippet:-1","max-image-preview":"max-image-preview:large","max-video-preview":"max-video-preview:-1"},"canonical":"https:\/\/admin.industriall-union.org\/fr\/les-syndicats-envoient-un-message-fort-aux-actionnaires-de-glencore\/","og_locale":"fr_FR","og_type":"article","og_title":"Les syndicats envoient un message fort aux actionnaires de Glencore","og_description":"La d\u00e9l\u00e9gation internationale de IndustriALL s&rsquo;est retrouv\u00e9e devant la salle de r\u00e9union \u00e0 Zug, pour distribuer des tracts relatant aux actionnaires","og_url":"https:\/\/admin.industriall-union.org\/fr\/les-syndicats-envoient-un-message-fort-aux-actionnaires-de-glencore\/","og_site_name":"industriall-union","article_modified_time":"2025-02-07T14:15:50+00:00","twitter_card":"summary_large_image","twitter_misc":{"Est. reading time":"4 minutes"},"schema":{"@context":"https:\/\/schema.org","@graph":[{"@type":"WebPage","@id":"https:\/\/admin.industriall-union.org\/fr\/les-syndicats-envoient-un-message-fort-aux-actionnaires-de-glencore\/","url":"https:\/\/admin.industriall-union.org\/fr\/les-syndicats-envoient-un-message-fort-aux-actionnaires-de-glencore\/","name":"Les syndicats envoient un message fort aux actionnaires de Glencore - industriall-union","isPartOf":{"@id":"https:\/\/admin.industriall-union.org\/#website"},"datePublished":"2015-05-07T15:11:08+00:00","dateModified":"2025-02-07T14:15:50+00:00","description":"La d\u00e9l\u00e9gation internationale de IndustriALL s&rsquo;est retrouv\u00e9e devant la salle de r\u00e9union \u00e0 Zug, pour distribuer des tracts relatant aux actionnaires","breadcrumb":{"@id":"https:\/\/admin.industriall-union.org\/fr\/les-syndicats-envoient-un-message-fort-aux-actionnaires-de-glencore\/#breadcrumb"},"inLanguage":"fr-FR","potentialAction":[{"@type":"ReadAction","target":["https:\/\/admin.industriall-union.org\/fr\/les-syndicats-envoient-un-message-fort-aux-actionnaires-de-glencore\/"]}]},{"@type":"BreadcrumbList","@id":"https:\/\/admin.industriall-union.org\/fr\/les-syndicats-envoient-un-message-fort-aux-actionnaires-de-glencore\/#breadcrumb","itemListElement":[{"@type":"ListItem","position":1,"name":"Home","item":"https:\/\/admin.industriall-union.org\/"},{"@type":"ListItem","position":2,"name":"Articles","item":"https:\/\/admin.industriall-union.org\/article\/"},{"@type":"ListItem","position":3,"name":"Les syndicats envoient un message fort aux actionnaires de Glencore"}]},{"@type":"WebSite","@id":"https:\/\/admin.industriall-union.org\/#website","url":"https:\/\/admin.industriall-union.org\/","name":"industriall-union","description":"","potentialAction":[{"@type":"SearchAction","target":{"@type":"EntryPoint","urlTemplate":"https:\/\/admin.industriall-union.org\/?s={search_term_string}"},"query-input":{"@type":"PropertyValueSpecification","valueRequired":true,"valueName":"search_term_string"}}],"inLanguage":"fr-FR"}]}},"_links":{"self":[{"href":"https:\/\/admin.industriall-union.org\/fr\/wp-json\/wp\/v2\/article\/151473","targetHints":{"allow":["GET"]}}],"collection":[{"href":"https:\/\/admin.industriall-union.org\/fr\/wp-json\/wp\/v2\/article"}],"about":[{"href":"https:\/\/admin.industriall-union.org\/fr\/wp-json\/wp\/v2\/types\/article"}],"wp:attachment":[{"href":"https:\/\/admin.industriall-union.org\/fr\/wp-json\/wp\/v2\/media?parent=151473"}],"wp:term":[{"taxonomy":"issues","embeddable":true,"href":"https:\/\/admin.industriall-union.org\/fr\/wp-json\/wp\/v2\/issues?post=151473"},{"taxonomy":"companies","embeddable":true,"href":"https:\/\/admin.industriall-union.org\/fr\/wp-json\/wp\/v2\/companies?post=151473"},{"taxonomy":"regions","embeddable":true,"href":"https:\/\/admin.industriall-union.org\/fr\/wp-json\/wp\/v2\/regions?post=151473"},{"taxonomy":"sectors","embeddable":true,"href":"https:\/\/admin.industriall-union.org\/fr\/wp-json\/wp\/v2\/sectors?post=151473"},{"taxonomy":"article_tags","embeddable":true,"href":"https:\/\/admin.industriall-union.org\/fr\/wp-json\/wp\/v2\/article_tags?post=151473"}],"curies":[{"name":"wp","href":"https:\/\/api.w.org\/{rel}","templated":true}]}}