{"id":151430,"date":"2015-05-18T15:42:28","date_gmt":"2015-05-18T15:42:28","guid":{"rendered":"https:\/\/admin.industriall-union.org\/enquete-les-profits-avant-les-gens-la-plaie-de-l-industrie-miniere-en-turquie\/"},"modified":"2025-02-07T13:58:09","modified_gmt":"2025-02-07T13:58:09","slug":"enquete-les-profits-avant-les-gens-la-plaie-de-l-industrie-miniere-en-turquie","status":"publish","type":"article","link":"https:\/\/admin.industriall-union.org\/fr\/enquete-les-profits-avant-les-gens-la-plaie-de-l-industrie-miniere-en-turquie\/","title":{"rendered":"ENQU\u00caTE: Les profits avant les gens, la plaie de l\u2019industrie mini\u00e8re en Turquie"},"content":{"rendered":"<h2>ENQU\u00caTE<\/h2><p><strong>Pays<\/strong>: Turquie<\/p><p><strong>Texte:<\/strong> Leonie Guguen<\/p><p>Travailler dans un charbonnage reste l&rsquo;un des m\u00e9tiers les plus dangereux du monde. \u00c0 c\u00f4t\u00e9 des explosions et des incendies, les mineurs sont confront\u00e9s chaque jour \u00e0 la possibilit\u00e9 de l&rsquo;effondrement d&rsquo;une galerie ou d&rsquo;\u00eatre emmur\u00e9s ou ensevelis sous des \u00e9boulements de charbon ou de roche, d&rsquo;\u00eatre expos\u00e9s \u00e0 des \u00e9manations de gaz toxiques ou asphyxiants ou \u00e0 des produits chimiques dangereux, d&rsquo;\u00eatre mutil\u00e9s par des \u00e9quipements lourds, pour ne citer que quelques risques.<\/p><p>Les entreprises mini\u00e8res priv\u00e9es sont obs\u00e9d\u00e9es par la productivit\u00e9 et les b\u00e9n\u00e9fices. C&rsquo;\u00e9tait tr\u00e8s \u00e9vident \u00e0 Soma, o\u00f9 l&rsquo;op\u00e9rateur priv\u00e9 Soma Holdings a repris la mine de l&rsquo;\u00e9tat turc en 2009.<\/p><p>Ayant l&rsquo;\u00e9tat comme acheteur assur\u00e9 de sa production, il avait toutes les motivations pour maximiser la production \u00e0 tout prix. Soma Holdings a tripl\u00e9 la production par rapport \u00e0 ce qui avait \u00e9t\u00e9 estim\u00e9 possible \u00e0 l&rsquo;origine. En mai 2014, l&rsquo;entreprise avait pu extraite la quantit\u00e9 ph\u00e9nom\u00e9nale de 15 millions de tonnes, chiffre qui n&#039;aurait d\u00fb \u00eatre atteint que trois ans plus tard.<\/p><p>Cependant, alors que Soma Holdings mettait en \u0153uvre une expansion rapide de la mine, elle a n\u00e9glig\u00e9 l&rsquo;extension et l&rsquo;entretien du syst\u00e8me de ventilation, vital pour fournir de l&rsquo;air frais aux mineurs.<\/p><p>Au m\u00e9pris total de la s\u00e9curit\u00e9 des travailleurs, le 13 mai 2014, les gestionnaires de la mine ont poursuivi la production pendant deux heures apr\u00e8s que la chaleur et la fum\u00e9e aient \u00e9t\u00e9 d\u00e9tect\u00e9es en surface, tentant de r\u00e9gler le probl\u00e8me sans \u00e9vacuer la mine.<\/p><p>Apr\u00e8s l&rsquo;\u00e9norme explosion qui a suivi, le syst\u00e8me inad\u00e9quat de ventilation n&rsquo;a pas permis d&rsquo;\u00e9vacuer du puits le mortel monoxyde de carbone, pi\u00e9geant les mineurs dans une v\u00e9ritable chambre \u00e0 gaz.<\/p><p>Un rapport ind\u00e9pendant, sans r\u00e9mission sur la catastrophe, cite ce point comme \u00e9tant un facteur &ldquo;tr\u00e8s n\u00e9gatif&rdquo; dans les efforts de secours.<\/p><p>Ce rapport d&rsquo;experts de 126 pages a \u00e9galement \u00e9tabli que les relev\u00e9s des mesures concernant la s\u00e9curit\u00e9 \u00e9taient falsifi\u00e9s de mani\u00e8re routini\u00e8re et que de nombreux d\u00e9tecteurs de monoxyde de carbone \u00e9tait hors d&rsquo;usage. Le rapport \u00e9tabli clairement que la catastrophe de Soma \u00e9tait &ldquo;\u00e9vitable&rdquo;.<\/p><p>Une autre \u00e9tude, de l&rsquo;association turque des chambres d&rsquo;ing\u00e9nieurs et architectes TMMOB, a conclu&nbsp;: &ldquo;La raison de ce carnage (\u00e0 Soma) est la privatisation, la marchandisation et les politiques d&rsquo;externalisation des douze derni\u00e8res ann\u00e9es dans le secteur minier ainsi que dans le domaine de la sant\u00e9 et de la s\u00e9curit\u00e9.&rdquo;<\/p><h3>Soma<\/h3><ul><li>La pire trag\u00e9die mini\u00e8re en Turquie<\/li><li>301 mineurs tu\u00e9s<\/li><li>432 enfants ont perdu leur p\u00e8re<\/li><li>Cause principale de la mort&nbsp;: empoisonnement au monoxyde de carbone<\/li><li>Un rapport ind\u00e9pendant \u00e9tablit que la trag\u00e9die \u00e9tait &ldquo;\u00e9vitable&rdquo;<\/li><li>Le syst\u00e8me de ventilation a cr\u00e9\u00e9 un pi\u00e8ge mortel<\/li><li>Les relev\u00e9s concernant la s\u00e9curit\u00e9 dans la mine \u00e9taient falsifi\u00e9s<\/li><li>Des d\u00e9tecteurs de monoxyde de carbone \u00e9taient d\u00e9fectueux<\/li><li>Des masques \u00e0 gaz \u00e9taient hors d&rsquo;usage<\/li><li>Soma Holdings, la direction de l&rsquo;entreprise, les contrema\u00eetres, les inspecteurs de la s\u00e9curit\u00e9 et le gouvernement sont tous \u00e0 bl\u00e2mer<\/li><\/ul><h3>Victoire syndicale au plan mondial&nbsp;: la Turquie ratifie la C176<\/h3><p>Il aura fallu la trag\u00e9die de Soma, la pire catastrophe mini\u00e8re de tous les temps en Turquie, une parmi tant d&rsquo;autres, pour que le pays approuve finalement la Convention 176 de l&rsquo;Organisation internationale du Travail, celle qui porte sur la sant\u00e9 et la s\u00e9curit\u00e9 dans les mines.<\/p><p>La C176, qui \u00e9tablit des principes directeurs internationaux pour l&rsquo;industrie mini\u00e8re, a \u00e9t\u00e9 adopt\u00e9e par l&rsquo;OIT en 1995 \u00e0 l&rsquo;initiative d&rsquo;une f\u00e9d\u00e9ration constitutive d&rsquo;IndustriALL.<\/p><p>En r\u00e9alit\u00e9, la victoire que constitue pour les mineurs turcs la ratification de la C176 intervient apr\u00e8s des ann\u00e9es de campagnes men\u00e9es par IndustriALL avec son affili\u00e9 turc Maden-Is et le soutien du CFMEU d&rsquo;Australie, de la NUM d&rsquo;Afrique du Sud, des M\u00e9tallos USW des \u00c9tats-Unis, de ROSUGLEPROF de Russie et d&rsquo;IG BCE d&rsquo;Allemagne.<\/p><p>IndustriALL \u00e9tait d\u00e9termin\u00e9e \u00e0 ce que les 301 vies n&rsquo;aient pas \u00e9t\u00e9 sacrifi\u00e9es en vain. Dans le sillage imm\u00e9diat de la catastrophe de Soma, le Secr\u00e9taire g\u00e9n\u00e9ral adjoint d&rsquo;IndustriALL, Kemal \u00d6zkan, et le pr\u00e9sident de la section des mines, Andrew Vickers, du CFMEU, ont conduit une mission de solidarit\u00e9 sur le lieu m\u00eame de la catastrophe en compagnie d&rsquo;affili\u00e9s du secteur des mines en provenance du monde entier.<\/p><p>Une fois encore, IndustriALL a jou\u00e9 son r\u00f4le \u00e0 l&rsquo;OIT en insistant aupr\u00e8s de l&rsquo;organisation pour qu&rsquo;elle mette la pression sur la Turquie afin d&rsquo;obtenir sa ratification de la C176.<\/p><p>Apr\u00e8s que 18 mineurs ont \u00e9t\u00e9 tu\u00e9s dans un autre accident minier \u00e9vitable au charbonnage de Has Sekerler pr\u00e8s d&rsquo;Ermenek le 28 octobre 2014, IndustriALL a imm\u00e9diatement \u00e9crit \u00e0 chacun des 535 membres du Parlement de Turquie pour exiger la ratification de la C176.<\/p><p>Moins de six semaines plus tard, le 4 d\u00e9cembre 2014, le Parlement de Turquie a finalement approuv\u00e9 la ratification de la Convention de l&rsquo;OIT sur la S\u00e9curit\u00e9 et la Sant\u00e9 dans les Mines, la Convention 176. &ldquo;Cela ne se serait jamais produit sans les syndicats,&rdquo; pr\u00e9cise Kemal \u00d6zkan.<\/p><p>\u00c0 la suite de la catastrophe de Soma, 60 sites miniers ont \u00e9t\u00e9 ferm\u00e9s pour des raisons \u00e9conomiques et de s\u00e9curit\u00e9, apr\u00e8s que le gouvernement a augment\u00e9 en toute h\u00e2te le nombre et la diligence de ses inspections.<\/p><p>Environ 6.000 mineurs y ont \u00e9t\u00e9 mis \u00e0 pied, mais nombre des mines ferm\u00e9es ont ensuite pu rouvrir et les travailleurs ont retrouv\u00e9 leur emploi.<\/p><p>Pour les survivants de Soma, la situation est pire. Le 1er d\u00e9cembre dernier, 2.800 mineurs du site maudit ont \u00e9t\u00e9 licenci\u00e9s. Ils sont toujours dans l&rsquo;attente de primes de licenciement et sans garantie d&rsquo;un emploi pour assurer leur avenir.<\/p><h3>Les charbonnages meurtriers de Turquie<\/h3><p>Le succ\u00e8s de la C176 d\u00e9pend de sa mise en \u0153uvre et de son application dans un pays o\u00f9 m\u00eame le Pr\u00e9sident, Recep Tayyip Erdo\u011fan, a d\u00e9clar\u00e9 publiquement que les accidents dans les mines de charbon \u00e9taient in\u00e9vitables et que mourir au travail faisait partie de la &ldquo;destin\u00e9e&rdquo; d&rsquo;un mineur.<\/p><p>Chaque jour, quelque 50.000 mineurs risquent leur vie dans des galeries souterraines. On d\u00e9nombre 1.500 d\u00e9c\u00e8s dans les mines turques depuis 2000. Un nombre hallucinant de 13.000 mineurs ont \u00e9t\u00e9 impliqu\u00e9s dans des accidents au cours de la seule ann\u00e9e 2013.<\/p><p>Statistiquement, les mineurs turcs sont parmi ceux qui risquent le plus de d\u00e9c\u00e9der au travail, selon l&rsquo;OIT.<\/p><p>Les accidents dans les mines repr\u00e9sentaient l&rsquo;an dernier en Turquie 10,4% de l&rsquo;ensemble des accidents du travail.<\/p><h3>Privatis\u00e9s au p\u00e9ril de leur vie<\/h3><p>La vague de privatisation qui a d\u00e9but\u00e9 en Turquie dans les ann\u00e9es 1980 a \u00e9t\u00e9 un d\u00e9sastre pour la sant\u00e9 et la s\u00e9curit\u00e9 des mineurs du pays.<\/p><p>&ldquo;Toute mine privatis\u00e9e est un autre Soma en puissance,&rdquo; s&rsquo;inqui\u00e8te Kenan Dikbiyik, ing\u00e9nieur des mines et conseiller technique aupr\u00e8s de Maden-Is. &ldquo;Les mines souterraines ne devraient pas \u00eatre confi\u00e9es \u00e0 des op\u00e9rateurs priv\u00e9s.&rdquo;<\/p><p>&ldquo;Les compagnies mini\u00e8res priv\u00e9es sont l\u00e0 pour dix ans, for\u00e7ant une production effr\u00e9n\u00e9e, sachant que le gouvernement ach\u00e8tera tout ce qu&rsquo;elles produiront,&rdquo; ajoute Dikbiyik.<\/p><p>&ldquo;Elles ne mettent m\u00eame pas en \u0153uvre un minimum de dispositions de sant\u00e9 et s\u00e9curit\u00e9 parce que cela co\u00fbte. Elles veulent maximiser la production en un minimum de temps possible.&rdquo;<\/p><p>90% de l&rsquo;ensemble des mineurs en Turquie travaillent maintenant pour un employeur priv\u00e9, contre 15% en 1981.<\/p><p>&ldquo;Les entreprises priv\u00e9es ignorent les principes de l&rsquo;ing\u00e9nierie et les mesures de s\u00e9curit\u00e9 pour diminuer les co\u00fbts et augmenter la production. Elles ne ma\u00eetrisent pas des r\u00e9gions charbonni\u00e8res anciennes comme Soma et Ermenek et y sous-estiment les dangers potentiels ,&rdquo; indique Dikbiyik.<\/p><p>Alors que de nombreux pays tentent de r\u00e9duire leur consommation de combustibles fossiles, la Turquie se tourne vers le charbon pour diminuer sa d\u00e9pendance envers des fournisseurs d&rsquo;\u00e9nergie \u00e9trangers.<\/p><p>Le charbon repr\u00e9sentait 53% du total des sources d&rsquo;\u00e9nergie du pays en 2012 et participe pour 28,3% \u00e0 la production totale d&rsquo;\u00e9lectricit\u00e9. Cependant, la Turquie doit importer pour le moment 95% de sa houille.<\/p><p>C&rsquo;est pourquoi le gouvernement propose des incitants aux compagnies mini\u00e8res priv\u00e9es pour capitaliser sur les vastes r\u00e9serves de charbon du pays.<\/p><p>On estime que la Turquie compte des r\u00e9serves de 1,3 milliards de tonnes de houille et de 11,5 milliards de tonnes de lignite, parmi lesquelles les r\u00e9serves prouv\u00e9es atteignent respectivement 500 millions de tonnes et 9,8 milliards de tonnes.<\/p><p>Bien que la qualit\u00e9 du charbon turc soit faible, il est n\u00e9anmoins moins cher de s&rsquo;en servir que d&rsquo;en importer.<\/p><h3>Plus fort est le syndicat, plus grande est la s\u00e9curit\u00e9 dans la mine<\/h3><p>&ldquo;Dans un charbonnage, il ne se dresse que deux choses entre un mineur et une mort pr\u00e9coce&nbsp;: le gouvernement et le syndicat,&rdquo; affirme Brian Kohler, Directeur pour la Sant\u00e9 et la S\u00e9curit\u00e9 d&rsquo;IndustriALL.<\/p><p>Le droit des travailleurs \u00e0 choisir collectivement leurs repr\u00e9sentants pour la sant\u00e9 et la s\u00e9curit\u00e9 est consacr\u00e9 par la C176. Les travailleurs doivent \u00eatre impliqu\u00e9s dans la d\u00e9claration des accidents et avoir un r\u00f4le actif au niveau de la sant\u00e9 et de la s\u00e9curit\u00e9 au sein de la mine o\u00f9 ils travaillent.<\/p><p>&ldquo;La libert\u00e9 syndicale doit \u00eatre d&rsquo;application pour que la C176 fonctionne,&rdquo; pr\u00e9cise \u00d6zkan. &ldquo;La Turquie doit s&rsquo;ouvrir davantage aux droits et libert\u00e9s syndicales.&rdquo;<\/p><p>Les syndicats en Turquie sont confront\u00e9s \u00e0 une lutte permanente. Les m\u00e9tallos turcs ont \u00e9t\u00e9 r\u00e9cemment emp\u00each\u00e9s de faire gr\u00e8ve et les pratiques anti-syndicales sont monnaie courante.<\/p><p>L&rsquo;an dernier, Human Rights Watch a critiqu\u00e9 le gouvernement turc pour \u00eatre &ldquo;de plus en plus autocratique&rdquo;. Un rapport de cette organisation de droits de l&rsquo;homme a indiqu\u00e9&nbsp;: &ldquo;Au pouvoir au cours de trois l\u00e9gislatures depuis 2002, et jouissant d&rsquo;une forte majorit\u00e9 parlementaire, le Parti pour la justice et le d\u00e9veloppement (AKP) a fait montre d&rsquo;une intol\u00e9rance croissante par rapport \u00e0 l&rsquo;opposition politique, aux protestations publiques et aux m\u00e9dias qui le critiquent.&rdquo;<\/p><p>Cependant, les homicides industriels \u00e0 Soma et Ermenek ont amen\u00e9 le gouvernement \u00e0 devoir am\u00e9liorer la l\u00e9gislation. En janvier de cette ann\u00e9e, une Commission parlementaire a adopt\u00e9 un nouveau projet de loi sur les mines qui va impliquer des modifications au niveau du transfert des licences d&rsquo;exploitation des mines et \u00e9tablir un syst\u00e8me permanent de contr\u00f4le pour am\u00e9liorer la sant\u00e9 et la s\u00e9curit\u00e9 dans le secteur.<\/p><p>Le gouvernement a admis que par le pass\u00e9 des inspections techniques avaient \u00e9t\u00e9 b\u00e2cl\u00e9es sans que les conditions de s\u00e9curit\u00e9 ne soient examin\u00e9es correctement. Avec la nouvelle loi, le gouvernement a accept\u00e9 de fournir des ing\u00e9nieurs des mines qualifi\u00e9s pour contr\u00f4ler en permanence toutes les mines.<\/p><p>&ldquo;Tout cela est bien sur papier&rdquo; commente Dikbiyik, qui a fait partie de la commission sp\u00e9ciale charg\u00e9e de r\u00e9diger le nouveau projet de loi sur les mines. &ldquo;Le d\u00e9fi sera de la mettre en \u0153uvre.&rdquo;<\/p>","protected":false},"featured_media":0,"template":"","issues":[403,408],"companies":[],"regions":[250],"sectors":[495],"article_tags":[],"class_list":["post-151430","article","type-article","status-publish","hentry","issues-convention-176-mine-safety","issues-global-worker","regions-turkiye","sectors-mining"],"acf":[],"yoast_head":"<!-- This site is optimized with the Yoast SEO Premium plugin v27.1 (Yoast SEO v27.1) - https:\/\/yoast.com\/product\/yoast-seo-premium-wordpress\/ -->\n<title>ENQU\u00caTE: Les profits avant les gens, la plaie de l\u2019industrie mini\u00e8re en Turquie - industriall-union<\/title>\n<meta name=\"description\" content=\"ENQU\u00caTEPays: TurquieTexte: Leonie GuguenTravailler dans un charbonnage reste l&rsquo;un des m\u00e9tiers les plus dangereux du monde. \u00c0 c\u00f4t\u00e9 des explosions et\" \/>\n<meta name=\"robots\" content=\"index, follow, max-snippet:-1, max-image-preview:large, max-video-preview:-1\" \/>\n<link rel=\"canonical\" href=\"https:\/\/admin.industriall-union.org\/fr\/enquete-les-profits-avant-les-gens-la-plaie-de-l-industrie-miniere-en-turquie\/\" \/>\n<meta property=\"og:locale\" content=\"fr_FR\" \/>\n<meta property=\"og:type\" content=\"article\" \/>\n<meta property=\"og:title\" content=\"ENQU\u00caTE: Les profits avant les gens, la plaie de l\u2019industrie mini\u00e8re en Turquie\" \/>\n<meta property=\"og:description\" content=\"ENQU\u00caTEPays: TurquieTexte: Leonie GuguenTravailler dans un charbonnage reste l&rsquo;un des m\u00e9tiers les plus dangereux du monde. \u00c0 c\u00f4t\u00e9 des explosions et\" \/>\n<meta property=\"og:url\" content=\"https:\/\/admin.industriall-union.org\/fr\/enquete-les-profits-avant-les-gens-la-plaie-de-l-industrie-miniere-en-turquie\/\" \/>\n<meta property=\"og:site_name\" content=\"industriall-union\" \/>\n<meta property=\"article:modified_time\" content=\"2025-02-07T13:58:09+00:00\" \/>\n<meta name=\"twitter:card\" content=\"summary_large_image\" \/>\n<meta name=\"twitter:label1\" content=\"Est. reading time\" \/>\n\t<meta name=\"twitter:data1\" content=\"10 minutes\" \/>\n<script type=\"application\/ld+json\" class=\"yoast-schema-graph\">{\"@context\":\"https:\/\/schema.org\",\"@graph\":[{\"@type\":\"WebPage\",\"@id\":\"https:\/\/admin.industriall-union.org\/fr\/enquete-les-profits-avant-les-gens-la-plaie-de-l-industrie-miniere-en-turquie\/\",\"url\":\"https:\/\/admin.industriall-union.org\/fr\/enquete-les-profits-avant-les-gens-la-plaie-de-l-industrie-miniere-en-turquie\/\",\"name\":\"ENQU\u00caTE: Les profits avant les gens, la plaie de l\u2019industrie mini\u00e8re en Turquie - industriall-union\",\"isPartOf\":{\"@id\":\"https:\/\/admin.industriall-union.org\/#website\"},\"datePublished\":\"2015-05-18T15:42:28+00:00\",\"dateModified\":\"2025-02-07T13:58:09+00:00\",\"description\":\"ENQU\u00caTEPays: TurquieTexte: Leonie GuguenTravailler dans un charbonnage reste l&rsquo;un des m\u00e9tiers les plus dangereux du monde. \u00c0 c\u00f4t\u00e9 des explosions et\",\"breadcrumb\":{\"@id\":\"https:\/\/admin.industriall-union.org\/fr\/enquete-les-profits-avant-les-gens-la-plaie-de-l-industrie-miniere-en-turquie\/#breadcrumb\"},\"inLanguage\":\"fr-FR\",\"potentialAction\":[{\"@type\":\"ReadAction\",\"target\":[\"https:\/\/admin.industriall-union.org\/fr\/enquete-les-profits-avant-les-gens-la-plaie-de-l-industrie-miniere-en-turquie\/\"]}]},{\"@type\":\"BreadcrumbList\",\"@id\":\"https:\/\/admin.industriall-union.org\/fr\/enquete-les-profits-avant-les-gens-la-plaie-de-l-industrie-miniere-en-turquie\/#breadcrumb\",\"itemListElement\":[{\"@type\":\"ListItem\",\"position\":1,\"name\":\"Home\",\"item\":\"https:\/\/admin.industriall-union.org\/\"},{\"@type\":\"ListItem\",\"position\":2,\"name\":\"Articles\",\"item\":\"https:\/\/admin.industriall-union.org\/article\/\"},{\"@type\":\"ListItem\",\"position\":3,\"name\":\"ENQU\u00caTE: Les profits avant les gens, la plaie de l\u2019industrie mini\u00e8re en Turquie\"}]},{\"@type\":\"WebSite\",\"@id\":\"https:\/\/admin.industriall-union.org\/#website\",\"url\":\"https:\/\/admin.industriall-union.org\/\",\"name\":\"industriall-union\",\"description\":\"\",\"potentialAction\":[{\"@type\":\"SearchAction\",\"target\":{\"@type\":\"EntryPoint\",\"urlTemplate\":\"https:\/\/admin.industriall-union.org\/?s={search_term_string}\"},\"query-input\":{\"@type\":\"PropertyValueSpecification\",\"valueRequired\":true,\"valueName\":\"search_term_string\"}}],\"inLanguage\":\"fr-FR\"}]}<\/script>\n<!-- \/ Yoast SEO Premium plugin. -->","yoast_head_json":{"title":"ENQU\u00caTE: Les profits avant les gens, la plaie de l\u2019industrie mini\u00e8re en Turquie - industriall-union","description":"ENQU\u00caTEPays: TurquieTexte: Leonie GuguenTravailler dans un charbonnage reste l&rsquo;un des m\u00e9tiers les plus dangereux du monde. \u00c0 c\u00f4t\u00e9 des explosions et","robots":{"index":"index","follow":"follow","max-snippet":"max-snippet:-1","max-image-preview":"max-image-preview:large","max-video-preview":"max-video-preview:-1"},"canonical":"https:\/\/admin.industriall-union.org\/fr\/enquete-les-profits-avant-les-gens-la-plaie-de-l-industrie-miniere-en-turquie\/","og_locale":"fr_FR","og_type":"article","og_title":"ENQU\u00caTE: Les profits avant les gens, la plaie de l\u2019industrie mini\u00e8re en Turquie","og_description":"ENQU\u00caTEPays: TurquieTexte: Leonie GuguenTravailler dans un charbonnage reste l&rsquo;un des m\u00e9tiers les plus dangereux du monde. \u00c0 c\u00f4t\u00e9 des explosions et","og_url":"https:\/\/admin.industriall-union.org\/fr\/enquete-les-profits-avant-les-gens-la-plaie-de-l-industrie-miniere-en-turquie\/","og_site_name":"industriall-union","article_modified_time":"2025-02-07T13:58:09+00:00","twitter_card":"summary_large_image","twitter_misc":{"Est. reading time":"10 minutes"},"schema":{"@context":"https:\/\/schema.org","@graph":[{"@type":"WebPage","@id":"https:\/\/admin.industriall-union.org\/fr\/enquete-les-profits-avant-les-gens-la-plaie-de-l-industrie-miniere-en-turquie\/","url":"https:\/\/admin.industriall-union.org\/fr\/enquete-les-profits-avant-les-gens-la-plaie-de-l-industrie-miniere-en-turquie\/","name":"ENQU\u00caTE: Les profits avant les gens, la plaie de l\u2019industrie mini\u00e8re en Turquie - industriall-union","isPartOf":{"@id":"https:\/\/admin.industriall-union.org\/#website"},"datePublished":"2015-05-18T15:42:28+00:00","dateModified":"2025-02-07T13:58:09+00:00","description":"ENQU\u00caTEPays: TurquieTexte: Leonie GuguenTravailler dans un charbonnage reste l&rsquo;un des m\u00e9tiers les plus dangereux du monde. \u00c0 c\u00f4t\u00e9 des explosions et","breadcrumb":{"@id":"https:\/\/admin.industriall-union.org\/fr\/enquete-les-profits-avant-les-gens-la-plaie-de-l-industrie-miniere-en-turquie\/#breadcrumb"},"inLanguage":"fr-FR","potentialAction":[{"@type":"ReadAction","target":["https:\/\/admin.industriall-union.org\/fr\/enquete-les-profits-avant-les-gens-la-plaie-de-l-industrie-miniere-en-turquie\/"]}]},{"@type":"BreadcrumbList","@id":"https:\/\/admin.industriall-union.org\/fr\/enquete-les-profits-avant-les-gens-la-plaie-de-l-industrie-miniere-en-turquie\/#breadcrumb","itemListElement":[{"@type":"ListItem","position":1,"name":"Home","item":"https:\/\/admin.industriall-union.org\/"},{"@type":"ListItem","position":2,"name":"Articles","item":"https:\/\/admin.industriall-union.org\/article\/"},{"@type":"ListItem","position":3,"name":"ENQU\u00caTE: Les profits avant les gens, la plaie de l\u2019industrie mini\u00e8re en Turquie"}]},{"@type":"WebSite","@id":"https:\/\/admin.industriall-union.org\/#website","url":"https:\/\/admin.industriall-union.org\/","name":"industriall-union","description":"","potentialAction":[{"@type":"SearchAction","target":{"@type":"EntryPoint","urlTemplate":"https:\/\/admin.industriall-union.org\/?s={search_term_string}"},"query-input":{"@type":"PropertyValueSpecification","valueRequired":true,"valueName":"search_term_string"}}],"inLanguage":"fr-FR"}]}},"_links":{"self":[{"href":"https:\/\/admin.industriall-union.org\/fr\/wp-json\/wp\/v2\/article\/151430","targetHints":{"allow":["GET"]}}],"collection":[{"href":"https:\/\/admin.industriall-union.org\/fr\/wp-json\/wp\/v2\/article"}],"about":[{"href":"https:\/\/admin.industriall-union.org\/fr\/wp-json\/wp\/v2\/types\/article"}],"wp:attachment":[{"href":"https:\/\/admin.industriall-union.org\/fr\/wp-json\/wp\/v2\/media?parent=151430"}],"wp:term":[{"taxonomy":"issues","embeddable":true,"href":"https:\/\/admin.industriall-union.org\/fr\/wp-json\/wp\/v2\/issues?post=151430"},{"taxonomy":"companies","embeddable":true,"href":"https:\/\/admin.industriall-union.org\/fr\/wp-json\/wp\/v2\/companies?post=151430"},{"taxonomy":"regions","embeddable":true,"href":"https:\/\/admin.industriall-union.org\/fr\/wp-json\/wp\/v2\/regions?post=151430"},{"taxonomy":"sectors","embeddable":true,"href":"https:\/\/admin.industriall-union.org\/fr\/wp-json\/wp\/v2\/sectors?post=151430"},{"taxonomy":"article_tags","embeddable":true,"href":"https:\/\/admin.industriall-union.org\/fr\/wp-json\/wp\/v2\/article_tags?post=151430"}],"curies":[{"name":"wp","href":"https:\/\/api.w.org\/{rel}","templated":true}]}}