{"id":151398,"date":"2015-05-19T15:29:30","date_gmt":"2015-05-19T15:29:30","guid":{"rendered":"https:\/\/admin.industriall-union.org\/les-plans-pour-la-conference-mondiale-des-femmes-devoiles\/"},"modified":"2025-02-07T13:48:06","modified_gmt":"2025-02-07T13:48:06","slug":"les-plans-pour-la-conference-mondiale-des-femmes-devoiles","status":"publish","type":"article","link":"https:\/\/admin.industriall-union.org\/fr\/les-plans-pour-la-conference-mondiale-des-femmes-devoiles\/","title":{"rendered":"Les plans pour la Conf\u00e9rence Mondiale des Femmes d\u00e9voil\u00e9s"},"content":{"rendered":"<p>Environ 250 participant(e)s repr\u00e9sentant des affili\u00e9s d&rsquo;IndustriALL de 140 pays devraient prendre part \u00e0 la Conf\u00e9rence qui se tiendra dans la capitale autrichienne, Vienne, du 14 au 16 septembre.<\/p><p>Sous les auspices de son affili\u00e9 autrichien PRO-GE, IndustriALL esp\u00e8re pouvoir donner l&rsquo;opportunit\u00e9 \u00e0 autant de femmes syndicalistes que possible d&rsquo;assister \u00e0 cette conf\u00e9rence, qui sera \u00e9galement retransmise en direct sur internet par diffusion vid\u00e9o en continu pour celles et ceux qui ne pourront pas se d\u00e9placer.<\/p><p>Les principaux points \u00e0 l&rsquo;ordre du jour seront la sant\u00e9 et la s\u00e9curit\u00e9, la violence faite aux femmes, la protection de la maternit\u00e9, la durabilit\u00e9 par la construction syndicale et la repr\u00e9sentation des femmes.<\/p><p>Le Secr\u00e9taire g\u00e9n\u00e9ral d&rsquo;IndustriALL, Jyrki Raina, a saisi l&rsquo;opportunit\u00e9 de la r\u00e9union du comit\u00e9 \u00e0 Stockholm pour souligner son soutien au principe d&rsquo;un quota pour les femmes&nbsp;:<\/p><p>&ldquo;Je veux voir 40% de femmes \u00e0 tous les niveaux de responsabilit\u00e9 d&rsquo;IndustriALL,&rdquo; a-t-il dit, ajoutant qu&rsquo;il dirigera la man\u0153uvre en vue de l&rsquo;adoption de ce quota lors du Congr\u00e8s d&rsquo;IndustriALL qui se tiendra au Br\u00e9sil en octobre 2016.<\/p><p>Jyrki Raina a aussi rappel\u00e9 aux participant(e)s le travail qu&rsquo;IndustriALL m\u00e8ne en permanence pour <a href=\"http:\/\/www.industriall-union.org\/fr\/themes\/construire-des-syndicats-forts\/femmes\" target=\"_blank\">l&rsquo;\u00e9mancipation des femmes<\/a> syndicalistes partout dans le monde.<\/p><p>Il a ajout\u00e9 que les copr\u00e9sidences des sections d&rsquo;industrie d&rsquo;IndustriALL \u00e9taient d\u00e9j\u00e0 partag\u00e9es \u00e0 50-50 par des hommes et des femmes.<\/p><p>Un projet de r\u00e9solution sur le quota a \u00e9t\u00e9 pr\u00e9sent\u00e9 \u00e0 la r\u00e9union pour consid\u00e9ration en vue de la conf\u00e9rence mondiale de septembre. La r\u00e9solution sera ensuite propos\u00e9e au Congr\u00e8s en 2016.<\/p><p>Monika Kemperle, Secr\u00e9taire g\u00e9n\u00e9rale adjointe d&rsquo;IndustriALL, a d\u00e9clar\u00e9&nbsp;:<\/p><p>&ldquo;La r\u00e9solution est l&rsquo;expression de ce que nous voulons r\u00e9aliser. Les \u00e9tapes suivantes consisteront \u00e0 voir comment atteindre ces objectifs dans la pratique.&rdquo;<\/p><p>Le principe d&rsquo;un quota de 40% a \u00e9t\u00e9 approuv\u00e9 par l&rsquo;Am\u00e9rique latine, l&rsquo;Asie-Pacifique et l&rsquo;Afrique mais doit encore recevoir l&rsquo;aval de l&rsquo;Europe et de l&rsquo;Am\u00e9rique du Nord.<\/p><p>Monica Veloso, de la Conf\u00e9d\u00e9ration des M\u00e9tallurgistes br\u00e9siliens CNTM, a indiqu\u00e9&nbsp;:<\/p><p>&ldquo;Les femmes sont en grande majorit\u00e9 invisibles aux niveaux de d\u00e9cision. Les femmes sont sur les lieux de travail, mais pas dans les syndicats. Elles doivent \u00eatre des participantes \u00e0 part enti\u00e8re et des protagonistes au sein de leurs syndicats aux niveaux national et international.&rdquo;<\/p><p>Plusieurs participantes ont exprim\u00e9 le besoin d&rsquo;une solidarit\u00e9 et unit\u00e9 entre les femmes, ainsi que d&rsquo;une plus grande implication de la part des hommes \u00e0 faire avancer la cause des femmes au sein du mouvement syndical.<\/p><p>En plus de prendre une r\u00e9solution sur un quota pour garantir la participation des femmes, IndustriALL doit recruter davantage de femmes et de jeunes travailleurs a dit Monica Kemperle, en particulier des travailleuses non-manuelles et celles qui ont des emplois pr\u00e9caires.<\/p><p>&ldquo;La face du syndicalisme doit changer pour refl\u00e9ter de nouveaux visages du monde du travail&nbsp;: les femmes et les jeunes,&rdquo; a-t-elle dit.<\/p><p>La date limite pour s&rsquo;inscrire \u00e0 la Conf\u00e9rence Mondiale des Femmes est le 30 juin 2015.<\/p>","protected":false},"featured_media":0,"template":"","issues":[397],"companies":[],"regions":[247],"sectors":[],"article_tags":[],"class_list":["post-151398","article","type-article","status-publish","hentry","issues-women","regions-sweden"],"acf":[],"yoast_head":"<!-- This site is optimized with the Yoast SEO Premium plugin v27.1 (Yoast SEO v27.1) - https:\/\/yoast.com\/product\/yoast-seo-premium-wordpress\/ -->\n<title>Les plans pour la Conf\u00e9rence Mondiale des Femmes d\u00e9voil\u00e9s - industriall-union<\/title>\n<meta name=\"description\" content=\"Environ 250 participant(e)s repr\u00e9sentant des affili\u00e9s d&rsquo;IndustriALL de 140 pays devraient prendre part \u00e0 la Conf\u00e9rence qui se tiendra dans la\" \/>\n<meta name=\"robots\" content=\"index, follow, max-snippet:-1, max-image-preview:large, max-video-preview:-1\" \/>\n<link rel=\"canonical\" href=\"https:\/\/admin.industriall-union.org\/fr\/les-plans-pour-la-conference-mondiale-des-femmes-devoiles\/\" \/>\n<meta property=\"og:locale\" content=\"fr_FR\" \/>\n<meta property=\"og:type\" content=\"article\" \/>\n<meta property=\"og:title\" content=\"Les plans pour la Conf\u00e9rence Mondiale des Femmes d\u00e9voil\u00e9s\" \/>\n<meta property=\"og:description\" content=\"Environ 250 participant(e)s repr\u00e9sentant des affili\u00e9s d&rsquo;IndustriALL de 140 pays devraient prendre part \u00e0 la Conf\u00e9rence qui se tiendra dans la\" \/>\n<meta property=\"og:url\" content=\"https:\/\/admin.industriall-union.org\/fr\/les-plans-pour-la-conference-mondiale-des-femmes-devoiles\/\" \/>\n<meta property=\"og:site_name\" content=\"industriall-union\" \/>\n<meta property=\"article:modified_time\" content=\"2025-02-07T13:48:06+00:00\" \/>\n<meta name=\"twitter:card\" content=\"summary_large_image\" \/>\n<meta name=\"twitter:label1\" content=\"Est. reading time\" \/>\n\t<meta name=\"twitter:data1\" content=\"3 minutes\" \/>\n<script type=\"application\/ld+json\" class=\"yoast-schema-graph\">{\"@context\":\"https:\/\/schema.org\",\"@graph\":[{\"@type\":\"WebPage\",\"@id\":\"https:\/\/admin.industriall-union.org\/fr\/les-plans-pour-la-conference-mondiale-des-femmes-devoiles\/\",\"url\":\"https:\/\/admin.industriall-union.org\/fr\/les-plans-pour-la-conference-mondiale-des-femmes-devoiles\/\",\"name\":\"Les plans pour la Conf\u00e9rence Mondiale des Femmes d\u00e9voil\u00e9s - industriall-union\",\"isPartOf\":{\"@id\":\"https:\/\/admin.industriall-union.org\/#website\"},\"datePublished\":\"2015-05-19T15:29:30+00:00\",\"dateModified\":\"2025-02-07T13:48:06+00:00\",\"description\":\"Environ 250 participant(e)s repr\u00e9sentant des affili\u00e9s d&rsquo;IndustriALL de 140 pays devraient prendre part \u00e0 la Conf\u00e9rence qui se tiendra dans la\",\"breadcrumb\":{\"@id\":\"https:\/\/admin.industriall-union.org\/fr\/les-plans-pour-la-conference-mondiale-des-femmes-devoiles\/#breadcrumb\"},\"inLanguage\":\"fr-FR\",\"potentialAction\":[{\"@type\":\"ReadAction\",\"target\":[\"https:\/\/admin.industriall-union.org\/fr\/les-plans-pour-la-conference-mondiale-des-femmes-devoiles\/\"]}]},{\"@type\":\"BreadcrumbList\",\"@id\":\"https:\/\/admin.industriall-union.org\/fr\/les-plans-pour-la-conference-mondiale-des-femmes-devoiles\/#breadcrumb\",\"itemListElement\":[{\"@type\":\"ListItem\",\"position\":1,\"name\":\"Home\",\"item\":\"https:\/\/admin.industriall-union.org\/\"},{\"@type\":\"ListItem\",\"position\":2,\"name\":\"Articles\",\"item\":\"https:\/\/admin.industriall-union.org\/article\/\"},{\"@type\":\"ListItem\",\"position\":3,\"name\":\"Les plans pour la Conf\u00e9rence Mondiale des Femmes d\u00e9voil\u00e9s\"}]},{\"@type\":\"WebSite\",\"@id\":\"https:\/\/admin.industriall-union.org\/#website\",\"url\":\"https:\/\/admin.industriall-union.org\/\",\"name\":\"industriall-union\",\"description\":\"\",\"potentialAction\":[{\"@type\":\"SearchAction\",\"target\":{\"@type\":\"EntryPoint\",\"urlTemplate\":\"https:\/\/admin.industriall-union.org\/?s={search_term_string}\"},\"query-input\":{\"@type\":\"PropertyValueSpecification\",\"valueRequired\":true,\"valueName\":\"search_term_string\"}}],\"inLanguage\":\"fr-FR\"}]}<\/script>\n<!-- \/ Yoast SEO Premium plugin. -->","yoast_head_json":{"title":"Les plans pour la Conf\u00e9rence Mondiale des Femmes d\u00e9voil\u00e9s - industriall-union","description":"Environ 250 participant(e)s repr\u00e9sentant des affili\u00e9s d&rsquo;IndustriALL de 140 pays devraient prendre part \u00e0 la Conf\u00e9rence qui se tiendra dans la","robots":{"index":"index","follow":"follow","max-snippet":"max-snippet:-1","max-image-preview":"max-image-preview:large","max-video-preview":"max-video-preview:-1"},"canonical":"https:\/\/admin.industriall-union.org\/fr\/les-plans-pour-la-conference-mondiale-des-femmes-devoiles\/","og_locale":"fr_FR","og_type":"article","og_title":"Les plans pour la Conf\u00e9rence Mondiale des Femmes d\u00e9voil\u00e9s","og_description":"Environ 250 participant(e)s repr\u00e9sentant des affili\u00e9s d&rsquo;IndustriALL de 140 pays devraient prendre part \u00e0 la Conf\u00e9rence qui se tiendra dans la","og_url":"https:\/\/admin.industriall-union.org\/fr\/les-plans-pour-la-conference-mondiale-des-femmes-devoiles\/","og_site_name":"industriall-union","article_modified_time":"2025-02-07T13:48:06+00:00","twitter_card":"summary_large_image","twitter_misc":{"Est. reading time":"3 minutes"},"schema":{"@context":"https:\/\/schema.org","@graph":[{"@type":"WebPage","@id":"https:\/\/admin.industriall-union.org\/fr\/les-plans-pour-la-conference-mondiale-des-femmes-devoiles\/","url":"https:\/\/admin.industriall-union.org\/fr\/les-plans-pour-la-conference-mondiale-des-femmes-devoiles\/","name":"Les plans pour la Conf\u00e9rence Mondiale des Femmes d\u00e9voil\u00e9s - industriall-union","isPartOf":{"@id":"https:\/\/admin.industriall-union.org\/#website"},"datePublished":"2015-05-19T15:29:30+00:00","dateModified":"2025-02-07T13:48:06+00:00","description":"Environ 250 participant(e)s repr\u00e9sentant des affili\u00e9s d&rsquo;IndustriALL de 140 pays devraient prendre part \u00e0 la Conf\u00e9rence qui se tiendra dans la","breadcrumb":{"@id":"https:\/\/admin.industriall-union.org\/fr\/les-plans-pour-la-conference-mondiale-des-femmes-devoiles\/#breadcrumb"},"inLanguage":"fr-FR","potentialAction":[{"@type":"ReadAction","target":["https:\/\/admin.industriall-union.org\/fr\/les-plans-pour-la-conference-mondiale-des-femmes-devoiles\/"]}]},{"@type":"BreadcrumbList","@id":"https:\/\/admin.industriall-union.org\/fr\/les-plans-pour-la-conference-mondiale-des-femmes-devoiles\/#breadcrumb","itemListElement":[{"@type":"ListItem","position":1,"name":"Home","item":"https:\/\/admin.industriall-union.org\/"},{"@type":"ListItem","position":2,"name":"Articles","item":"https:\/\/admin.industriall-union.org\/article\/"},{"@type":"ListItem","position":3,"name":"Les plans pour la Conf\u00e9rence Mondiale des Femmes d\u00e9voil\u00e9s"}]},{"@type":"WebSite","@id":"https:\/\/admin.industriall-union.org\/#website","url":"https:\/\/admin.industriall-union.org\/","name":"industriall-union","description":"","potentialAction":[{"@type":"SearchAction","target":{"@type":"EntryPoint","urlTemplate":"https:\/\/admin.industriall-union.org\/?s={search_term_string}"},"query-input":{"@type":"PropertyValueSpecification","valueRequired":true,"valueName":"search_term_string"}}],"inLanguage":"fr-FR"}]}},"_links":{"self":[{"href":"https:\/\/admin.industriall-union.org\/fr\/wp-json\/wp\/v2\/article\/151398","targetHints":{"allow":["GET"]}}],"collection":[{"href":"https:\/\/admin.industriall-union.org\/fr\/wp-json\/wp\/v2\/article"}],"about":[{"href":"https:\/\/admin.industriall-union.org\/fr\/wp-json\/wp\/v2\/types\/article"}],"wp:attachment":[{"href":"https:\/\/admin.industriall-union.org\/fr\/wp-json\/wp\/v2\/media?parent=151398"}],"wp:term":[{"taxonomy":"issues","embeddable":true,"href":"https:\/\/admin.industriall-union.org\/fr\/wp-json\/wp\/v2\/issues?post=151398"},{"taxonomy":"companies","embeddable":true,"href":"https:\/\/admin.industriall-union.org\/fr\/wp-json\/wp\/v2\/companies?post=151398"},{"taxonomy":"regions","embeddable":true,"href":"https:\/\/admin.industriall-union.org\/fr\/wp-json\/wp\/v2\/regions?post=151398"},{"taxonomy":"sectors","embeddable":true,"href":"https:\/\/admin.industriall-union.org\/fr\/wp-json\/wp\/v2\/sectors?post=151398"},{"taxonomy":"article_tags","embeddable":true,"href":"https:\/\/admin.industriall-union.org\/fr\/wp-json\/wp\/v2\/article_tags?post=151398"}],"curies":[{"name":"wp","href":"https:\/\/api.w.org\/{rel}","templated":true}]}}