{"id":151376,"date":"2015-05-28T07:36:16","date_gmt":"2015-05-28T07:36:16","guid":{"rendered":"https:\/\/admin.industriall-union.org\/les-affilies-d-industriall-se-battent-contre-les-licenciements-chez-whirlpool-en-italie\/"},"modified":"2025-02-07T13:38:24","modified_gmt":"2025-02-07T13:38:24","slug":"les-affilies-d-industriall-se-battent-contre-les-licenciements-chez-whirlpool-en-italie","status":"publish","type":"article","link":"https:\/\/admin.industriall-union.org\/fr\/les-affilies-d-industriall-se-battent-contre-les-licenciements-chez-whirlpool-en-italie\/","title":{"rendered":"Les affili\u00e9s d\u2019IndustriALL se battent contre les licenciements chez Whirlpool en Italie"},"content":{"rendered":"<p>Les actions de protestations comprenaient une gr\u00e8ve g\u00e9n\u00e9rale dans le secteur le 22 mai dans la r\u00e9gion de Caserta et une gr\u00e8ve de trois heures dans l&rsquo;ensemble du groupe Indesit le 25 mai.<\/p><p>C&rsquo;est par ces protestations que les travailleurs ont r\u00e9pliqu\u00e9 \u00e0 l&rsquo;annonce des licenciements faite par le groupe Whirlpool par le biais d&rsquo;un communiqu\u00e9 de presse du 20 mai. L&rsquo;entreprise y annon\u00e7ait 480 licenciements additionnels au sein du personnel administratif des usines Indesit de Fabriano (200 emplois), Varese (200 emplois) et Milan (80 emplois).<\/p><p>Whirlpool, une marque nord-am\u00e9ricaine, a fait l&rsquo;acquisition d&rsquo;une majorit\u00e9 des parts du g\u00e9ant italien de l&rsquo;\u00e9lectro-m\u00e9nager Indesit en juillet 2014. Par cette acquisition, l&rsquo;entreprise a doubl\u00e9 de taille en Europe, au Moyen-Orient et en Afrique.<\/p><p>Depuis cette acquisition et la restructuration permanente qui a suivi, l&rsquo;entreprise n&rsquo;a pas cach\u00e9 que des licenciements seraient in\u00e9vitables.<\/p><p>Cependant, les syndicats sont d&rsquo;avis que les licenciements annonc\u00e9s ont \u00e9t\u00e9 d\u00e9cid\u00e9s de mani\u00e8re unilat\u00e9rale puisque l&rsquo;entreprise avait d&rsquo;abord promis qu&rsquo;elle n&rsquo;y proc\u00e9derait pas avant 2018. Ceux-ci viennent s&rsquo;ajouter aux 940 pertes d&rsquo;emploi d\u00e9j\u00e0 pr\u00e9vues auparavant par Indesit et la suppression de quelque 400 autres postes annonc\u00e9e par Whirlpool le 16 avril.<\/p><p>Selon les syndicats, le total des licenciements atteindra 2.060 postes dans toute l&rsquo;Italie. Ceci repr\u00e9senterait un tiers de toute la main d&rsquo;\u0153uvre de l&rsquo;entreprise en Italie, qui compte actuellement 6.740 collaborateurs au total.<\/p><p>Cette d\u00e9cision de l&rsquo;entreprise a \u00e9t\u00e9 un grand choc pour le gouvernement italien qui s&rsquo;est impliqu\u00e9 dans les n\u00e9gociations, et notamment pour la Ministre du D\u00e9veloppement \u00e9conomique, Federica Guidi, qui a pris part \u00e0 un mois de n\u00e9gociations infructueuses. Elle a qualifi\u00e9 l&rsquo;annonce de l&rsquo;entreprise de &ldquo;plan innommable&rdquo;.<\/p><p>Apr\u00e8s les gr\u00e8ves qui ont \u00e9t\u00e9 organis\u00e9es, la FIM-CISL, la FIOM-CGIL et l&rsquo;UILM ont fait part d&rsquo;une manifestation nationale qui est pr\u00e9vue \u00e0 Varese ce 12 juin 2015.<\/p>","protected":false},"featured_media":0,"template":"","issues":[406],"companies":[76,147],"regions":[224],"sectors":[491],"article_tags":[],"class_list":["post-151376","article","type-article","status-publish","hentry","issues-confronting-global-capital","companies-indesit","companies-whirlpool","regions-italy","sectors-electrical"],"acf":[],"yoast_head":"<!-- This site is optimized with the Yoast SEO Premium plugin v27.1 (Yoast SEO v27.1) - https:\/\/yoast.com\/product\/yoast-seo-premium-wordpress\/ -->\n<title>Les affili\u00e9s d\u2019IndustriALL se battent contre les licenciements chez Whirlpool en Italie - industriall-union<\/title>\n<meta name=\"description\" content=\"Les actions de protestations comprenaient une gr\u00e8ve g\u00e9n\u00e9rale dans le secteur le 22 mai dans la r\u00e9gion de Caserta et une gr\u00e8ve de trois heures dans\" \/>\n<meta name=\"robots\" content=\"index, follow, max-snippet:-1, max-image-preview:large, max-video-preview:-1\" \/>\n<link rel=\"canonical\" href=\"https:\/\/admin.industriall-union.org\/fr\/les-affilies-d-industriall-se-battent-contre-les-licenciements-chez-whirlpool-en-italie\/\" \/>\n<meta property=\"og:locale\" content=\"fr_FR\" \/>\n<meta property=\"og:type\" content=\"article\" \/>\n<meta property=\"og:title\" content=\"Les affili\u00e9s d\u2019IndustriALL se battent contre les licenciements chez Whirlpool en Italie\" \/>\n<meta property=\"og:description\" content=\"Les actions de protestations comprenaient une gr\u00e8ve g\u00e9n\u00e9rale dans le secteur le 22 mai dans la r\u00e9gion de Caserta et une gr\u00e8ve de trois heures dans\" \/>\n<meta property=\"og:url\" content=\"https:\/\/admin.industriall-union.org\/fr\/les-affilies-d-industriall-se-battent-contre-les-licenciements-chez-whirlpool-en-italie\/\" \/>\n<meta property=\"og:site_name\" content=\"industriall-union\" \/>\n<meta property=\"article:modified_time\" content=\"2025-02-07T13:38:24+00:00\" \/>\n<meta name=\"twitter:card\" content=\"summary_large_image\" \/>\n<meta name=\"twitter:label1\" content=\"Est. reading time\" \/>\n\t<meta name=\"twitter:data1\" content=\"2 minutes\" \/>\n<script type=\"application\/ld+json\" class=\"yoast-schema-graph\">{\"@context\":\"https:\/\/schema.org\",\"@graph\":[{\"@type\":\"WebPage\",\"@id\":\"https:\/\/admin.industriall-union.org\/fr\/les-affilies-d-industriall-se-battent-contre-les-licenciements-chez-whirlpool-en-italie\/\",\"url\":\"https:\/\/admin.industriall-union.org\/fr\/les-affilies-d-industriall-se-battent-contre-les-licenciements-chez-whirlpool-en-italie\/\",\"name\":\"Les affili\u00e9s d\u2019IndustriALL se battent contre les licenciements chez Whirlpool en Italie - industriall-union\",\"isPartOf\":{\"@id\":\"https:\/\/admin.industriall-union.org\/#website\"},\"datePublished\":\"2015-05-28T07:36:16+00:00\",\"dateModified\":\"2025-02-07T13:38:24+00:00\",\"description\":\"Les actions de protestations comprenaient une gr\u00e8ve g\u00e9n\u00e9rale dans le secteur le 22 mai dans la r\u00e9gion de Caserta et une gr\u00e8ve de trois heures dans\",\"breadcrumb\":{\"@id\":\"https:\/\/admin.industriall-union.org\/fr\/les-affilies-d-industriall-se-battent-contre-les-licenciements-chez-whirlpool-en-italie\/#breadcrumb\"},\"inLanguage\":\"fr-FR\",\"potentialAction\":[{\"@type\":\"ReadAction\",\"target\":[\"https:\/\/admin.industriall-union.org\/fr\/les-affilies-d-industriall-se-battent-contre-les-licenciements-chez-whirlpool-en-italie\/\"]}]},{\"@type\":\"BreadcrumbList\",\"@id\":\"https:\/\/admin.industriall-union.org\/fr\/les-affilies-d-industriall-se-battent-contre-les-licenciements-chez-whirlpool-en-italie\/#breadcrumb\",\"itemListElement\":[{\"@type\":\"ListItem\",\"position\":1,\"name\":\"Home\",\"item\":\"https:\/\/admin.industriall-union.org\/\"},{\"@type\":\"ListItem\",\"position\":2,\"name\":\"Articles\",\"item\":\"https:\/\/admin.industriall-union.org\/article\/\"},{\"@type\":\"ListItem\",\"position\":3,\"name\":\"Les affili\u00e9s d\u2019IndustriALL se battent contre les licenciements chez Whirlpool en Italie\"}]},{\"@type\":\"WebSite\",\"@id\":\"https:\/\/admin.industriall-union.org\/#website\",\"url\":\"https:\/\/admin.industriall-union.org\/\",\"name\":\"industriall-union\",\"description\":\"\",\"potentialAction\":[{\"@type\":\"SearchAction\",\"target\":{\"@type\":\"EntryPoint\",\"urlTemplate\":\"https:\/\/admin.industriall-union.org\/?s={search_term_string}\"},\"query-input\":{\"@type\":\"PropertyValueSpecification\",\"valueRequired\":true,\"valueName\":\"search_term_string\"}}],\"inLanguage\":\"fr-FR\"}]}<\/script>\n<!-- \/ Yoast SEO Premium plugin. -->","yoast_head_json":{"title":"Les affili\u00e9s d\u2019IndustriALL se battent contre les licenciements chez Whirlpool en Italie - industriall-union","description":"Les actions de protestations comprenaient une gr\u00e8ve g\u00e9n\u00e9rale dans le secteur le 22 mai dans la r\u00e9gion de Caserta et une gr\u00e8ve de trois heures dans","robots":{"index":"index","follow":"follow","max-snippet":"max-snippet:-1","max-image-preview":"max-image-preview:large","max-video-preview":"max-video-preview:-1"},"canonical":"https:\/\/admin.industriall-union.org\/fr\/les-affilies-d-industriall-se-battent-contre-les-licenciements-chez-whirlpool-en-italie\/","og_locale":"fr_FR","og_type":"article","og_title":"Les affili\u00e9s d\u2019IndustriALL se battent contre les licenciements chez Whirlpool en Italie","og_description":"Les actions de protestations comprenaient une gr\u00e8ve g\u00e9n\u00e9rale dans le secteur le 22 mai dans la r\u00e9gion de Caserta et une gr\u00e8ve de trois heures dans","og_url":"https:\/\/admin.industriall-union.org\/fr\/les-affilies-d-industriall-se-battent-contre-les-licenciements-chez-whirlpool-en-italie\/","og_site_name":"industriall-union","article_modified_time":"2025-02-07T13:38:24+00:00","twitter_card":"summary_large_image","twitter_misc":{"Est. reading time":"2 minutes"},"schema":{"@context":"https:\/\/schema.org","@graph":[{"@type":"WebPage","@id":"https:\/\/admin.industriall-union.org\/fr\/les-affilies-d-industriall-se-battent-contre-les-licenciements-chez-whirlpool-en-italie\/","url":"https:\/\/admin.industriall-union.org\/fr\/les-affilies-d-industriall-se-battent-contre-les-licenciements-chez-whirlpool-en-italie\/","name":"Les affili\u00e9s d\u2019IndustriALL se battent contre les licenciements chez Whirlpool en Italie - industriall-union","isPartOf":{"@id":"https:\/\/admin.industriall-union.org\/#website"},"datePublished":"2015-05-28T07:36:16+00:00","dateModified":"2025-02-07T13:38:24+00:00","description":"Les actions de protestations comprenaient une gr\u00e8ve g\u00e9n\u00e9rale dans le secteur le 22 mai dans la r\u00e9gion de Caserta et une gr\u00e8ve de trois heures dans","breadcrumb":{"@id":"https:\/\/admin.industriall-union.org\/fr\/les-affilies-d-industriall-se-battent-contre-les-licenciements-chez-whirlpool-en-italie\/#breadcrumb"},"inLanguage":"fr-FR","potentialAction":[{"@type":"ReadAction","target":["https:\/\/admin.industriall-union.org\/fr\/les-affilies-d-industriall-se-battent-contre-les-licenciements-chez-whirlpool-en-italie\/"]}]},{"@type":"BreadcrumbList","@id":"https:\/\/admin.industriall-union.org\/fr\/les-affilies-d-industriall-se-battent-contre-les-licenciements-chez-whirlpool-en-italie\/#breadcrumb","itemListElement":[{"@type":"ListItem","position":1,"name":"Home","item":"https:\/\/admin.industriall-union.org\/"},{"@type":"ListItem","position":2,"name":"Articles","item":"https:\/\/admin.industriall-union.org\/article\/"},{"@type":"ListItem","position":3,"name":"Les affili\u00e9s d\u2019IndustriALL se battent contre les licenciements chez Whirlpool en Italie"}]},{"@type":"WebSite","@id":"https:\/\/admin.industriall-union.org\/#website","url":"https:\/\/admin.industriall-union.org\/","name":"industriall-union","description":"","potentialAction":[{"@type":"SearchAction","target":{"@type":"EntryPoint","urlTemplate":"https:\/\/admin.industriall-union.org\/?s={search_term_string}"},"query-input":{"@type":"PropertyValueSpecification","valueRequired":true,"valueName":"search_term_string"}}],"inLanguage":"fr-FR"}]}},"_links":{"self":[{"href":"https:\/\/admin.industriall-union.org\/fr\/wp-json\/wp\/v2\/article\/151376","targetHints":{"allow":["GET"]}}],"collection":[{"href":"https:\/\/admin.industriall-union.org\/fr\/wp-json\/wp\/v2\/article"}],"about":[{"href":"https:\/\/admin.industriall-union.org\/fr\/wp-json\/wp\/v2\/types\/article"}],"wp:attachment":[{"href":"https:\/\/admin.industriall-union.org\/fr\/wp-json\/wp\/v2\/media?parent=151376"}],"wp:term":[{"taxonomy":"issues","embeddable":true,"href":"https:\/\/admin.industriall-union.org\/fr\/wp-json\/wp\/v2\/issues?post=151376"},{"taxonomy":"companies","embeddable":true,"href":"https:\/\/admin.industriall-union.org\/fr\/wp-json\/wp\/v2\/companies?post=151376"},{"taxonomy":"regions","embeddable":true,"href":"https:\/\/admin.industriall-union.org\/fr\/wp-json\/wp\/v2\/regions?post=151376"},{"taxonomy":"sectors","embeddable":true,"href":"https:\/\/admin.industriall-union.org\/fr\/wp-json\/wp\/v2\/sectors?post=151376"},{"taxonomy":"article_tags","embeddable":true,"href":"https:\/\/admin.industriall-union.org\/fr\/wp-json\/wp\/v2\/article_tags?post=151376"}],"curies":[{"name":"wp","href":"https:\/\/api.w.org\/{rel}","templated":true}]}}