{"id":151340,"date":"2015-05-28T15:57:32","date_gmt":"2015-05-28T15:57:32","guid":{"rendered":"https:\/\/admin.industriall-union.org\/reunion-du-comite-executif-de-industriall-a-stockholm\/"},"modified":"2025-02-07T13:29:35","modified_gmt":"2025-02-07T13:29:35","slug":"reunion-du-comite-executif-de-industriall-a-stockholm","status":"publish","type":"article","link":"https:\/\/admin.industriall-union.org\/fr\/reunion-du-comite-executif-de-industriall-a-stockholm\/","title":{"rendered":"R\u00e9union du Comit\u00e9 ex\u00e9cutif de IndustriALL \u00e0 Stockholm"},"content":{"rendered":"<p>Le Premier ministre su\u00e9dois Stefan L\u00f6fven, ancien pr\u00e9sident de l&rsquo;affili\u00e9 de IndustriALL, IF Metall, s&rsquo;est adress\u00e9 aux participant(e)s et engag\u00e9 une discussion sur la mondialisation et la justice sociale. Un New Deal mondial bas\u00e9 sur le respect commun est n\u00e9cessaire.<\/p><p>Dans la discussion sur la mondialisation, L\u00f6fven a fait l&rsquo;\u00e9loge du travail r\u00e9alis\u00e9 par IndustriALL et ses affili\u00e9s contre l&rsquo;amiante et les pratiques antisyndicales au Canada.<\/p><p>L\u00f6fven a dit aux participant(e)s:<\/p><blockquote><p>Vous pouvez \u00eatre fiers de vous, vous faites un tr\u00e8s bon travail.&nbsp;<\/p><\/blockquote><p><strong>Une campagne de syndicalisation<\/strong><\/p><p>Au cours des deux journ\u00e9es, les d\u00e9l\u00e9gu\u00e9(e)s ont discut\u00e9 des actions et des r\u00e9ussites de IndustriALL, notamment les pays prioritaires, les campagnes et les <a href=\"http:\/\/www.industriall-union.org\/fr\/themes\/confronter-le-capital-mondial\/accords-cadres-mondiaux\" target=\"_self\">accords-cadres mondiaux<\/a> (ACM), conform\u00e9ment aux objectifs strat\u00e9giques de l&rsquo;organisation.<\/p><p><a href=\"http:\/\/www.industriall-union.org\/fr\/profil-myanmar-nouvelle-frontiere-syndicale\" target=\"_blank\">Myanmar<\/a>, qui a rejoint IndustriALL en janvier 2015, figurait parmi ces pays. Dans ce pays o\u00f9 les syndicats ont \u00e9t\u00e9 ill\u00e9gaux jusqu&rsquo;en 2012, il est imp\u00e9ratif de former de nouveaux syndicalistes pour le recrutement et la n\u00e9gociation collective. Khaing Zar de l&rsquo;IWFM qui est affili\u00e9 \u00e0 IndustriALL, a dit que le syndicat avait pour objectif de recruter 20.000 nouveaux membres d&rsquo;ici la fin de l&rsquo;ann\u00e9e.<\/p><p>Le Comit\u00e9 ex\u00e9cutif a approuv\u00e9 l&rsquo;action men\u00e9e en Chine, qui place au centre des pr\u00e9occupations le d\u00e9veloppement d\u00e9mocratique au niveau local, notamment dans les entreprises avec lesquelles IndustriALL a conclu un ACM, un comit\u00e9 d&rsquo;entreprise mondial ou un r\u00e9seau.&nbsp;<\/p><p>Le Comit\u00e9 ex\u00e9cutif a approuv\u00e9 les actions men\u00e9es par IndustriALL pour \u00e9tablir des n\u00e9gociations de branche dans les pays producteurs de v\u00eatements. IndustriALL travaille avec les grandes marques mondiales de v\u00eatements signataires d&rsquo;un protocole d&rsquo;entente avec l&rsquo;organisation, pour amener les fabriques et ateliers fournisseurs et les syndicats \u00e0 n\u00e9gocier ensemble des conventions collectives de branche ex\u00e9cutoires sur des salaires minimums d\u00e9cents et de s&rsquo;assurer que les pratiques d&rsquo;achat de la marque permettent le paiement du salaire n\u00e9goci\u00e9. Le Cambodge et le Bangladesh ont \u00e9t\u00e9 identifi\u00e9s comme \u00e9tant des pays prioritaires pour cette nouvelle approche. IndustriALL continuera de soutenir toutes les luttes des affili\u00e9s &nbsp;pour une augmentation du salaire minimum et pour n\u00e9gocier un <a href=\"http:\/\/www.industriall-union.org\/fr\/themes\/justice-sociale-et-mondialisation\/salaire-vital\" target=\"_blank\">salaire permettant de vivre d\u00e9cemment<\/a>.<\/p><p>On c\u00e9l\u00e8bre le 7 octobre la Journ\u00e9e mondiale pour le travail d\u00e9cent qui marque une journ\u00e9e d&rsquo;action pour la campagne <a href=\"http:\/\/www.industriall-union.org\/fr\/themes\/justice-sociale-et-mondialisation\/stop-au-travail-precaire\" target=\"_blank\">STOP Travail pr\u00e9caire<\/a>. Le Comit\u00e9 ex\u00e9cutif a approuv\u00e9 les actions men\u00e9es actuellement et la nouvelle m\u00e9thode employ\u00e9e pour attirer l&rsquo;attention sur les cons\u00e9quences de l&rsquo;emploi pr\u00e9caire dans la soci\u00e9t\u00e9, au-del\u00e0 du lieu de travail.&nbsp;<\/p><p><strong>Adoption de trois r\u00e9solutions de solidarit\u00e9<\/strong><\/p><p>IndustriALL continuera de d\u00e9noncer les pratiques li\u00e9es aux contrats de protection et autres infractions aux droits du travail. Deux syndicats affili\u00e9s au Mexique ont re\u00e7u un ultimatum pour signer un protocole d&rsquo;entente contre les contrats de protection et d\u00e9montrer leur consentement, ou prendre le risque d&rsquo;\u00eatre exclus \u00e0 la prochaine r\u00e9union du Comit\u00e9 ex\u00e9cutif en d\u00e9cembre 2015.<\/p><p>Les sid\u00e9rurgistes britanniques se battent contre l&rsquo;un des plus grands producteurs d&rsquo;acier au monde, TATA Steel, apr\u00e8s que l&rsquo;entreprise a d\u00e9cid\u00e9 de mettre fin \u00e0 un r\u00e9gime de retraite. Le Comit\u00e9 ex\u00e9cutif a adopt\u00e9 une <a href=\"http:\/\/www.industriall-union.org\/fr\/industriall-soutient-les-siderurgistes-britanniques\" target=\"_blank\">r\u00e9solution<\/a> pour demander \u00e0 IndustriALL d&rsquo;engager des pourparlers avec TATA Steel.<\/p><p>Le Comit\u00e9 ex\u00e9cutif de IndustriALL a adopt\u00e9 une r\u00e9solution de solidarit\u00e9 pour soutenir le combat men\u00e9 en Turquie par les m\u00e9tallurgistes. Plusieurs milliers de travailleurs et travailleuses de l&rsquo;automobile ont <a href=\"http:\/\/www.industriall-union.org\/industriall-backs-metalworkers-struggle-in-turkey\" target=\"_blank\">cess\u00e9 le travail<\/a>, en demandant un salaire d\u00e9cent et l&rsquo;annulation de leur adh\u00e9sion au syndicat Turk Metal favorable \u00e0 l&rsquo;entreprise.<\/p>","protected":false},"featured_media":0,"template":"","issues":[],"companies":[],"regions":[],"sectors":[],"article_tags":[],"class_list":["post-151340","article","type-article","status-publish","hentry"],"acf":[],"yoast_head":"<!-- This site is optimized with the Yoast SEO Premium plugin v27.1 (Yoast SEO v27.1) - https:\/\/yoast.com\/product\/yoast-seo-premium-wordpress\/ -->\n<title>R\u00e9union du Comit\u00e9 ex\u00e9cutif de IndustriALL \u00e0 Stockholm - industriall-union<\/title>\n<meta name=\"description\" content=\"Le Premier ministre su\u00e9dois Stefan L\u00f6fven, ancien pr\u00e9sident de l&rsquo;affili\u00e9 de IndustriALL, IF Metall, s&rsquo;est adress\u00e9 aux participant(e)s et\" \/>\n<meta name=\"robots\" content=\"index, follow, max-snippet:-1, max-image-preview:large, max-video-preview:-1\" \/>\n<link rel=\"canonical\" href=\"https:\/\/admin.industriall-union.org\/fr\/reunion-du-comite-executif-de-industriall-a-stockholm\/\" \/>\n<meta property=\"og:locale\" content=\"fr_FR\" \/>\n<meta property=\"og:type\" content=\"article\" \/>\n<meta property=\"og:title\" content=\"R\u00e9union du Comit\u00e9 ex\u00e9cutif de IndustriALL \u00e0 Stockholm\" \/>\n<meta property=\"og:description\" content=\"Le Premier ministre su\u00e9dois Stefan L\u00f6fven, ancien pr\u00e9sident de l&rsquo;affili\u00e9 de IndustriALL, IF Metall, s&rsquo;est adress\u00e9 aux participant(e)s et\" \/>\n<meta property=\"og:url\" content=\"https:\/\/admin.industriall-union.org\/fr\/reunion-du-comite-executif-de-industriall-a-stockholm\/\" \/>\n<meta property=\"og:site_name\" content=\"industriall-union\" \/>\n<meta property=\"article:modified_time\" content=\"2025-02-07T13:29:35+00:00\" \/>\n<meta name=\"twitter:card\" content=\"summary_large_image\" \/>\n<meta name=\"twitter:label1\" content=\"Est. reading time\" \/>\n\t<meta name=\"twitter:data1\" content=\"3 minutes\" \/>\n<script type=\"application\/ld+json\" class=\"yoast-schema-graph\">{\"@context\":\"https:\/\/schema.org\",\"@graph\":[{\"@type\":\"WebPage\",\"@id\":\"https:\/\/admin.industriall-union.org\/fr\/reunion-du-comite-executif-de-industriall-a-stockholm\/\",\"url\":\"https:\/\/admin.industriall-union.org\/fr\/reunion-du-comite-executif-de-industriall-a-stockholm\/\",\"name\":\"R\u00e9union du Comit\u00e9 ex\u00e9cutif de IndustriALL \u00e0 Stockholm - industriall-union\",\"isPartOf\":{\"@id\":\"https:\/\/admin.industriall-union.org\/#website\"},\"datePublished\":\"2015-05-28T15:57:32+00:00\",\"dateModified\":\"2025-02-07T13:29:35+00:00\",\"description\":\"Le Premier ministre su\u00e9dois Stefan L\u00f6fven, ancien pr\u00e9sident de l&rsquo;affili\u00e9 de IndustriALL, IF Metall, s&rsquo;est adress\u00e9 aux participant(e)s et\",\"breadcrumb\":{\"@id\":\"https:\/\/admin.industriall-union.org\/fr\/reunion-du-comite-executif-de-industriall-a-stockholm\/#breadcrumb\"},\"inLanguage\":\"fr-FR\",\"potentialAction\":[{\"@type\":\"ReadAction\",\"target\":[\"https:\/\/admin.industriall-union.org\/fr\/reunion-du-comite-executif-de-industriall-a-stockholm\/\"]}]},{\"@type\":\"BreadcrumbList\",\"@id\":\"https:\/\/admin.industriall-union.org\/fr\/reunion-du-comite-executif-de-industriall-a-stockholm\/#breadcrumb\",\"itemListElement\":[{\"@type\":\"ListItem\",\"position\":1,\"name\":\"Home\",\"item\":\"https:\/\/admin.industriall-union.org\/\"},{\"@type\":\"ListItem\",\"position\":2,\"name\":\"Articles\",\"item\":\"https:\/\/admin.industriall-union.org\/article\/\"},{\"@type\":\"ListItem\",\"position\":3,\"name\":\"R\u00e9union du Comit\u00e9 ex\u00e9cutif de IndustriALL \u00e0 Stockholm\"}]},{\"@type\":\"WebSite\",\"@id\":\"https:\/\/admin.industriall-union.org\/#website\",\"url\":\"https:\/\/admin.industriall-union.org\/\",\"name\":\"industriall-union\",\"description\":\"\",\"potentialAction\":[{\"@type\":\"SearchAction\",\"target\":{\"@type\":\"EntryPoint\",\"urlTemplate\":\"https:\/\/admin.industriall-union.org\/?s={search_term_string}\"},\"query-input\":{\"@type\":\"PropertyValueSpecification\",\"valueRequired\":true,\"valueName\":\"search_term_string\"}}],\"inLanguage\":\"fr-FR\"}]}<\/script>\n<!-- \/ Yoast SEO Premium plugin. -->","yoast_head_json":{"title":"R\u00e9union du Comit\u00e9 ex\u00e9cutif de IndustriALL \u00e0 Stockholm - industriall-union","description":"Le Premier ministre su\u00e9dois Stefan L\u00f6fven, ancien pr\u00e9sident de l&rsquo;affili\u00e9 de IndustriALL, IF Metall, s&rsquo;est adress\u00e9 aux participant(e)s et","robots":{"index":"index","follow":"follow","max-snippet":"max-snippet:-1","max-image-preview":"max-image-preview:large","max-video-preview":"max-video-preview:-1"},"canonical":"https:\/\/admin.industriall-union.org\/fr\/reunion-du-comite-executif-de-industriall-a-stockholm\/","og_locale":"fr_FR","og_type":"article","og_title":"R\u00e9union du Comit\u00e9 ex\u00e9cutif de IndustriALL \u00e0 Stockholm","og_description":"Le Premier ministre su\u00e9dois Stefan L\u00f6fven, ancien pr\u00e9sident de l&rsquo;affili\u00e9 de IndustriALL, IF Metall, s&rsquo;est adress\u00e9 aux participant(e)s et","og_url":"https:\/\/admin.industriall-union.org\/fr\/reunion-du-comite-executif-de-industriall-a-stockholm\/","og_site_name":"industriall-union","article_modified_time":"2025-02-07T13:29:35+00:00","twitter_card":"summary_large_image","twitter_misc":{"Est. reading time":"3 minutes"},"schema":{"@context":"https:\/\/schema.org","@graph":[{"@type":"WebPage","@id":"https:\/\/admin.industriall-union.org\/fr\/reunion-du-comite-executif-de-industriall-a-stockholm\/","url":"https:\/\/admin.industriall-union.org\/fr\/reunion-du-comite-executif-de-industriall-a-stockholm\/","name":"R\u00e9union du Comit\u00e9 ex\u00e9cutif de IndustriALL \u00e0 Stockholm - industriall-union","isPartOf":{"@id":"https:\/\/admin.industriall-union.org\/#website"},"datePublished":"2015-05-28T15:57:32+00:00","dateModified":"2025-02-07T13:29:35+00:00","description":"Le Premier ministre su\u00e9dois Stefan L\u00f6fven, ancien pr\u00e9sident de l&rsquo;affili\u00e9 de IndustriALL, IF Metall, s&rsquo;est adress\u00e9 aux participant(e)s et","breadcrumb":{"@id":"https:\/\/admin.industriall-union.org\/fr\/reunion-du-comite-executif-de-industriall-a-stockholm\/#breadcrumb"},"inLanguage":"fr-FR","potentialAction":[{"@type":"ReadAction","target":["https:\/\/admin.industriall-union.org\/fr\/reunion-du-comite-executif-de-industriall-a-stockholm\/"]}]},{"@type":"BreadcrumbList","@id":"https:\/\/admin.industriall-union.org\/fr\/reunion-du-comite-executif-de-industriall-a-stockholm\/#breadcrumb","itemListElement":[{"@type":"ListItem","position":1,"name":"Home","item":"https:\/\/admin.industriall-union.org\/"},{"@type":"ListItem","position":2,"name":"Articles","item":"https:\/\/admin.industriall-union.org\/article\/"},{"@type":"ListItem","position":3,"name":"R\u00e9union du Comit\u00e9 ex\u00e9cutif de IndustriALL \u00e0 Stockholm"}]},{"@type":"WebSite","@id":"https:\/\/admin.industriall-union.org\/#website","url":"https:\/\/admin.industriall-union.org\/","name":"industriall-union","description":"","potentialAction":[{"@type":"SearchAction","target":{"@type":"EntryPoint","urlTemplate":"https:\/\/admin.industriall-union.org\/?s={search_term_string}"},"query-input":{"@type":"PropertyValueSpecification","valueRequired":true,"valueName":"search_term_string"}}],"inLanguage":"fr-FR"}]}},"_links":{"self":[{"href":"https:\/\/admin.industriall-union.org\/fr\/wp-json\/wp\/v2\/article\/151340","targetHints":{"allow":["GET"]}}],"collection":[{"href":"https:\/\/admin.industriall-union.org\/fr\/wp-json\/wp\/v2\/article"}],"about":[{"href":"https:\/\/admin.industriall-union.org\/fr\/wp-json\/wp\/v2\/types\/article"}],"wp:attachment":[{"href":"https:\/\/admin.industriall-union.org\/fr\/wp-json\/wp\/v2\/media?parent=151340"}],"wp:term":[{"taxonomy":"issues","embeddable":true,"href":"https:\/\/admin.industriall-union.org\/fr\/wp-json\/wp\/v2\/issues?post=151340"},{"taxonomy":"companies","embeddable":true,"href":"https:\/\/admin.industriall-union.org\/fr\/wp-json\/wp\/v2\/companies?post=151340"},{"taxonomy":"regions","embeddable":true,"href":"https:\/\/admin.industriall-union.org\/fr\/wp-json\/wp\/v2\/regions?post=151340"},{"taxonomy":"sectors","embeddable":true,"href":"https:\/\/admin.industriall-union.org\/fr\/wp-json\/wp\/v2\/sectors?post=151340"},{"taxonomy":"article_tags","embeddable":true,"href":"https:\/\/admin.industriall-union.org\/fr\/wp-json\/wp\/v2\/article_tags?post=151340"}],"curies":[{"name":"wp","href":"https:\/\/api.w.org\/{rel}","templated":true}]}}