{"id":151334,"date":"2015-05-29T21:24:00","date_gmt":"2015-05-29T21:24:00","guid":{"rendered":"https:\/\/admin.industriall-union.org\/l-emploi-precaire-accroit-l-inegalite-et-la-pauvrete\/"},"modified":"2025-02-07T13:23:35","modified_gmt":"2025-02-07T13:23:35","slug":"l-emploi-precaire-accroit-l-inegalite-et-la-pauvrete","status":"publish","type":"article","link":"https:\/\/admin.industriall-union.org\/fr\/l-emploi-precaire-accroit-l-inegalite-et-la-pauvrete\/","title":{"rendered":"\u201cL\u2019emploi pr\u00e9caire accro\u00eet l\u2019in\u00e9galit\u00e9 et la pauvret\u00e9\u201d"},"content":{"rendered":"<p>Le rapport de l&rsquo;Organisation de coop\u00e9ration et de d\u00e9veloppement \u00e9conomiques <a href=\"http:\/\/www.oecd-ilibrary.org\/fr\/employment\/in-it-together-why-less-inequality-benefits-all\/non-standard-work-job-polarisation-and-inequality_9789264235120-7-en\" target=\"_blank\">(OCDE) &lsquo;In It Together&rsquo;<\/a>: Pourquoi moins d&rsquo;in\u00e9galit\u00e9 profite \u00e0 tous, ainsi que le texte de l&rsquo;Organisation internationale du Travail (OIT) <a href=\"http:\/\/embargo.ilo.org\/wcmsp5\/groups\/public\/---dgreports\/---dcomm\/---publ\/documents\/publication\/wcms_368626.pdf\">Perspectives pour l&rsquo;emploi et le social dans le monde &ndash; Tendances 2015<\/a>, demandent aux gouvernements de prendre des mesures pour combattre l&rsquo;accroissement des in\u00e9galit\u00e9s. L&rsquo;OCDE appelle l&rsquo;attention sur le fait qu&rsquo;une telle in\u00e9galit\u00e9 menace la croissance \u00e9conomique et encourage ses membres \u00e0 am\u00e9liorer la qualit\u00e9 de l&rsquo;emploi et r\u00e9duire l&rsquo;in\u00e9galit\u00e9. L&rsquo;OIT engage vivement les responsables politiques \u00e0 \u00e9tendre les droits du travail et la s\u00e9curit\u00e9 sociale aux travailleurs et travailleuses qui ont des formes d&rsquo;emploi plus pr\u00e9caires.<\/p><p>&ldquo;Les structures de l&rsquo;emploi ont chang\u00e9 consid\u00e9rablement depuis la derni\u00e8re d\u00e9cennie. Le plein-emploi, les contrats de travail stable repr\u00e9sentent moins d&rsquo;un emploi sur quatre, et les donn\u00e9es statistiques ne s&rsquo;am\u00e9liorent pas sensiblement. [&hellip;] En outre, la mont\u00e9e de l&rsquo;emploi informel, les formes de travail non d\u00e9clar\u00e9 et temporaire, ainsi que le travail \u00e0 temps partiel involontaire, ont contribu\u00e9 \u00e0 l&rsquo;accroissement de l&rsquo;in\u00e9galit\u00e9 des revenus constat\u00e9 dans la majorit\u00e9 des pays durant les deux derni\u00e8res d\u00e9cennies.&rdquo;, Guy Ryder, Directeur g\u00e9n\u00e9ral de l&rsquo;OIT.<\/p><p>Les deux rapports disent que l&rsquo;in\u00e9galit\u00e9 des revenus s&rsquo;est accrue depuis 2000. Cette tendance s&rsquo;est aggrav\u00e9e avec l&rsquo;extension de l&rsquo;emploi pr\u00e9caire.<\/p><p>Le rapport de l&rsquo;OCDE montre qu&rsquo;actuellement, les modalit\u00e9s de travail atypiques (travail temporaire, \u00e0 temps partiel et ind\u00e9pendant) repr\u00e9sentent ensemble un tiers de l&rsquo;emploi dans les pays de l&rsquo;OCDE. Depuis le milieu des ann\u00e9es 1990, plus de la moiti\u00e9 de toutes les cr\u00e9ations d&rsquo;emploi dans les pays membres de l&rsquo;OCDE ont port\u00e9 sur des modalit\u00e9s de travail atypiques. Les chiffres pr\u00e9sent\u00e9s dans les perspectives de l&rsquo;OIT pour l&rsquo;emploi et le social dans le monde sont encore plus alarmant: moins de 40 pour cent des salari\u00e9s sont employ\u00e9s \u00e0 temps plein, \u00e0 titre permanent, et cette tranche semble m\u00eame en d\u00e9clin. Dans le monde, plus de six salari\u00e9s sur dix travaillent soit \u00e0 temps partiel soit sous une forme temporaire d&rsquo;emploi. Les femmes et les jeunes repr\u00e9sentent une grande partie de ces travailleurs et travailleuses pr\u00e9caires.<\/p><p>En plus de l&rsquo;ins\u00e9curit\u00e9 &nbsp;de l&rsquo;emploi, les travailleurs et travailleuses pr\u00e9caires ont des salaires moins \u00e9lev\u00e9s et des possibilit\u00e9s de formation limit\u00e9es. Les salaires de mis\u00e8re sont plus courants chez&nbsp; les travailleurs et travailleuses temporaires et ind\u00e9pendants qui sont de plus en plus nombreux \u00e0 n&rsquo;avoir acc\u00e8s qu&rsquo;\u00e0 des emplois de qualit\u00e9 m\u00e9diocre. Le rapport de l&rsquo;OCDE montre que l&rsquo;emploi pr\u00e9caire peut devenir un pi\u00e8ge surtout pour les travailleurs et travailleuses \u00e0 temps partiel ou ind\u00e9pendants. Le rapport contredit l&rsquo;affirmation des agences de travail temporaire selon lesquelles le travail temporaire constitue un tremplin pour l&rsquo;emploi permanent. Il indique au contraire que dans de nombreux pays, les jeunes travailleurs et travailleuses, notamment ceux qui ont des contrats d&rsquo;emploi temporaires, ont moins de chance d&rsquo;obtenir des emplois plus stables.<\/p>","protected":false},"featured_media":0,"template":"","issues":[423,415],"companies":[],"regions":[],"sectors":[],"article_tags":[],"class_list":["post-151334","article","type-article","status-publish","hentry","issues-ilo-watch","issues-stop-precarious-work"],"acf":[],"yoast_head":"<!-- This site is optimized with the Yoast SEO Premium plugin v27.1 (Yoast SEO v27.1) - https:\/\/yoast.com\/product\/yoast-seo-premium-wordpress\/ -->\n<title>\u201cL\u2019emploi pr\u00e9caire accro\u00eet l\u2019in\u00e9galit\u00e9 et la pauvret\u00e9\u201d - industriall-union<\/title>\n<meta name=\"description\" content=\"Le rapport de l&rsquo;Organisation de coop\u00e9ration et de d\u00e9veloppement \u00e9conomiques (OCDE) &lsquo;In It Together&rsquo;: Pourquoi moins d&rsquo;in\u00e9galit\u00e9\" \/>\n<meta name=\"robots\" content=\"index, follow, max-snippet:-1, max-image-preview:large, max-video-preview:-1\" \/>\n<link rel=\"canonical\" href=\"https:\/\/admin.industriall-union.org\/fr\/l-emploi-precaire-accroit-l-inegalite-et-la-pauvrete\/\" \/>\n<meta property=\"og:locale\" content=\"fr_FR\" \/>\n<meta property=\"og:type\" content=\"article\" \/>\n<meta property=\"og:title\" content=\"\u201cL\u2019emploi pr\u00e9caire accro\u00eet l\u2019in\u00e9galit\u00e9 et la pauvret\u00e9\u201d\" \/>\n<meta property=\"og:description\" content=\"Le rapport de l&rsquo;Organisation de coop\u00e9ration et de d\u00e9veloppement \u00e9conomiques (OCDE) &lsquo;In It Together&rsquo;: Pourquoi moins d&rsquo;in\u00e9galit\u00e9\" \/>\n<meta property=\"og:url\" content=\"https:\/\/admin.industriall-union.org\/fr\/l-emploi-precaire-accroit-l-inegalite-et-la-pauvrete\/\" \/>\n<meta property=\"og:site_name\" content=\"industriall-union\" \/>\n<meta property=\"article:modified_time\" content=\"2025-02-07T13:23:35+00:00\" \/>\n<meta name=\"twitter:card\" content=\"summary_large_image\" \/>\n<meta name=\"twitter:label1\" content=\"Est. reading time\" \/>\n\t<meta name=\"twitter:data1\" content=\"3 minutes\" \/>\n<script type=\"application\/ld+json\" class=\"yoast-schema-graph\">{\"@context\":\"https:\/\/schema.org\",\"@graph\":[{\"@type\":\"WebPage\",\"@id\":\"https:\/\/admin.industriall-union.org\/fr\/l-emploi-precaire-accroit-l-inegalite-et-la-pauvrete\/\",\"url\":\"https:\/\/admin.industriall-union.org\/fr\/l-emploi-precaire-accroit-l-inegalite-et-la-pauvrete\/\",\"name\":\"\u201cL\u2019emploi pr\u00e9caire accro\u00eet l\u2019in\u00e9galit\u00e9 et la pauvret\u00e9\u201d - industriall-union\",\"isPartOf\":{\"@id\":\"https:\/\/admin.industriall-union.org\/ru\/#website\"},\"datePublished\":\"2015-05-29T21:24:00+00:00\",\"dateModified\":\"2025-02-07T13:23:35+00:00\",\"description\":\"Le rapport de l&rsquo;Organisation de coop\u00e9ration et de d\u00e9veloppement \u00e9conomiques (OCDE) &lsquo;In It Together&rsquo;: Pourquoi moins d&rsquo;in\u00e9galit\u00e9\",\"breadcrumb\":{\"@id\":\"https:\/\/admin.industriall-union.org\/fr\/l-emploi-precaire-accroit-l-inegalite-et-la-pauvrete\/#breadcrumb\"},\"inLanguage\":\"fr-FR\",\"potentialAction\":[{\"@type\":\"ReadAction\",\"target\":[\"https:\/\/admin.industriall-union.org\/fr\/l-emploi-precaire-accroit-l-inegalite-et-la-pauvrete\/\"]}]},{\"@type\":\"BreadcrumbList\",\"@id\":\"https:\/\/admin.industriall-union.org\/fr\/l-emploi-precaire-accroit-l-inegalite-et-la-pauvrete\/#breadcrumb\",\"itemListElement\":[{\"@type\":\"ListItem\",\"position\":1,\"name\":\"Home\",\"item\":\"https:\/\/admin.industriall-union.org\/ru\/\"},{\"@type\":\"ListItem\",\"position\":2,\"name\":\"Articles\",\"item\":\"https:\/\/admin.industriall-union.org\/ru\/article\/\"},{\"@type\":\"ListItem\",\"position\":3,\"name\":\"\u201cL\u2019emploi pr\u00e9caire accro\u00eet l\u2019in\u00e9galit\u00e9 et la pauvret\u00e9\u201d\"}]},{\"@type\":\"WebSite\",\"@id\":\"https:\/\/admin.industriall-union.org\/ru\/#website\",\"url\":\"https:\/\/admin.industriall-union.org\/ru\/\",\"name\":\"industriall-union\",\"description\":\"\",\"potentialAction\":[{\"@type\":\"SearchAction\",\"target\":{\"@type\":\"EntryPoint\",\"urlTemplate\":\"https:\/\/admin.industriall-union.org\/ru\/?s={search_term_string}\"},\"query-input\":{\"@type\":\"PropertyValueSpecification\",\"valueRequired\":true,\"valueName\":\"search_term_string\"}}],\"inLanguage\":\"fr-FR\"}]}<\/script>\n<!-- \/ Yoast SEO Premium plugin. -->","yoast_head_json":{"title":"\u201cL\u2019emploi pr\u00e9caire accro\u00eet l\u2019in\u00e9galit\u00e9 et la pauvret\u00e9\u201d - industriall-union","description":"Le rapport de l&rsquo;Organisation de coop\u00e9ration et de d\u00e9veloppement \u00e9conomiques (OCDE) &lsquo;In It Together&rsquo;: Pourquoi moins d&rsquo;in\u00e9galit\u00e9","robots":{"index":"index","follow":"follow","max-snippet":"max-snippet:-1","max-image-preview":"max-image-preview:large","max-video-preview":"max-video-preview:-1"},"canonical":"https:\/\/admin.industriall-union.org\/fr\/l-emploi-precaire-accroit-l-inegalite-et-la-pauvrete\/","og_locale":"fr_FR","og_type":"article","og_title":"\u201cL\u2019emploi pr\u00e9caire accro\u00eet l\u2019in\u00e9galit\u00e9 et la pauvret\u00e9\u201d","og_description":"Le rapport de l&rsquo;Organisation de coop\u00e9ration et de d\u00e9veloppement \u00e9conomiques (OCDE) &lsquo;In It Together&rsquo;: Pourquoi moins d&rsquo;in\u00e9galit\u00e9","og_url":"https:\/\/admin.industriall-union.org\/fr\/l-emploi-precaire-accroit-l-inegalite-et-la-pauvrete\/","og_site_name":"industriall-union","article_modified_time":"2025-02-07T13:23:35+00:00","twitter_card":"summary_large_image","twitter_misc":{"Est. reading time":"3 minutes"},"schema":{"@context":"https:\/\/schema.org","@graph":[{"@type":"WebPage","@id":"https:\/\/admin.industriall-union.org\/fr\/l-emploi-precaire-accroit-l-inegalite-et-la-pauvrete\/","url":"https:\/\/admin.industriall-union.org\/fr\/l-emploi-precaire-accroit-l-inegalite-et-la-pauvrete\/","name":"\u201cL\u2019emploi pr\u00e9caire accro\u00eet l\u2019in\u00e9galit\u00e9 et la pauvret\u00e9\u201d - industriall-union","isPartOf":{"@id":"https:\/\/admin.industriall-union.org\/ru\/#website"},"datePublished":"2015-05-29T21:24:00+00:00","dateModified":"2025-02-07T13:23:35+00:00","description":"Le rapport de l&rsquo;Organisation de coop\u00e9ration et de d\u00e9veloppement \u00e9conomiques (OCDE) &lsquo;In It Together&rsquo;: Pourquoi moins d&rsquo;in\u00e9galit\u00e9","breadcrumb":{"@id":"https:\/\/admin.industriall-union.org\/fr\/l-emploi-precaire-accroit-l-inegalite-et-la-pauvrete\/#breadcrumb"},"inLanguage":"fr-FR","potentialAction":[{"@type":"ReadAction","target":["https:\/\/admin.industriall-union.org\/fr\/l-emploi-precaire-accroit-l-inegalite-et-la-pauvrete\/"]}]},{"@type":"BreadcrumbList","@id":"https:\/\/admin.industriall-union.org\/fr\/l-emploi-precaire-accroit-l-inegalite-et-la-pauvrete\/#breadcrumb","itemListElement":[{"@type":"ListItem","position":1,"name":"Home","item":"https:\/\/admin.industriall-union.org\/ru\/"},{"@type":"ListItem","position":2,"name":"Articles","item":"https:\/\/admin.industriall-union.org\/ru\/article\/"},{"@type":"ListItem","position":3,"name":"\u201cL\u2019emploi pr\u00e9caire accro\u00eet l\u2019in\u00e9galit\u00e9 et la pauvret\u00e9\u201d"}]},{"@type":"WebSite","@id":"https:\/\/admin.industriall-union.org\/ru\/#website","url":"https:\/\/admin.industriall-union.org\/ru\/","name":"industriall-union","description":"","potentialAction":[{"@type":"SearchAction","target":{"@type":"EntryPoint","urlTemplate":"https:\/\/admin.industriall-union.org\/ru\/?s={search_term_string}"},"query-input":{"@type":"PropertyValueSpecification","valueRequired":true,"valueName":"search_term_string"}}],"inLanguage":"fr-FR"}]}},"_links":{"self":[{"href":"https:\/\/admin.industriall-union.org\/fr\/wp-json\/wp\/v2\/article\/151334","targetHints":{"allow":["GET"]}}],"collection":[{"href":"https:\/\/admin.industriall-union.org\/fr\/wp-json\/wp\/v2\/article"}],"about":[{"href":"https:\/\/admin.industriall-union.org\/fr\/wp-json\/wp\/v2\/types\/article"}],"wp:attachment":[{"href":"https:\/\/admin.industriall-union.org\/fr\/wp-json\/wp\/v2\/media?parent=151334"}],"wp:term":[{"taxonomy":"issues","embeddable":true,"href":"https:\/\/admin.industriall-union.org\/fr\/wp-json\/wp\/v2\/issues?post=151334"},{"taxonomy":"companies","embeddable":true,"href":"https:\/\/admin.industriall-union.org\/fr\/wp-json\/wp\/v2\/companies?post=151334"},{"taxonomy":"regions","embeddable":true,"href":"https:\/\/admin.industriall-union.org\/fr\/wp-json\/wp\/v2\/regions?post=151334"},{"taxonomy":"sectors","embeddable":true,"href":"https:\/\/admin.industriall-union.org\/fr\/wp-json\/wp\/v2\/sectors?post=151334"},{"taxonomy":"article_tags","embeddable":true,"href":"https:\/\/admin.industriall-union.org\/fr\/wp-json\/wp\/v2\/article_tags?post=151334"}],"curies":[{"name":"wp","href":"https:\/\/api.w.org\/{rel}","templated":true}]}}