{"id":151330,"date":"2015-06-02T12:22:11","date_gmt":"2015-06-02T12:22:11","guid":{"rendered":"https:\/\/admin.industriall-union.org\/rana-plaza-une-responsabilite-largement-partagee\/"},"modified":"2025-02-07T13:22:20","modified_gmt":"2025-02-07T13:22:20","slug":"rana-plaza-une-responsabilite-largement-partagee","status":"publish","type":"article","link":"https:\/\/admin.industriall-union.org\/fr\/rana-plaza-une-responsabilite-largement-partagee\/","title":{"rendered":"Rana Plaza : une responsabilit\u00e9 largement partag\u00e9e"},"content":{"rendered":"<p>Des <a href=\"http:\/\/www.bbc.com\/news\/world-asia-32956705\">chefs d&#039;accusation de meurtre<\/a> ont \u00e9t\u00e9 retenus contre les propri\u00e9taires d&#039;ateliers de confection install\u00e9s dans l&#039;immeuble et plus d&#039;une dizaine d&#039;agents de l&#039;administration, accus\u00e9s de ne pas avoir tenu compte des avertissements demandant de condamner le b\u00e2timent la veille de son effondrement, le 24 avril 2013.<\/p><p>Jyrki Raina, le Secr\u00e9taire g\u00e9n\u00e9ral d&#039;IndustriALL, qui repr\u00e9sente les travailleurs de l&#039;habillement au Bangladesh, a d\u00e9clar\u00e9 :&nbsp;<\/p><blockquote><p>Les victimes du Rana Plaza et leurs familles m\u00e9ritent que justice leur soit rendue. La responsabilit\u00e9 de la pire catastrophe industrielle qu&#039;ait connu le Bangladesh est largement partag\u00e9e. L&#039;effondrement de l&#039;immeuble est l&#039;aboutissement d&#039;un syst\u00e8me de production intenable qui exige des fournisseurs qu&#039;ils produisent plus pour moins cher et qui repose sur une main-d&rsquo;\u0153uvre bon march\u00e9 et des co\u00fbts faibles, quelles que soient les cons\u00e9quences.&nbsp;<\/p><\/blockquote><p>&nbsp;&ldquo;Maintenant, les inspections d&#039;usines effectu\u00e9es dans le cadre de l&#039;Accord sur le Bangladesh signifient que les marques qui ont le sens des responsabilit\u00e9s ne se fient plus \u00e0 des syst\u00e8mes de contr\u00f4le internes qui ont tragiquement \u00e9chou\u00e9.<\/p><blockquote><p>Or, apr\u00e8s deux ann\u00e9es, les victimes du Rana Plaza attendent toujours une indemnisation compl\u00e8te et digne de ce nom. Nous exhortons les marques qui se fournissent au Bangladesh, ainsi que son gouvernement, \u00e0 honorer leurs obligations et \u00e0 verser les 2,3 millions $ n\u00e9cessaires pour que les victimes soient compl\u00e8tement indemnis\u00e9es.<\/p><\/blockquote>","protected":false},"featured_media":0,"template":"","issues":[414,402],"companies":[],"regions":[159],"sectors":[464],"article_tags":[],"class_list":["post-151330","article","type-article","status-publish","hentry","issues-action-on-bangladesh","issues-health-and-safety","regions-bangladesh","sectors-textile-leather-garment-shoes-and-textile-services"],"acf":[],"yoast_head":"<!-- This site is optimized with the Yoast SEO Premium plugin v27.1 (Yoast SEO v27.1) - https:\/\/yoast.com\/product\/yoast-seo-premium-wordpress\/ -->\n<title>Rana Plaza : une responsabilit\u00e9 largement partag\u00e9e - industriall-union<\/title>\n<meta name=\"description\" content=\"Des chefs d&#039;accusation de meurtre ont \u00e9t\u00e9 retenus contre les propri\u00e9taires d&#039;ateliers de confection install\u00e9s dans l&#039;immeuble et plus\" \/>\n<meta name=\"robots\" content=\"index, follow, max-snippet:-1, max-image-preview:large, max-video-preview:-1\" \/>\n<link rel=\"canonical\" href=\"https:\/\/admin.industriall-union.org\/fr\/rana-plaza-une-responsabilite-largement-partagee\/\" \/>\n<meta property=\"og:locale\" content=\"fr_FR\" \/>\n<meta property=\"og:type\" content=\"article\" \/>\n<meta property=\"og:title\" content=\"Rana Plaza : une responsabilit\u00e9 largement partag\u00e9e\" \/>\n<meta property=\"og:description\" content=\"Des chefs d&#039;accusation de meurtre ont \u00e9t\u00e9 retenus contre les propri\u00e9taires d&#039;ateliers de confection install\u00e9s dans l&#039;immeuble et plus\" \/>\n<meta property=\"og:url\" content=\"https:\/\/admin.industriall-union.org\/fr\/rana-plaza-une-responsabilite-largement-partagee\/\" \/>\n<meta property=\"og:site_name\" content=\"industriall-union\" \/>\n<meta property=\"article:modified_time\" content=\"2025-02-07T13:22:20+00:00\" \/>\n<meta name=\"twitter:card\" content=\"summary_large_image\" \/>\n<meta name=\"twitter:label1\" content=\"Est. reading time\" \/>\n\t<meta name=\"twitter:data1\" content=\"1 minute\" \/>\n<script type=\"application\/ld+json\" class=\"yoast-schema-graph\">{\"@context\":\"https:\/\/schema.org\",\"@graph\":[{\"@type\":\"WebPage\",\"@id\":\"https:\/\/admin.industriall-union.org\/fr\/rana-plaza-une-responsabilite-largement-partagee\/\",\"url\":\"https:\/\/admin.industriall-union.org\/fr\/rana-plaza-une-responsabilite-largement-partagee\/\",\"name\":\"Rana Plaza : une responsabilit\u00e9 largement partag\u00e9e - industriall-union\",\"isPartOf\":{\"@id\":\"https:\/\/admin.industriall-union.org\/#website\"},\"datePublished\":\"2015-06-02T12:22:11+00:00\",\"dateModified\":\"2025-02-07T13:22:20+00:00\",\"description\":\"Des chefs d&#039;accusation de meurtre ont \u00e9t\u00e9 retenus contre les propri\u00e9taires d&#039;ateliers de confection install\u00e9s dans l&#039;immeuble et plus\",\"breadcrumb\":{\"@id\":\"https:\/\/admin.industriall-union.org\/fr\/rana-plaza-une-responsabilite-largement-partagee\/#breadcrumb\"},\"inLanguage\":\"fr-FR\",\"potentialAction\":[{\"@type\":\"ReadAction\",\"target\":[\"https:\/\/admin.industriall-union.org\/fr\/rana-plaza-une-responsabilite-largement-partagee\/\"]}]},{\"@type\":\"BreadcrumbList\",\"@id\":\"https:\/\/admin.industriall-union.org\/fr\/rana-plaza-une-responsabilite-largement-partagee\/#breadcrumb\",\"itemListElement\":[{\"@type\":\"ListItem\",\"position\":1,\"name\":\"Home\",\"item\":\"https:\/\/admin.industriall-union.org\/\"},{\"@type\":\"ListItem\",\"position\":2,\"name\":\"Articles\",\"item\":\"https:\/\/admin.industriall-union.org\/article\/\"},{\"@type\":\"ListItem\",\"position\":3,\"name\":\"Rana Plaza : une responsabilit\u00e9 largement partag\u00e9e\"}]},{\"@type\":\"WebSite\",\"@id\":\"https:\/\/admin.industriall-union.org\/#website\",\"url\":\"https:\/\/admin.industriall-union.org\/\",\"name\":\"industriall-union\",\"description\":\"\",\"potentialAction\":[{\"@type\":\"SearchAction\",\"target\":{\"@type\":\"EntryPoint\",\"urlTemplate\":\"https:\/\/admin.industriall-union.org\/?s={search_term_string}\"},\"query-input\":{\"@type\":\"PropertyValueSpecification\",\"valueRequired\":true,\"valueName\":\"search_term_string\"}}],\"inLanguage\":\"fr-FR\"}]}<\/script>\n<!-- \/ Yoast SEO Premium plugin. -->","yoast_head_json":{"title":"Rana Plaza : une responsabilit\u00e9 largement partag\u00e9e - industriall-union","description":"Des chefs d&#039;accusation de meurtre ont \u00e9t\u00e9 retenus contre les propri\u00e9taires d&#039;ateliers de confection install\u00e9s dans l&#039;immeuble et plus","robots":{"index":"index","follow":"follow","max-snippet":"max-snippet:-1","max-image-preview":"max-image-preview:large","max-video-preview":"max-video-preview:-1"},"canonical":"https:\/\/admin.industriall-union.org\/fr\/rana-plaza-une-responsabilite-largement-partagee\/","og_locale":"fr_FR","og_type":"article","og_title":"Rana Plaza : une responsabilit\u00e9 largement partag\u00e9e","og_description":"Des chefs d&#039;accusation de meurtre ont \u00e9t\u00e9 retenus contre les propri\u00e9taires d&#039;ateliers de confection install\u00e9s dans l&#039;immeuble et plus","og_url":"https:\/\/admin.industriall-union.org\/fr\/rana-plaza-une-responsabilite-largement-partagee\/","og_site_name":"industriall-union","article_modified_time":"2025-02-07T13:22:20+00:00","twitter_card":"summary_large_image","twitter_misc":{"Est. reading time":"1 minute"},"schema":{"@context":"https:\/\/schema.org","@graph":[{"@type":"WebPage","@id":"https:\/\/admin.industriall-union.org\/fr\/rana-plaza-une-responsabilite-largement-partagee\/","url":"https:\/\/admin.industriall-union.org\/fr\/rana-plaza-une-responsabilite-largement-partagee\/","name":"Rana Plaza : une responsabilit\u00e9 largement partag\u00e9e - industriall-union","isPartOf":{"@id":"https:\/\/admin.industriall-union.org\/#website"},"datePublished":"2015-06-02T12:22:11+00:00","dateModified":"2025-02-07T13:22:20+00:00","description":"Des chefs d&#039;accusation de meurtre ont \u00e9t\u00e9 retenus contre les propri\u00e9taires d&#039;ateliers de confection install\u00e9s dans l&#039;immeuble et plus","breadcrumb":{"@id":"https:\/\/admin.industriall-union.org\/fr\/rana-plaza-une-responsabilite-largement-partagee\/#breadcrumb"},"inLanguage":"fr-FR","potentialAction":[{"@type":"ReadAction","target":["https:\/\/admin.industriall-union.org\/fr\/rana-plaza-une-responsabilite-largement-partagee\/"]}]},{"@type":"BreadcrumbList","@id":"https:\/\/admin.industriall-union.org\/fr\/rana-plaza-une-responsabilite-largement-partagee\/#breadcrumb","itemListElement":[{"@type":"ListItem","position":1,"name":"Home","item":"https:\/\/admin.industriall-union.org\/"},{"@type":"ListItem","position":2,"name":"Articles","item":"https:\/\/admin.industriall-union.org\/article\/"},{"@type":"ListItem","position":3,"name":"Rana Plaza : une responsabilit\u00e9 largement partag\u00e9e"}]},{"@type":"WebSite","@id":"https:\/\/admin.industriall-union.org\/#website","url":"https:\/\/admin.industriall-union.org\/","name":"industriall-union","description":"","potentialAction":[{"@type":"SearchAction","target":{"@type":"EntryPoint","urlTemplate":"https:\/\/admin.industriall-union.org\/?s={search_term_string}"},"query-input":{"@type":"PropertyValueSpecification","valueRequired":true,"valueName":"search_term_string"}}],"inLanguage":"fr-FR"}]}},"_links":{"self":[{"href":"https:\/\/admin.industriall-union.org\/fr\/wp-json\/wp\/v2\/article\/151330","targetHints":{"allow":["GET"]}}],"collection":[{"href":"https:\/\/admin.industriall-union.org\/fr\/wp-json\/wp\/v2\/article"}],"about":[{"href":"https:\/\/admin.industriall-union.org\/fr\/wp-json\/wp\/v2\/types\/article"}],"wp:attachment":[{"href":"https:\/\/admin.industriall-union.org\/fr\/wp-json\/wp\/v2\/media?parent=151330"}],"wp:term":[{"taxonomy":"issues","embeddable":true,"href":"https:\/\/admin.industriall-union.org\/fr\/wp-json\/wp\/v2\/issues?post=151330"},{"taxonomy":"companies","embeddable":true,"href":"https:\/\/admin.industriall-union.org\/fr\/wp-json\/wp\/v2\/companies?post=151330"},{"taxonomy":"regions","embeddable":true,"href":"https:\/\/admin.industriall-union.org\/fr\/wp-json\/wp\/v2\/regions?post=151330"},{"taxonomy":"sectors","embeddable":true,"href":"https:\/\/admin.industriall-union.org\/fr\/wp-json\/wp\/v2\/sectors?post=151330"},{"taxonomy":"article_tags","embeddable":true,"href":"https:\/\/admin.industriall-union.org\/fr\/wp-json\/wp\/v2\/article_tags?post=151330"}],"curies":[{"name":"wp","href":"https:\/\/api.w.org\/{rel}","templated":true}]}}