{"id":151319,"date":"2015-06-03T19:20:27","date_gmt":"2015-06-03T19:20:27","guid":{"rendered":"https:\/\/admin.industriall-union.org\/fusion-de-syndicats-au-lesotho\/"},"modified":"2025-02-07T13:16:48","modified_gmt":"2025-02-07T13:16:48","slug":"fusion-de-syndicats-au-lesotho","status":"publish","type":"article","link":"https:\/\/admin.industriall-union.org\/fr\/fusion-de-syndicats-au-lesotho\/","title":{"rendered":"Fusion de syndicats au Lesotho"},"content":{"rendered":"<p>La force de n\u00e9gociation au Lesotho s&rsquo;\u00e9tait beaucoup d\u00e9t\u00e9rior\u00e9e depuis une dizaine d&rsquo;ann\u00e9es en raison du fractionnement syndical d\u00fb \u00e0 l&rsquo;\u00e9mergence de nouveaux syndicats en concurrence pour le recrutement de membres. Il en est r\u00e9sult\u00e9 l&rsquo;impossibilit\u00e9 d&rsquo;accro\u00eetre les effectifs de chaque syndicat qui sont rest\u00e9s \u00e0 un niveau bas, inf\u00e9rieur au seuil n\u00e9cessaire pour une reconnaissance syndicale dans beaucoup de fabriques et ateliers. Les patrons ont tir\u00e9 avantage de cette situation qui a amen\u00e9 une \u00e9rosion des salaires r\u00e9els qui ne suivent pas l&rsquo;inflation, ce qui fait que les gains des travailleuses et travailleurs leur permettent \u00e0 peine de survivre.<\/p><p>Les affili\u00e9s au Lesotho, le syndicat des travailleurs d&rsquo;usine (Fawu), le syndicat de la confection et des secteurs connexes du Lesotho (Lecawu) et le syndicat national des travailleurs du textile (Nutex) ont reconnu que la seule fa\u00e7on d&rsquo;obliger le gouvernement et les employeurs \u00e0 se mettre d&rsquo;accord sur un salaire minimum vital serait de r\u00e9aliser l&rsquo;unit\u00e9 parmi les travailleuses et travailleurs. Ils ont donc suscit\u00e9 l&rsquo;engagement de leurs membres pour la fusion tout en travaillant ensemble durant les deux derni\u00e8res ann\u00e9es avec l&rsquo;appui de IndustriALL et de son affili\u00e9 su\u00e9dois, IF Metall.&nbsp;<\/p><p>Le 31 mai, les nouveaux statuts ont \u00e9t\u00e9 adopt\u00e9s \u00e0 l&rsquo;unanimit\u00e9 par les 92 d\u00e9l\u00e9gu\u00e9(e)s lors du congr\u00e8s inaugural. La pr\u00e9sidente nouvellement \u00e9lue, Leticia Mohobelo, a lanc\u00e9 un appel pour le maintien de l&rsquo;unit\u00e9 parmi les travailleuses et travailleurs du textile et de la confection au Lesotho.&nbsp;<\/p><p>IndustriALL et IF Metall continueront de soutenir le d\u00e9veloppement de l&rsquo;IDUL pour permettre au syndicat de repr\u00e9senter efficacement les travailleuses et travailleurs.<\/p><p>Dans son message lu au congr\u00e8s du fusionnement, le secr\u00e9taire g\u00e9n\u00e9ral de IndustriALL, Jyrki Raina, a dit:<\/p><blockquote><p>Les travailleuses et travailleurs ont aujourd&rsquo;hui l&rsquo;espoir d&rsquo;avoir cr\u00e9\u00e9 au Lesotho un syndicat puissant capable de recruter davantage de membres et d&rsquo;\u00eatre pourvu de structures solides lui permettant d&rsquo;\u00eatre responsable de ses activit\u00e9s devant ses membres. Un syndicat attach\u00e9 \u00e0 am\u00e9liorer les conditions d&rsquo;emploi et les salaires, et de r\u00e9soudre les probl\u00e8mes de l&rsquo;emploi&nbsp; pr\u00e9caire et de la s\u00e9curit\u00e9 au travail.<\/p><p>Renforc\u00e9s par cette unit\u00e9, les travailleuses et travailleurs peuvent engager le combat pour un salaire minimum vital et un travail d\u00e9cent.<\/p><\/blockquote>","protected":false},"featured_media":0,"template":"","issues":[396,416],"companies":[],"regions":[334],"sectors":[465],"article_tags":[],"class_list":["post-151319","article","type-article","status-publish","hentry","issues-building-strong-unions","issues-living-wage","regions-lesotho","sectors-garment"],"acf":[],"yoast_head":"<!-- This site is optimized with the Yoast SEO Premium plugin v27.1 (Yoast SEO v27.1) - https:\/\/yoast.com\/product\/yoast-seo-premium-wordpress\/ -->\n<title>Fusion de syndicats au Lesotho - industriall-union<\/title>\n<meta name=\"description\" content=\"La force de n\u00e9gociation au Lesotho s&rsquo;\u00e9tait beaucoup d\u00e9t\u00e9rior\u00e9e depuis une dizaine d&rsquo;ann\u00e9es en raison du fractionnement syndical d\u00fb \u00e0\" \/>\n<meta name=\"robots\" content=\"index, follow, max-snippet:-1, max-image-preview:large, max-video-preview:-1\" \/>\n<link rel=\"canonical\" href=\"https:\/\/admin.industriall-union.org\/fr\/fusion-de-syndicats-au-lesotho\/\" \/>\n<meta property=\"og:locale\" content=\"fr_FR\" \/>\n<meta property=\"og:type\" content=\"article\" \/>\n<meta property=\"og:title\" content=\"Fusion de syndicats au Lesotho\" \/>\n<meta property=\"og:description\" content=\"La force de n\u00e9gociation au Lesotho s&rsquo;\u00e9tait beaucoup d\u00e9t\u00e9rior\u00e9e depuis une dizaine d&rsquo;ann\u00e9es en raison du fractionnement syndical d\u00fb \u00e0\" \/>\n<meta property=\"og:url\" content=\"https:\/\/admin.industriall-union.org\/fr\/fusion-de-syndicats-au-lesotho\/\" \/>\n<meta property=\"og:site_name\" content=\"industriall-union\" \/>\n<meta property=\"article:modified_time\" content=\"2025-02-07T13:16:48+00:00\" \/>\n<meta name=\"twitter:card\" content=\"summary_large_image\" \/>\n<meta name=\"twitter:label1\" content=\"Est. reading time\" \/>\n\t<meta name=\"twitter:data1\" content=\"2 minutes\" \/>\n<script type=\"application\/ld+json\" class=\"yoast-schema-graph\">{\"@context\":\"https:\/\/schema.org\",\"@graph\":[{\"@type\":\"WebPage\",\"@id\":\"https:\/\/admin.industriall-union.org\/fr\/fusion-de-syndicats-au-lesotho\/\",\"url\":\"https:\/\/admin.industriall-union.org\/fr\/fusion-de-syndicats-au-lesotho\/\",\"name\":\"Fusion de syndicats au Lesotho - industriall-union\",\"isPartOf\":{\"@id\":\"https:\/\/admin.industriall-union.org\/#website\"},\"datePublished\":\"2015-06-03T19:20:27+00:00\",\"dateModified\":\"2025-02-07T13:16:48+00:00\",\"description\":\"La force de n\u00e9gociation au Lesotho s&rsquo;\u00e9tait beaucoup d\u00e9t\u00e9rior\u00e9e depuis une dizaine d&rsquo;ann\u00e9es en raison du fractionnement syndical d\u00fb \u00e0\",\"breadcrumb\":{\"@id\":\"https:\/\/admin.industriall-union.org\/fr\/fusion-de-syndicats-au-lesotho\/#breadcrumb\"},\"inLanguage\":\"fr-FR\",\"potentialAction\":[{\"@type\":\"ReadAction\",\"target\":[\"https:\/\/admin.industriall-union.org\/fr\/fusion-de-syndicats-au-lesotho\/\"]}]},{\"@type\":\"BreadcrumbList\",\"@id\":\"https:\/\/admin.industriall-union.org\/fr\/fusion-de-syndicats-au-lesotho\/#breadcrumb\",\"itemListElement\":[{\"@type\":\"ListItem\",\"position\":1,\"name\":\"Home\",\"item\":\"https:\/\/admin.industriall-union.org\/\"},{\"@type\":\"ListItem\",\"position\":2,\"name\":\"Articles\",\"item\":\"https:\/\/admin.industriall-union.org\/article\/\"},{\"@type\":\"ListItem\",\"position\":3,\"name\":\"Fusion de syndicats au Lesotho\"}]},{\"@type\":\"WebSite\",\"@id\":\"https:\/\/admin.industriall-union.org\/#website\",\"url\":\"https:\/\/admin.industriall-union.org\/\",\"name\":\"industriall-union\",\"description\":\"\",\"potentialAction\":[{\"@type\":\"SearchAction\",\"target\":{\"@type\":\"EntryPoint\",\"urlTemplate\":\"https:\/\/admin.industriall-union.org\/?s={search_term_string}\"},\"query-input\":{\"@type\":\"PropertyValueSpecification\",\"valueRequired\":true,\"valueName\":\"search_term_string\"}}],\"inLanguage\":\"fr-FR\"}]}<\/script>\n<!-- \/ Yoast SEO Premium plugin. -->","yoast_head_json":{"title":"Fusion de syndicats au Lesotho - industriall-union","description":"La force de n\u00e9gociation au Lesotho s&rsquo;\u00e9tait beaucoup d\u00e9t\u00e9rior\u00e9e depuis une dizaine d&rsquo;ann\u00e9es en raison du fractionnement syndical d\u00fb \u00e0","robots":{"index":"index","follow":"follow","max-snippet":"max-snippet:-1","max-image-preview":"max-image-preview:large","max-video-preview":"max-video-preview:-1"},"canonical":"https:\/\/admin.industriall-union.org\/fr\/fusion-de-syndicats-au-lesotho\/","og_locale":"fr_FR","og_type":"article","og_title":"Fusion de syndicats au Lesotho","og_description":"La force de n\u00e9gociation au Lesotho s&rsquo;\u00e9tait beaucoup d\u00e9t\u00e9rior\u00e9e depuis une dizaine d&rsquo;ann\u00e9es en raison du fractionnement syndical d\u00fb \u00e0","og_url":"https:\/\/admin.industriall-union.org\/fr\/fusion-de-syndicats-au-lesotho\/","og_site_name":"industriall-union","article_modified_time":"2025-02-07T13:16:48+00:00","twitter_card":"summary_large_image","twitter_misc":{"Est. reading time":"2 minutes"},"schema":{"@context":"https:\/\/schema.org","@graph":[{"@type":"WebPage","@id":"https:\/\/admin.industriall-union.org\/fr\/fusion-de-syndicats-au-lesotho\/","url":"https:\/\/admin.industriall-union.org\/fr\/fusion-de-syndicats-au-lesotho\/","name":"Fusion de syndicats au Lesotho - industriall-union","isPartOf":{"@id":"https:\/\/admin.industriall-union.org\/#website"},"datePublished":"2015-06-03T19:20:27+00:00","dateModified":"2025-02-07T13:16:48+00:00","description":"La force de n\u00e9gociation au Lesotho s&rsquo;\u00e9tait beaucoup d\u00e9t\u00e9rior\u00e9e depuis une dizaine d&rsquo;ann\u00e9es en raison du fractionnement syndical d\u00fb \u00e0","breadcrumb":{"@id":"https:\/\/admin.industriall-union.org\/fr\/fusion-de-syndicats-au-lesotho\/#breadcrumb"},"inLanguage":"fr-FR","potentialAction":[{"@type":"ReadAction","target":["https:\/\/admin.industriall-union.org\/fr\/fusion-de-syndicats-au-lesotho\/"]}]},{"@type":"BreadcrumbList","@id":"https:\/\/admin.industriall-union.org\/fr\/fusion-de-syndicats-au-lesotho\/#breadcrumb","itemListElement":[{"@type":"ListItem","position":1,"name":"Home","item":"https:\/\/admin.industriall-union.org\/"},{"@type":"ListItem","position":2,"name":"Articles","item":"https:\/\/admin.industriall-union.org\/article\/"},{"@type":"ListItem","position":3,"name":"Fusion de syndicats au Lesotho"}]},{"@type":"WebSite","@id":"https:\/\/admin.industriall-union.org\/#website","url":"https:\/\/admin.industriall-union.org\/","name":"industriall-union","description":"","potentialAction":[{"@type":"SearchAction","target":{"@type":"EntryPoint","urlTemplate":"https:\/\/admin.industriall-union.org\/?s={search_term_string}"},"query-input":{"@type":"PropertyValueSpecification","valueRequired":true,"valueName":"search_term_string"}}],"inLanguage":"fr-FR"}]}},"_links":{"self":[{"href":"https:\/\/admin.industriall-union.org\/fr\/wp-json\/wp\/v2\/article\/151319","targetHints":{"allow":["GET"]}}],"collection":[{"href":"https:\/\/admin.industriall-union.org\/fr\/wp-json\/wp\/v2\/article"}],"about":[{"href":"https:\/\/admin.industriall-union.org\/fr\/wp-json\/wp\/v2\/types\/article"}],"wp:attachment":[{"href":"https:\/\/admin.industriall-union.org\/fr\/wp-json\/wp\/v2\/media?parent=151319"}],"wp:term":[{"taxonomy":"issues","embeddable":true,"href":"https:\/\/admin.industriall-union.org\/fr\/wp-json\/wp\/v2\/issues?post=151319"},{"taxonomy":"companies","embeddable":true,"href":"https:\/\/admin.industriall-union.org\/fr\/wp-json\/wp\/v2\/companies?post=151319"},{"taxonomy":"regions","embeddable":true,"href":"https:\/\/admin.industriall-union.org\/fr\/wp-json\/wp\/v2\/regions?post=151319"},{"taxonomy":"sectors","embeddable":true,"href":"https:\/\/admin.industriall-union.org\/fr\/wp-json\/wp\/v2\/sectors?post=151319"},{"taxonomy":"article_tags","embeddable":true,"href":"https:\/\/admin.industriall-union.org\/fr\/wp-json\/wp\/v2\/article_tags?post=151319"}],"curies":[{"name":"wp","href":"https:\/\/api.w.org\/{rel}","templated":true}]}}