{"id":151245,"date":"2015-06-18T16:08:46","date_gmt":"2015-06-18T16:08:46","guid":{"rendered":"https:\/\/admin.industriall-union.org\/les-travailleurs-approuvent-l-accord-obtenu-chez-tenaris-italie\/"},"modified":"2025-02-07T12:43:39","modified_gmt":"2025-02-07T12:43:39","slug":"les-travailleurs-approuvent-l-accord-obtenu-chez-tenaris-italie","status":"publish","type":"article","link":"https:\/\/admin.industriall-union.org\/fr\/les-travailleurs-approuvent-l-accord-obtenu-chez-tenaris-italie\/","title":{"rendered":"Les travailleurs approuvent l\u2019accord obtenu chez Tenaris, Italie"},"content":{"rendered":"<p>L&rsquo;accord avec Tenaris Dalmine a \u00e9t\u00e9 approuv\u00e9 lors d&rsquo;un vote qui eut lieu les 11 et 12 juin.<\/p><p>Selon l&rsquo;accord, <a href=\"http:\/\/www.industriall-union.org\/metalworkers-mobilize-against-redundancies-at-tenaris-dalmine-in-italy\">les 406 licenciements annonc\u00e9s pr\u00e9c\u00e9demment<\/a> seront r\u00e9duits \u00e0 301. Le nombre inf\u00e9rieur a \u00e9t\u00e9 obtenu par des contrats de solidarit\u00e9 qui permettent \u00e0 chaque membre du personnel de garder son emploi, mais avec un nombre plus r\u00e9duit d&rsquo;heures de travail. L&rsquo;une des pierres angulaires des n\u00e9gociations portait sur le destin de 120 apprentis. L&rsquo;accord n\u00e9goci\u00e9 stipule qu&rsquo;ils recevront maintenant confirmation de leur emploi. L&rsquo;entreprise avait annonc\u00e9 auparavant que leur contrat temporaire ne serait pas renouvel\u00e9.<\/p><p>Sur les 301 mises \u00e0 pied, 261 auront lieu \u00e0 l&rsquo;usine Dalmine, alors que 40 autres pertes d&rsquo;emploi auront lieu sur des sites annexes. Les contrats de solidarit\u00e9 auront une dur\u00e9e de 12 \u00e0 24 mois, et une option de mobilit\u00e9 volontaire accompagn\u00e9e d&rsquo;un soutien jusqu&rsquo;\u00e0 l&rsquo;\u00e2ge de la retraite sera offert \u00e0 tous les travailleurs\/euses qui auront acc\u00e8s au programme avant 2020.<\/p><p>La d\u00e9l\u00e9gation syndicale, dirig\u00e9e par Emanuele Fantini (Fim-Cisl), Eugenio Borella, (Fiom-Cgil) et Angelo Nozza (Uilm), a consid\u00e9r\u00e9 l&rsquo;accord obtenu comme \u00e9tant positif, bien que toutes les revendications ouvri\u00e8res n&rsquo;aient pas \u00e9t\u00e9 accept\u00e9es.<\/p><p>Parmi les r\u00e9alisations obtenues, les dirigeants syndicaux ont cit\u00e9 la diminution du nombre total de licenciements et la confirmation de l&rsquo;emploi des apprentis, ce qui prouve que l&rsquo;entreprise est pr\u00eate \u00e0 investir dans les ressources humaines. L&rsquo;option de d\u00e9part volontaire \u00e0 la retraite et l&rsquo;accord sur les contrats de solidarit\u00e9 sont \u00e9galement vus comme \u00e9tant positifs.<\/p>","protected":false},"featured_media":0,"template":"","issues":[],"companies":[135],"regions":[224],"sectors":[481],"article_tags":[505],"class_list":["post-151245","article","type-article","status-publish","hentry","companies-tenaris","regions-italy","sectors-base-metals","article_tags-collective-bargaining"],"acf":[],"yoast_head":"<!-- This site is optimized with the Yoast SEO Premium plugin v27.1 (Yoast SEO v27.1) - https:\/\/yoast.com\/product\/yoast-seo-premium-wordpress\/ -->\n<title>Les travailleurs approuvent l\u2019accord obtenu chez Tenaris, Italie - industriall-union<\/title>\n<meta name=\"description\" content=\"L&rsquo;accord avec Tenaris Dalmine a \u00e9t\u00e9 approuv\u00e9 lors d&rsquo;un vote qui eut lieu les 11 et 12 juin.Selon l&rsquo;accord, les 406 licenciements\" \/>\n<meta name=\"robots\" content=\"index, follow, max-snippet:-1, max-image-preview:large, max-video-preview:-1\" \/>\n<link rel=\"canonical\" href=\"https:\/\/admin.industriall-union.org\/fr\/les-travailleurs-approuvent-l-accord-obtenu-chez-tenaris-italie\/\" \/>\n<meta property=\"og:locale\" content=\"fr_FR\" \/>\n<meta property=\"og:type\" content=\"article\" \/>\n<meta property=\"og:title\" content=\"Les travailleurs approuvent l\u2019accord obtenu chez Tenaris, Italie\" \/>\n<meta property=\"og:description\" content=\"L&rsquo;accord avec Tenaris Dalmine a \u00e9t\u00e9 approuv\u00e9 lors d&rsquo;un vote qui eut lieu les 11 et 12 juin.Selon l&rsquo;accord, les 406 licenciements\" \/>\n<meta property=\"og:url\" content=\"https:\/\/admin.industriall-union.org\/fr\/les-travailleurs-approuvent-l-accord-obtenu-chez-tenaris-italie\/\" \/>\n<meta property=\"og:site_name\" content=\"industriall-union\" \/>\n<meta property=\"article:modified_time\" content=\"2025-02-07T12:43:39+00:00\" \/>\n<meta name=\"twitter:card\" content=\"summary_large_image\" \/>\n<meta name=\"twitter:label1\" content=\"Est. reading time\" \/>\n\t<meta name=\"twitter:data1\" content=\"1 minute\" \/>\n<script type=\"application\/ld+json\" class=\"yoast-schema-graph\">{\"@context\":\"https:\/\/schema.org\",\"@graph\":[{\"@type\":\"WebPage\",\"@id\":\"https:\/\/admin.industriall-union.org\/fr\/les-travailleurs-approuvent-l-accord-obtenu-chez-tenaris-italie\/\",\"url\":\"https:\/\/admin.industriall-union.org\/fr\/les-travailleurs-approuvent-l-accord-obtenu-chez-tenaris-italie\/\",\"name\":\"Les travailleurs approuvent l\u2019accord obtenu chez Tenaris, Italie - industriall-union\",\"isPartOf\":{\"@id\":\"https:\/\/admin.industriall-union.org\/#website\"},\"datePublished\":\"2015-06-18T16:08:46+00:00\",\"dateModified\":\"2025-02-07T12:43:39+00:00\",\"description\":\"L&rsquo;accord avec Tenaris Dalmine a \u00e9t\u00e9 approuv\u00e9 lors d&rsquo;un vote qui eut lieu les 11 et 12 juin.Selon l&rsquo;accord, les 406 licenciements\",\"breadcrumb\":{\"@id\":\"https:\/\/admin.industriall-union.org\/fr\/les-travailleurs-approuvent-l-accord-obtenu-chez-tenaris-italie\/#breadcrumb\"},\"inLanguage\":\"fr-FR\",\"potentialAction\":[{\"@type\":\"ReadAction\",\"target\":[\"https:\/\/admin.industriall-union.org\/fr\/les-travailleurs-approuvent-l-accord-obtenu-chez-tenaris-italie\/\"]}]},{\"@type\":\"BreadcrumbList\",\"@id\":\"https:\/\/admin.industriall-union.org\/fr\/les-travailleurs-approuvent-l-accord-obtenu-chez-tenaris-italie\/#breadcrumb\",\"itemListElement\":[{\"@type\":\"ListItem\",\"position\":1,\"name\":\"Home\",\"item\":\"https:\/\/admin.industriall-union.org\/\"},{\"@type\":\"ListItem\",\"position\":2,\"name\":\"Articles\",\"item\":\"https:\/\/admin.industriall-union.org\/article\/\"},{\"@type\":\"ListItem\",\"position\":3,\"name\":\"Les travailleurs approuvent l\u2019accord obtenu chez Tenaris, Italie\"}]},{\"@type\":\"WebSite\",\"@id\":\"https:\/\/admin.industriall-union.org\/#website\",\"url\":\"https:\/\/admin.industriall-union.org\/\",\"name\":\"industriall-union\",\"description\":\"\",\"potentialAction\":[{\"@type\":\"SearchAction\",\"target\":{\"@type\":\"EntryPoint\",\"urlTemplate\":\"https:\/\/admin.industriall-union.org\/?s={search_term_string}\"},\"query-input\":{\"@type\":\"PropertyValueSpecification\",\"valueRequired\":true,\"valueName\":\"search_term_string\"}}],\"inLanguage\":\"fr-FR\"}]}<\/script>\n<!-- \/ Yoast SEO Premium plugin. -->","yoast_head_json":{"title":"Les travailleurs approuvent l\u2019accord obtenu chez Tenaris, Italie - industriall-union","description":"L&rsquo;accord avec Tenaris Dalmine a \u00e9t\u00e9 approuv\u00e9 lors d&rsquo;un vote qui eut lieu les 11 et 12 juin.Selon l&rsquo;accord, les 406 licenciements","robots":{"index":"index","follow":"follow","max-snippet":"max-snippet:-1","max-image-preview":"max-image-preview:large","max-video-preview":"max-video-preview:-1"},"canonical":"https:\/\/admin.industriall-union.org\/fr\/les-travailleurs-approuvent-l-accord-obtenu-chez-tenaris-italie\/","og_locale":"fr_FR","og_type":"article","og_title":"Les travailleurs approuvent l\u2019accord obtenu chez Tenaris, Italie","og_description":"L&rsquo;accord avec Tenaris Dalmine a \u00e9t\u00e9 approuv\u00e9 lors d&rsquo;un vote qui eut lieu les 11 et 12 juin.Selon l&rsquo;accord, les 406 licenciements","og_url":"https:\/\/admin.industriall-union.org\/fr\/les-travailleurs-approuvent-l-accord-obtenu-chez-tenaris-italie\/","og_site_name":"industriall-union","article_modified_time":"2025-02-07T12:43:39+00:00","twitter_card":"summary_large_image","twitter_misc":{"Est. reading time":"1 minute"},"schema":{"@context":"https:\/\/schema.org","@graph":[{"@type":"WebPage","@id":"https:\/\/admin.industriall-union.org\/fr\/les-travailleurs-approuvent-l-accord-obtenu-chez-tenaris-italie\/","url":"https:\/\/admin.industriall-union.org\/fr\/les-travailleurs-approuvent-l-accord-obtenu-chez-tenaris-italie\/","name":"Les travailleurs approuvent l\u2019accord obtenu chez Tenaris, Italie - industriall-union","isPartOf":{"@id":"https:\/\/admin.industriall-union.org\/#website"},"datePublished":"2015-06-18T16:08:46+00:00","dateModified":"2025-02-07T12:43:39+00:00","description":"L&rsquo;accord avec Tenaris Dalmine a \u00e9t\u00e9 approuv\u00e9 lors d&rsquo;un vote qui eut lieu les 11 et 12 juin.Selon l&rsquo;accord, les 406 licenciements","breadcrumb":{"@id":"https:\/\/admin.industriall-union.org\/fr\/les-travailleurs-approuvent-l-accord-obtenu-chez-tenaris-italie\/#breadcrumb"},"inLanguage":"fr-FR","potentialAction":[{"@type":"ReadAction","target":["https:\/\/admin.industriall-union.org\/fr\/les-travailleurs-approuvent-l-accord-obtenu-chez-tenaris-italie\/"]}]},{"@type":"BreadcrumbList","@id":"https:\/\/admin.industriall-union.org\/fr\/les-travailleurs-approuvent-l-accord-obtenu-chez-tenaris-italie\/#breadcrumb","itemListElement":[{"@type":"ListItem","position":1,"name":"Home","item":"https:\/\/admin.industriall-union.org\/"},{"@type":"ListItem","position":2,"name":"Articles","item":"https:\/\/admin.industriall-union.org\/article\/"},{"@type":"ListItem","position":3,"name":"Les travailleurs approuvent l\u2019accord obtenu chez Tenaris, Italie"}]},{"@type":"WebSite","@id":"https:\/\/admin.industriall-union.org\/#website","url":"https:\/\/admin.industriall-union.org\/","name":"industriall-union","description":"","potentialAction":[{"@type":"SearchAction","target":{"@type":"EntryPoint","urlTemplate":"https:\/\/admin.industriall-union.org\/?s={search_term_string}"},"query-input":{"@type":"PropertyValueSpecification","valueRequired":true,"valueName":"search_term_string"}}],"inLanguage":"fr-FR"}]}},"_links":{"self":[{"href":"https:\/\/admin.industriall-union.org\/fr\/wp-json\/wp\/v2\/article\/151245","targetHints":{"allow":["GET"]}}],"collection":[{"href":"https:\/\/admin.industriall-union.org\/fr\/wp-json\/wp\/v2\/article"}],"about":[{"href":"https:\/\/admin.industriall-union.org\/fr\/wp-json\/wp\/v2\/types\/article"}],"wp:attachment":[{"href":"https:\/\/admin.industriall-union.org\/fr\/wp-json\/wp\/v2\/media?parent=151245"}],"wp:term":[{"taxonomy":"issues","embeddable":true,"href":"https:\/\/admin.industriall-union.org\/fr\/wp-json\/wp\/v2\/issues?post=151245"},{"taxonomy":"companies","embeddable":true,"href":"https:\/\/admin.industriall-union.org\/fr\/wp-json\/wp\/v2\/companies?post=151245"},{"taxonomy":"regions","embeddable":true,"href":"https:\/\/admin.industriall-union.org\/fr\/wp-json\/wp\/v2\/regions?post=151245"},{"taxonomy":"sectors","embeddable":true,"href":"https:\/\/admin.industriall-union.org\/fr\/wp-json\/wp\/v2\/sectors?post=151245"},{"taxonomy":"article_tags","embeddable":true,"href":"https:\/\/admin.industriall-union.org\/fr\/wp-json\/wp\/v2\/article_tags?post=151245"}],"curies":[{"name":"wp","href":"https:\/\/api.w.org\/{rel}","templated":true}]}}