{"id":151233,"date":"2015-06-25T14:26:30","date_gmt":"2015-06-25T14:26:30","guid":{"rendered":"https:\/\/admin.industriall-union.org\/les-syndicats-ciblent-la-suisse-a-propos-de-glencore\/"},"modified":"2025-02-07T12:31:20","modified_gmt":"2025-02-07T12:31:20","slug":"les-syndicats-ciblent-la-suisse-a-propos-de-glencore","status":"publish","type":"article","link":"https:\/\/admin.industriall-union.org\/fr\/les-syndicats-ciblent-la-suisse-a-propos-de-glencore\/","title":{"rendered":"Les syndicats ciblent la Suisse \u00e0 propos de Glencore"},"content":{"rendered":"<p>La semaine d&rsquo;action du R\u00e9seau syndical mondial de Glencore qui a lieu du 29 juin au 3 juillet co\u00efncide avec une Initiative populaire en Suisse qui fait campagne pour modifier la l\u00e9gislation de sorte \u00e0 ce que les multinationales ayant leur si\u00e8ge en Suisse, comme Glencore, soit rendues responsables de leurs atteintes aux droits de l&rsquo;homme ou \u00e0 l&rsquo;environnement perp\u00e9tr\u00e9es \u00e0 l&rsquo;\u00e9tranger.<\/p><p>Si l&rsquo;Initiative populaire recueille 100.000 signatures, les citoyens helv\u00e9tiques pourront voter sur la question de savoir s&rsquo;il faut l\u00e9gif\u00e9rer \u00e0 cet \u00e9gard dans le cadre de la Constitution f\u00e9d\u00e9rale.<\/p><p>Si ce vote abouti, cela signifiera que les victimes d&rsquo;atteintes aux droits de l&rsquo;homme ou \u00e0 l&rsquo;environnement perp\u00e9tr\u00e9es par des multinationales suisses dans des pays \u00e9trangers pourront faire compara\u00eetre l&rsquo;entreprise concern\u00e9e devant les tribunaux en Suisse et pourront y r\u00e9clamer des compensations.<\/p><p>Cela rendra \u00e9galement les entreprises suisses responsables des violations commises par leurs filiales ou par les entreprises qu&rsquo;elles contr\u00f4lent au sein des pays o\u00f9 elles sont actives.<\/p><p>Au cours de la semaine mondiale d&rsquo;action, des affili\u00e9s d&rsquo;IndustriALL en provenance d&rsquo;Afrique, d&rsquo;Australie, d&rsquo;Am\u00e9rique latine et des \u00c9tats-Unis, qui forment le R\u00e9seau syndical mondial de Glencore, remettront une lettre de protestation aux Ambassades et Consulats suisses.<\/p><p>Ce courrier implore le gouvernement suisse de s&rsquo;assurer que Glencore respecte les normes internationales et cesse de maltraiter personnes et environnement \u00e0 l&rsquo;\u00e9tranger.<\/p><p>&ldquo;La Suisse a bonne r\u00e9putation en mati\u00e8re de respect des droits des travailleurs et de n\u00e9gociation collective. Cependant, les actes pos\u00e9s par Glencore \u00e0 l&rsquo;\u00e9tranger donnent mauvaise r\u00e9putation au pays et sa conduite ne serait pas tol\u00e9r\u00e9e en Suisse,&rdquo; confier le Directeur d&rsquo;IndustriALL pour les Mines Glen Mpufane.<\/p><p>IndustriALL s&rsquo;en prend \u00e0 Glencore \u00e0 propos d&rsquo;accusations d&rsquo;anti-syndicalisme, d&rsquo;atteintes \u00e0 la sant\u00e9 et la s\u00e9curit\u00e9 et d&rsquo;\u00e9vasion fiscale \u00e0 la suite de litiges ouverts par des affili\u00e9s. Et ce ne sont que quelques exemples.<\/p><p>Le&nbsp;<a href=\"http:\/\/www.industriall-union.org\/fr\/industriall-cible-glencore-pour-son-attitude-antisyndicale\" target=\"_blank\">R\u00e9seau syndical mondial de Glencore<\/a>&nbsp;compte des repr\u00e9sentants issus de quatorze pays, \u00e0 savoir l&rsquo;Argentine, l&rsquo;Australie, le Botswana, le Br\u00e9sil, le Canada, le Chili, la Colombie, la R\u00e9publique d\u00e9mocratique du Congo, le Mexique, la Namibie, le P\u00e9rou, l&rsquo;Afrique du Sud, les \u00c9tats-Unie et la Zambie.<\/p><p>Vous trouverez ici davantage de d\u00e9tails sur l&rsquo;Initiative populaire :&nbsp;<a href=\"http:\/\/konzern-initiative.ch\/?lang=fr\">http:\/\/konzern-initiative.ch\/?lang=fr<\/a><\/p>","protected":false},"featured_media":0,"template":"","issues":[406],"companies":[60],"regions":[],"sectors":[494],"article_tags":[],"class_list":["post-151233","article","type-article","status-publish","hentry","issues-confronting-global-capital","companies-glencore","sectors-mining-and-dgojp"],"acf":[],"yoast_head":"<!-- This site is optimized with the Yoast SEO Premium plugin v27.1 (Yoast SEO v27.1) - https:\/\/yoast.com\/product\/yoast-seo-premium-wordpress\/ -->\n<title>Les syndicats ciblent la Suisse \u00e0 propos de Glencore - industriall-union<\/title>\n<meta name=\"description\" content=\"La semaine d&rsquo;action du R\u00e9seau syndical mondial de Glencore qui a lieu du 29 juin au 3 juillet co\u00efncide avec une Initiative populaire en Suisse qui\" \/>\n<meta name=\"robots\" content=\"index, follow, max-snippet:-1, max-image-preview:large, max-video-preview:-1\" \/>\n<link rel=\"canonical\" href=\"https:\/\/admin.industriall-union.org\/fr\/les-syndicats-ciblent-la-suisse-a-propos-de-glencore\/\" \/>\n<meta property=\"og:locale\" content=\"fr_FR\" \/>\n<meta property=\"og:type\" content=\"article\" \/>\n<meta property=\"og:title\" content=\"Les syndicats ciblent la Suisse \u00e0 propos de Glencore\" \/>\n<meta property=\"og:description\" content=\"La semaine d&rsquo;action du R\u00e9seau syndical mondial de Glencore qui a lieu du 29 juin au 3 juillet co\u00efncide avec une Initiative populaire en Suisse qui\" \/>\n<meta property=\"og:url\" content=\"https:\/\/admin.industriall-union.org\/fr\/les-syndicats-ciblent-la-suisse-a-propos-de-glencore\/\" \/>\n<meta property=\"og:site_name\" content=\"industriall-union\" \/>\n<meta property=\"article:modified_time\" content=\"2025-02-07T12:31:20+00:00\" \/>\n<meta name=\"twitter:card\" content=\"summary_large_image\" \/>\n<meta name=\"twitter:label1\" content=\"Est. reading time\" \/>\n\t<meta name=\"twitter:data1\" content=\"2 minutes\" \/>\n<script type=\"application\/ld+json\" class=\"yoast-schema-graph\">{\"@context\":\"https:\/\/schema.org\",\"@graph\":[{\"@type\":\"WebPage\",\"@id\":\"https:\/\/admin.industriall-union.org\/fr\/les-syndicats-ciblent-la-suisse-a-propos-de-glencore\/\",\"url\":\"https:\/\/admin.industriall-union.org\/fr\/les-syndicats-ciblent-la-suisse-a-propos-de-glencore\/\",\"name\":\"Les syndicats ciblent la Suisse \u00e0 propos de Glencore - industriall-union\",\"isPartOf\":{\"@id\":\"https:\/\/admin.industriall-union.org\/#website\"},\"datePublished\":\"2015-06-25T14:26:30+00:00\",\"dateModified\":\"2025-02-07T12:31:20+00:00\",\"description\":\"La semaine d&rsquo;action du R\u00e9seau syndical mondial de Glencore qui a lieu du 29 juin au 3 juillet co\u00efncide avec une Initiative populaire en Suisse qui\",\"breadcrumb\":{\"@id\":\"https:\/\/admin.industriall-union.org\/fr\/les-syndicats-ciblent-la-suisse-a-propos-de-glencore\/#breadcrumb\"},\"inLanguage\":\"fr-FR\",\"potentialAction\":[{\"@type\":\"ReadAction\",\"target\":[\"https:\/\/admin.industriall-union.org\/fr\/les-syndicats-ciblent-la-suisse-a-propos-de-glencore\/\"]}]},{\"@type\":\"BreadcrumbList\",\"@id\":\"https:\/\/admin.industriall-union.org\/fr\/les-syndicats-ciblent-la-suisse-a-propos-de-glencore\/#breadcrumb\",\"itemListElement\":[{\"@type\":\"ListItem\",\"position\":1,\"name\":\"Home\",\"item\":\"https:\/\/admin.industriall-union.org\/\"},{\"@type\":\"ListItem\",\"position\":2,\"name\":\"Articles\",\"item\":\"https:\/\/admin.industriall-union.org\/article\/\"},{\"@type\":\"ListItem\",\"position\":3,\"name\":\"Les syndicats ciblent la Suisse \u00e0 propos de Glencore\"}]},{\"@type\":\"WebSite\",\"@id\":\"https:\/\/admin.industriall-union.org\/#website\",\"url\":\"https:\/\/admin.industriall-union.org\/\",\"name\":\"industriall-union\",\"description\":\"\",\"potentialAction\":[{\"@type\":\"SearchAction\",\"target\":{\"@type\":\"EntryPoint\",\"urlTemplate\":\"https:\/\/admin.industriall-union.org\/?s={search_term_string}\"},\"query-input\":{\"@type\":\"PropertyValueSpecification\",\"valueRequired\":true,\"valueName\":\"search_term_string\"}}],\"inLanguage\":\"fr-FR\"}]}<\/script>\n<!-- \/ Yoast SEO Premium plugin. -->","yoast_head_json":{"title":"Les syndicats ciblent la Suisse \u00e0 propos de Glencore - industriall-union","description":"La semaine d&rsquo;action du R\u00e9seau syndical mondial de Glencore qui a lieu du 29 juin au 3 juillet co\u00efncide avec une Initiative populaire en Suisse qui","robots":{"index":"index","follow":"follow","max-snippet":"max-snippet:-1","max-image-preview":"max-image-preview:large","max-video-preview":"max-video-preview:-1"},"canonical":"https:\/\/admin.industriall-union.org\/fr\/les-syndicats-ciblent-la-suisse-a-propos-de-glencore\/","og_locale":"fr_FR","og_type":"article","og_title":"Les syndicats ciblent la Suisse \u00e0 propos de Glencore","og_description":"La semaine d&rsquo;action du R\u00e9seau syndical mondial de Glencore qui a lieu du 29 juin au 3 juillet co\u00efncide avec une Initiative populaire en Suisse qui","og_url":"https:\/\/admin.industriall-union.org\/fr\/les-syndicats-ciblent-la-suisse-a-propos-de-glencore\/","og_site_name":"industriall-union","article_modified_time":"2025-02-07T12:31:20+00:00","twitter_card":"summary_large_image","twitter_misc":{"Est. reading time":"2 minutes"},"schema":{"@context":"https:\/\/schema.org","@graph":[{"@type":"WebPage","@id":"https:\/\/admin.industriall-union.org\/fr\/les-syndicats-ciblent-la-suisse-a-propos-de-glencore\/","url":"https:\/\/admin.industriall-union.org\/fr\/les-syndicats-ciblent-la-suisse-a-propos-de-glencore\/","name":"Les syndicats ciblent la Suisse \u00e0 propos de Glencore - industriall-union","isPartOf":{"@id":"https:\/\/admin.industriall-union.org\/#website"},"datePublished":"2015-06-25T14:26:30+00:00","dateModified":"2025-02-07T12:31:20+00:00","description":"La semaine d&rsquo;action du R\u00e9seau syndical mondial de Glencore qui a lieu du 29 juin au 3 juillet co\u00efncide avec une Initiative populaire en Suisse qui","breadcrumb":{"@id":"https:\/\/admin.industriall-union.org\/fr\/les-syndicats-ciblent-la-suisse-a-propos-de-glencore\/#breadcrumb"},"inLanguage":"fr-FR","potentialAction":[{"@type":"ReadAction","target":["https:\/\/admin.industriall-union.org\/fr\/les-syndicats-ciblent-la-suisse-a-propos-de-glencore\/"]}]},{"@type":"BreadcrumbList","@id":"https:\/\/admin.industriall-union.org\/fr\/les-syndicats-ciblent-la-suisse-a-propos-de-glencore\/#breadcrumb","itemListElement":[{"@type":"ListItem","position":1,"name":"Home","item":"https:\/\/admin.industriall-union.org\/"},{"@type":"ListItem","position":2,"name":"Articles","item":"https:\/\/admin.industriall-union.org\/article\/"},{"@type":"ListItem","position":3,"name":"Les syndicats ciblent la Suisse \u00e0 propos de Glencore"}]},{"@type":"WebSite","@id":"https:\/\/admin.industriall-union.org\/#website","url":"https:\/\/admin.industriall-union.org\/","name":"industriall-union","description":"","potentialAction":[{"@type":"SearchAction","target":{"@type":"EntryPoint","urlTemplate":"https:\/\/admin.industriall-union.org\/?s={search_term_string}"},"query-input":{"@type":"PropertyValueSpecification","valueRequired":true,"valueName":"search_term_string"}}],"inLanguage":"fr-FR"}]}},"_links":{"self":[{"href":"https:\/\/admin.industriall-union.org\/fr\/wp-json\/wp\/v2\/article\/151233","targetHints":{"allow":["GET"]}}],"collection":[{"href":"https:\/\/admin.industriall-union.org\/fr\/wp-json\/wp\/v2\/article"}],"about":[{"href":"https:\/\/admin.industriall-union.org\/fr\/wp-json\/wp\/v2\/types\/article"}],"wp:attachment":[{"href":"https:\/\/admin.industriall-union.org\/fr\/wp-json\/wp\/v2\/media?parent=151233"}],"wp:term":[{"taxonomy":"issues","embeddable":true,"href":"https:\/\/admin.industriall-union.org\/fr\/wp-json\/wp\/v2\/issues?post=151233"},{"taxonomy":"companies","embeddable":true,"href":"https:\/\/admin.industriall-union.org\/fr\/wp-json\/wp\/v2\/companies?post=151233"},{"taxonomy":"regions","embeddable":true,"href":"https:\/\/admin.industriall-union.org\/fr\/wp-json\/wp\/v2\/regions?post=151233"},{"taxonomy":"sectors","embeddable":true,"href":"https:\/\/admin.industriall-union.org\/fr\/wp-json\/wp\/v2\/sectors?post=151233"},{"taxonomy":"article_tags","embeddable":true,"href":"https:\/\/admin.industriall-union.org\/fr\/wp-json\/wp\/v2\/article_tags?post=151233"}],"curies":[{"name":"wp","href":"https:\/\/api.w.org\/{rel}","templated":true}]}}