{"id":151211,"date":"2015-07-02T14:30:35","date_gmt":"2015-07-02T14:30:35","guid":{"rendered":"https:\/\/admin.industriall-union.org\/industriall-veut-une-solution-juste-et-durable-a-la-dette-grecque\/"},"modified":"2025-02-07T12:17:04","modified_gmt":"2025-02-07T12:17:04","slug":"industriall-veut-une-solution-juste-et-durable-a-la-dette-grecque","status":"publish","type":"article","link":"https:\/\/admin.industriall-union.org\/fr\/industriall-veut-une-solution-juste-et-durable-a-la-dette-grecque\/","title":{"rendered":"IndustriALL veut une solution juste et durable \u00e0 la dette grecque"},"content":{"rendered":"<p>Les Grecs vont voter dimanche 5 juillet pour d\u00e9cider d&rsquo;accepter ou non les propositions de la Banque centrale europ\u00e9enne, du FMI et de la Commission europ\u00e9enne, qui entra\u00eeneraient des &nbsp;&nbsp;r\u00e9formes \u00e9conomiques rigoureuses en \u00e9change de nouveau cr\u00e9dit.<\/p><p>La Gr\u00e8ce est emp\u00eatr\u00e9e dans plus de 300 milliards d&rsquo;euros de dette, qui \u00e9quivaut \u00e0 environ 180 pour cent du PIB. Les mesures d&rsquo;aust\u00e9rit\u00e9 impos\u00e9es par les trois institutions financi\u00e8res connues sous le nom de Tro\u00efka ont produit des ann\u00e9es de d\u00e9clin,&nbsp;d&rsquo;incertitude et de pauvret\u00e9 en Gr\u00e8ce, et non de r\u00e9tablissement.<\/p><p>Le secr\u00e9taire g\u00e9n\u00e9ral de IndustriALL, Jyrki Raina, a dit:<\/p><p>&ldquo;La Gr\u00e8ce ne doit pas \u00eatre ran\u00e7onn\u00e9e par ses cr\u00e9ancier. Le r\u00e9tablissement \u00e9conomique du pays ne pourra \u00eatre obtenu que par une solution juste, et surtout durable, pour la restructuration de la dette.<\/p><p>&ldquo;Les cinq ann\u00e9es d&rsquo;aust\u00e9rit\u00e9 en Gr\u00e8ce sont un \u00e9chec. Il est temps de trouver une meilleure solution et de d\u00e9terminer une voie \u00e9conomique r\u00e9aliste pour le pays. Les institutions de la Tro\u00efka doivent entendre les voix du peuple grec et ne pas interf\u00e9rer avec le gouvernement \u00e9lu d\u00e9mocratiquement.&rdquo;&nbsp;<\/p>","protected":false},"featured_media":0,"template":"","issues":[],"companies":[],"regions":[220],"sectors":[],"article_tags":[],"class_list":["post-151211","article","type-article","status-publish","hentry","regions-greece"],"acf":[],"yoast_head":"<!-- This site is optimized with the Yoast SEO Premium plugin v27.1 (Yoast SEO v27.1) - https:\/\/yoast.com\/product\/yoast-seo-premium-wordpress\/ -->\n<title>IndustriALL veut une solution juste et durable \u00e0 la dette grecque - industriall-union<\/title>\n<meta name=\"description\" content=\"Les Grecs vont voter dimanche 5 juillet pour d\u00e9cider d&rsquo;accepter ou non les propositions de la Banque centrale europ\u00e9enne, du FMI et de la Commission\" \/>\n<meta name=\"robots\" content=\"index, follow, max-snippet:-1, max-image-preview:large, max-video-preview:-1\" \/>\n<link rel=\"canonical\" href=\"https:\/\/admin.industriall-union.org\/fr\/industriall-veut-une-solution-juste-et-durable-a-la-dette-grecque\/\" \/>\n<meta property=\"og:locale\" content=\"fr_FR\" \/>\n<meta property=\"og:type\" content=\"article\" \/>\n<meta property=\"og:title\" content=\"IndustriALL veut une solution juste et durable \u00e0 la dette grecque\" \/>\n<meta property=\"og:description\" content=\"Les Grecs vont voter dimanche 5 juillet pour d\u00e9cider d&rsquo;accepter ou non les propositions de la Banque centrale europ\u00e9enne, du FMI et de la Commission\" \/>\n<meta property=\"og:url\" content=\"https:\/\/admin.industriall-union.org\/fr\/industriall-veut-une-solution-juste-et-durable-a-la-dette-grecque\/\" \/>\n<meta property=\"og:site_name\" content=\"industriall-union\" \/>\n<meta property=\"article:modified_time\" content=\"2025-02-07T12:17:04+00:00\" \/>\n<meta name=\"twitter:card\" content=\"summary_large_image\" \/>\n<meta name=\"twitter:label1\" content=\"Est. reading time\" \/>\n\t<meta name=\"twitter:data1\" content=\"1 minute\" \/>\n<script type=\"application\/ld+json\" class=\"yoast-schema-graph\">{\"@context\":\"https:\/\/schema.org\",\"@graph\":[{\"@type\":\"WebPage\",\"@id\":\"https:\/\/admin.industriall-union.org\/fr\/industriall-veut-une-solution-juste-et-durable-a-la-dette-grecque\/\",\"url\":\"https:\/\/admin.industriall-union.org\/fr\/industriall-veut-une-solution-juste-et-durable-a-la-dette-grecque\/\",\"name\":\"IndustriALL veut une solution juste et durable \u00e0 la dette grecque - industriall-union\",\"isPartOf\":{\"@id\":\"https:\/\/admin.industriall-union.org\/ru\/#website\"},\"datePublished\":\"2015-07-02T14:30:35+00:00\",\"dateModified\":\"2025-02-07T12:17:04+00:00\",\"description\":\"Les Grecs vont voter dimanche 5 juillet pour d\u00e9cider d&rsquo;accepter ou non les propositions de la Banque centrale europ\u00e9enne, du FMI et de la Commission\",\"breadcrumb\":{\"@id\":\"https:\/\/admin.industriall-union.org\/fr\/industriall-veut-une-solution-juste-et-durable-a-la-dette-grecque\/#breadcrumb\"},\"inLanguage\":\"fr-FR\",\"potentialAction\":[{\"@type\":\"ReadAction\",\"target\":[\"https:\/\/admin.industriall-union.org\/fr\/industriall-veut-une-solution-juste-et-durable-a-la-dette-grecque\/\"]}]},{\"@type\":\"BreadcrumbList\",\"@id\":\"https:\/\/admin.industriall-union.org\/fr\/industriall-veut-une-solution-juste-et-durable-a-la-dette-grecque\/#breadcrumb\",\"itemListElement\":[{\"@type\":\"ListItem\",\"position\":1,\"name\":\"Home\",\"item\":\"https:\/\/admin.industriall-union.org\/ru\/\"},{\"@type\":\"ListItem\",\"position\":2,\"name\":\"Articles\",\"item\":\"https:\/\/admin.industriall-union.org\/ru\/article\/\"},{\"@type\":\"ListItem\",\"position\":3,\"name\":\"IndustriALL veut une solution juste et durable \u00e0 la dette grecque\"}]},{\"@type\":\"WebSite\",\"@id\":\"https:\/\/admin.industriall-union.org\/ru\/#website\",\"url\":\"https:\/\/admin.industriall-union.org\/ru\/\",\"name\":\"industriall-union\",\"description\":\"\",\"potentialAction\":[{\"@type\":\"SearchAction\",\"target\":{\"@type\":\"EntryPoint\",\"urlTemplate\":\"https:\/\/admin.industriall-union.org\/ru\/?s={search_term_string}\"},\"query-input\":{\"@type\":\"PropertyValueSpecification\",\"valueRequired\":true,\"valueName\":\"search_term_string\"}}],\"inLanguage\":\"fr-FR\"}]}<\/script>\n<!-- \/ Yoast SEO Premium plugin. -->","yoast_head_json":{"title":"IndustriALL veut une solution juste et durable \u00e0 la dette grecque - industriall-union","description":"Les Grecs vont voter dimanche 5 juillet pour d\u00e9cider d&rsquo;accepter ou non les propositions de la Banque centrale europ\u00e9enne, du FMI et de la Commission","robots":{"index":"index","follow":"follow","max-snippet":"max-snippet:-1","max-image-preview":"max-image-preview:large","max-video-preview":"max-video-preview:-1"},"canonical":"https:\/\/admin.industriall-union.org\/fr\/industriall-veut-une-solution-juste-et-durable-a-la-dette-grecque\/","og_locale":"fr_FR","og_type":"article","og_title":"IndustriALL veut une solution juste et durable \u00e0 la dette grecque","og_description":"Les Grecs vont voter dimanche 5 juillet pour d\u00e9cider d&rsquo;accepter ou non les propositions de la Banque centrale europ\u00e9enne, du FMI et de la Commission","og_url":"https:\/\/admin.industriall-union.org\/fr\/industriall-veut-une-solution-juste-et-durable-a-la-dette-grecque\/","og_site_name":"industriall-union","article_modified_time":"2025-02-07T12:17:04+00:00","twitter_card":"summary_large_image","twitter_misc":{"Est. reading time":"1 minute"},"schema":{"@context":"https:\/\/schema.org","@graph":[{"@type":"WebPage","@id":"https:\/\/admin.industriall-union.org\/fr\/industriall-veut-une-solution-juste-et-durable-a-la-dette-grecque\/","url":"https:\/\/admin.industriall-union.org\/fr\/industriall-veut-une-solution-juste-et-durable-a-la-dette-grecque\/","name":"IndustriALL veut une solution juste et durable \u00e0 la dette grecque - industriall-union","isPartOf":{"@id":"https:\/\/admin.industriall-union.org\/ru\/#website"},"datePublished":"2015-07-02T14:30:35+00:00","dateModified":"2025-02-07T12:17:04+00:00","description":"Les Grecs vont voter dimanche 5 juillet pour d\u00e9cider d&rsquo;accepter ou non les propositions de la Banque centrale europ\u00e9enne, du FMI et de la Commission","breadcrumb":{"@id":"https:\/\/admin.industriall-union.org\/fr\/industriall-veut-une-solution-juste-et-durable-a-la-dette-grecque\/#breadcrumb"},"inLanguage":"fr-FR","potentialAction":[{"@type":"ReadAction","target":["https:\/\/admin.industriall-union.org\/fr\/industriall-veut-une-solution-juste-et-durable-a-la-dette-grecque\/"]}]},{"@type":"BreadcrumbList","@id":"https:\/\/admin.industriall-union.org\/fr\/industriall-veut-une-solution-juste-et-durable-a-la-dette-grecque\/#breadcrumb","itemListElement":[{"@type":"ListItem","position":1,"name":"Home","item":"https:\/\/admin.industriall-union.org\/ru\/"},{"@type":"ListItem","position":2,"name":"Articles","item":"https:\/\/admin.industriall-union.org\/ru\/article\/"},{"@type":"ListItem","position":3,"name":"IndustriALL veut une solution juste et durable \u00e0 la dette grecque"}]},{"@type":"WebSite","@id":"https:\/\/admin.industriall-union.org\/ru\/#website","url":"https:\/\/admin.industriall-union.org\/ru\/","name":"industriall-union","description":"","potentialAction":[{"@type":"SearchAction","target":{"@type":"EntryPoint","urlTemplate":"https:\/\/admin.industriall-union.org\/ru\/?s={search_term_string}"},"query-input":{"@type":"PropertyValueSpecification","valueRequired":true,"valueName":"search_term_string"}}],"inLanguage":"fr-FR"}]}},"_links":{"self":[{"href":"https:\/\/admin.industriall-union.org\/fr\/wp-json\/wp\/v2\/article\/151211","targetHints":{"allow":["GET"]}}],"collection":[{"href":"https:\/\/admin.industriall-union.org\/fr\/wp-json\/wp\/v2\/article"}],"about":[{"href":"https:\/\/admin.industriall-union.org\/fr\/wp-json\/wp\/v2\/types\/article"}],"wp:attachment":[{"href":"https:\/\/admin.industriall-union.org\/fr\/wp-json\/wp\/v2\/media?parent=151211"}],"wp:term":[{"taxonomy":"issues","embeddable":true,"href":"https:\/\/admin.industriall-union.org\/fr\/wp-json\/wp\/v2\/issues?post=151211"},{"taxonomy":"companies","embeddable":true,"href":"https:\/\/admin.industriall-union.org\/fr\/wp-json\/wp\/v2\/companies?post=151211"},{"taxonomy":"regions","embeddable":true,"href":"https:\/\/admin.industriall-union.org\/fr\/wp-json\/wp\/v2\/regions?post=151211"},{"taxonomy":"sectors","embeddable":true,"href":"https:\/\/admin.industriall-union.org\/fr\/wp-json\/wp\/v2\/sectors?post=151211"},{"taxonomy":"article_tags","embeddable":true,"href":"https:\/\/admin.industriall-union.org\/fr\/wp-json\/wp\/v2\/article_tags?post=151211"}],"curies":[{"name":"wp","href":"https:\/\/api.w.org\/{rel}","templated":true}]}}