{"id":151210,"date":"2015-07-02T15:44:03","date_gmt":"2015-07-02T15:44:03","guid":{"rendered":"https:\/\/admin.industriall-union.org\/decollage-de-la-puissance-syndicale-dans-l-industrie-aerospatiale\/"},"modified":"2025-02-07T12:16:07","modified_gmt":"2025-02-07T12:16:07","slug":"decollage-de-la-puissance-syndicale-dans-l-industrie-aerospatiale","status":"publish","type":"article","link":"https:\/\/admin.industriall-union.org\/fr\/decollage-de-la-puissance-syndicale-dans-l-industrie-aerospatiale\/","title":{"rendered":"D\u00e9collage de la puissance syndicale dans l\u2019industrie a\u00e9rospatiale"},"content":{"rendered":"<p>Pr\u00e8s d&rsquo;une centaine de d\u00e9l\u00e9gu\u00e9(e)s de 16 pays, repr\u00e9sentant 25 syndicats, se sont r\u00e9unis au d\u00e9but de juillet lors d&rsquo;une conf\u00e9rence mondiale de l&rsquo;a\u00e9rospatiale de deux jours \u00e0 Berlin. La conf\u00e9rence avait pour&nbsp; th\u00e8me le renforcement des syndicats et la mani\u00e8re de faire face au capital mondial dans une industrie en expansion.<\/p><p>J\u00fcrgen Kerner, tr\u00e9sorier de IG Metall, a souhait\u00e9 la bienvenue en Allemagne aux d\u00e9l\u00e9gu\u00e9(e)s et exprim\u00e9 la solidarit\u00e9 avec la famille mondiale des travailleurs et travailleuses de l&rsquo;a\u00e9rospatiale.<\/p><p>Au cours de la c\u00e9r\u00e9monie d&rsquo;ouverture, Holger Schilenkamp, repr\u00e9sentant le minist\u00e8re f\u00e9d\u00e9ral allemand des Affaires \u00e9conomiques et de l&rsquo;\u00c9nergie, a soulign\u00e9 l&rsquo;importance de ce qu&rsquo;on appelle en Allemagne la cod\u00e9termination, en affirmant qu&rsquo;elle est dans l&rsquo;int\u00e9r\u00eat des travailleurs\/euses et des employeurs.<\/p><p>Dans son allocution d&rsquo;ouverture,&nbsp;Tom Buffenbarger, vice-pr\u00e9sident de IndustriALL, pr\u00e9sident de IAMAW et directeur du secteur a\u00e9rospatial de IndustriALL, a dit que l&rsquo;industrie mondiale se trouve \u00e0 un tournant d\u00e9cisif et qu&rsquo;elle doit faire un choix entre deux voies:<\/p><p>&ldquo;Dans la premi\u00e8re, les travailleurs et travailleuses devront abandonner leur droit fondamental de gr\u00e8ve et seront accus\u00e9s des fautes commises par les directions.<\/p><p>&ldquo;La seconde est favorable aux syndicats de l&rsquo;a\u00e9rospatiale, et les directions reconnaissent la valeur d&rsquo;une main-d&rsquo;\u0153uvre syndiqu\u00e9e capable de s&rsquo;engager librement dans la n\u00e9gociation collective.&rdquo;<\/p><p>Rien qu&rsquo;aux \u00c9tats-Unis et au Canada, plus de 600.000 emplois dans l&rsquo;a\u00e9rospatiale, soit pr\u00e8s de 50 pour cent de la main-d&rsquo;\u0153uvre du secteur, ont disparu au cours des 20 derni\u00e8res ann\u00e9es. Comme c&rsquo;est le cas dans de nombreuses industries, les entreprises de l&rsquo;a\u00e9rospatiale d\u00e9pendent de plus en plus d&rsquo;une main-d&rsquo;\u0153uvre contractuelle.<\/p><p>Au cours des deux jours de d\u00e9bats avec des intervenants, les participant(e)s ont examin\u00e9 la mani\u00e8re de d\u00e9fendre les droits des travailleurs et travailleuses et de s&rsquo;opposer aux activit\u00e9s antisyndicales. Les accords-cadres mondiaux (ACM) ont \u00e9t\u00e9 reconnus comme \u00e9tant d&rsquo;importants instruments permettant d&rsquo;assurer le renforcement des droits du travail dans le secteur.<\/p><p>&quot;Nous devons demander aux entreprises a\u00e9rospatiales de s&rsquo;engager dans des accords mondiaux qui honorent les normes internationales du travail,&quot; a dit Tom Buffenbarger.<\/p><p><strong><u>Plan d&rsquo;action<\/u><\/strong><\/p><p>Les participant(e)s ont donn\u00e9 leur accord pour le lancement d&rsquo;un certain nombre de r\u00e9seaux d&rsquo;entreprise et&nbsp;d&rsquo;\u00e9changer des informations, mais aussi de renforcer la solidarit\u00e9 ouvri\u00e8re dans le secteur.<\/p><p>Un <a href=\"\/wp-content\/uploads\/documents\/2015\/Germany\/AerospaceConference-Berlin-July-2015\/action_plan_world_aerospace_conference_v4.pdf\">plan d&rsquo;action<\/a> a \u00e9t\u00e9 adopt\u00e9 qui comporte des \u00e9tapes concr\u00e8tes pour faire face au capital mondial, d\u00e9fendre les droits des travailleurs\/euses, combattre l&rsquo;emploi&nbsp; pr\u00e9caire et assurer un emploi industriel durable.<\/p><p>La conf\u00e9rence mondiale a \u00e9galement adopt\u00e9 une <a href=\"\/wp-content\/uploads\/documents\/2015\/Germany\/AerospaceConference-Berlin-July-2015\/resolution_spain.pdf\">r\u00e9solution<\/a> qui r\u00e9it\u00e8re la position de IndustriALL sur la solidarit\u00e9 avec les travailleurs et travailleuses dans les syndicats affili\u00e9s et qui font face \u00e0 la prison pour avoir fait gr\u00e8ve en 2010.<\/p><p>Le secr\u00e9taire g\u00e9n\u00e9ral adjoint de IndustriALL, Kemal \u00d6zkan, a dit:<\/p><p>&ldquo;Nous continuerons de syndiquer les travailleurs et travailleuses et de soutenir nos syndicats dans le secteur a\u00e9rospatial. Dans une industrie mondiale, nous combattrons l&rsquo;aust\u00e9rit\u00e9 tout en d\u00e9fendant et en am\u00e9liorant les droits des travailleurs et travailleuses.<\/p><p>&ldquo;Les droits des travailleurs et travailleuses ne sont pas n\u00e9gociables, et nous devrons trouver des solutions pour assurer la protection de tous les salari\u00e9s dans toutes les parties de la cha\u00eene mondiale d&rsquo;approvisionnement.&rdquo;<\/p><p>La conf\u00e9rence a r\u00e9\u00e9lu Tom Buffenbarger \u00e0 la direction de la section avec un groupe d&rsquo;action qui jouera un r\u00f4le dans l&rsquo;application du plan d&rsquo;action avec le secr\u00e9tariat.<\/p>","protected":false},"featured_media":0,"template":"","issues":[406,407],"companies":[],"regions":[219],"sectors":[488],"article_tags":[],"class_list":["post-151210","article","type-article","status-publish","hentry","issues-confronting-global-capital","issues-global-framework-agreements","regions-germany","sectors-aerospace"],"acf":[],"yoast_head":"<!-- This site is optimized with the Yoast SEO Premium plugin v27.1 (Yoast SEO v27.1) - https:\/\/yoast.com\/product\/yoast-seo-premium-wordpress\/ -->\n<title>D\u00e9collage de la puissance syndicale dans l\u2019industrie a\u00e9rospatiale - industriall-union<\/title>\n<meta name=\"description\" content=\"Pr\u00e8s d&rsquo;une centaine de d\u00e9l\u00e9gu\u00e9(e)s de 16 pays, repr\u00e9sentant 25 syndicats, se sont r\u00e9unis au d\u00e9but de juillet lors d&rsquo;une conf\u00e9rence mondiale de\" \/>\n<meta name=\"robots\" content=\"index, follow, max-snippet:-1, max-image-preview:large, max-video-preview:-1\" \/>\n<link rel=\"canonical\" href=\"https:\/\/admin.industriall-union.org\/fr\/decollage-de-la-puissance-syndicale-dans-l-industrie-aerospatiale\/\" \/>\n<meta property=\"og:locale\" content=\"fr_FR\" \/>\n<meta property=\"og:type\" content=\"article\" \/>\n<meta property=\"og:title\" content=\"D\u00e9collage de la puissance syndicale dans l\u2019industrie a\u00e9rospatiale\" \/>\n<meta property=\"og:description\" content=\"Pr\u00e8s d&rsquo;une centaine de d\u00e9l\u00e9gu\u00e9(e)s de 16 pays, repr\u00e9sentant 25 syndicats, se sont r\u00e9unis au d\u00e9but de juillet lors d&rsquo;une conf\u00e9rence mondiale de\" \/>\n<meta property=\"og:url\" content=\"https:\/\/admin.industriall-union.org\/fr\/decollage-de-la-puissance-syndicale-dans-l-industrie-aerospatiale\/\" \/>\n<meta property=\"og:site_name\" content=\"industriall-union\" \/>\n<meta property=\"article:modified_time\" content=\"2025-02-07T12:16:07+00:00\" \/>\n<meta name=\"twitter:card\" content=\"summary_large_image\" \/>\n<meta name=\"twitter:label1\" content=\"Est. reading time\" \/>\n\t<meta name=\"twitter:data1\" content=\"4 minutes\" \/>\n<script type=\"application\/ld+json\" class=\"yoast-schema-graph\">{\"@context\":\"https:\/\/schema.org\",\"@graph\":[{\"@type\":\"WebPage\",\"@id\":\"https:\/\/admin.industriall-union.org\/fr\/decollage-de-la-puissance-syndicale-dans-l-industrie-aerospatiale\/\",\"url\":\"https:\/\/admin.industriall-union.org\/fr\/decollage-de-la-puissance-syndicale-dans-l-industrie-aerospatiale\/\",\"name\":\"D\u00e9collage de la puissance syndicale dans l\u2019industrie a\u00e9rospatiale - industriall-union\",\"isPartOf\":{\"@id\":\"https:\/\/admin.industriall-union.org\/#website\"},\"datePublished\":\"2015-07-02T15:44:03+00:00\",\"dateModified\":\"2025-02-07T12:16:07+00:00\",\"description\":\"Pr\u00e8s d&rsquo;une centaine de d\u00e9l\u00e9gu\u00e9(e)s de 16 pays, repr\u00e9sentant 25 syndicats, se sont r\u00e9unis au d\u00e9but de juillet lors d&rsquo;une conf\u00e9rence mondiale de\",\"breadcrumb\":{\"@id\":\"https:\/\/admin.industriall-union.org\/fr\/decollage-de-la-puissance-syndicale-dans-l-industrie-aerospatiale\/#breadcrumb\"},\"inLanguage\":\"fr-FR\",\"potentialAction\":[{\"@type\":\"ReadAction\",\"target\":[\"https:\/\/admin.industriall-union.org\/fr\/decollage-de-la-puissance-syndicale-dans-l-industrie-aerospatiale\/\"]}]},{\"@type\":\"BreadcrumbList\",\"@id\":\"https:\/\/admin.industriall-union.org\/fr\/decollage-de-la-puissance-syndicale-dans-l-industrie-aerospatiale\/#breadcrumb\",\"itemListElement\":[{\"@type\":\"ListItem\",\"position\":1,\"name\":\"Home\",\"item\":\"https:\/\/admin.industriall-union.org\/\"},{\"@type\":\"ListItem\",\"position\":2,\"name\":\"Articles\",\"item\":\"https:\/\/admin.industriall-union.org\/article\/\"},{\"@type\":\"ListItem\",\"position\":3,\"name\":\"D\u00e9collage de la puissance syndicale dans l\u2019industrie a\u00e9rospatiale\"}]},{\"@type\":\"WebSite\",\"@id\":\"https:\/\/admin.industriall-union.org\/#website\",\"url\":\"https:\/\/admin.industriall-union.org\/\",\"name\":\"industriall-union\",\"description\":\"\",\"potentialAction\":[{\"@type\":\"SearchAction\",\"target\":{\"@type\":\"EntryPoint\",\"urlTemplate\":\"https:\/\/admin.industriall-union.org\/?s={search_term_string}\"},\"query-input\":{\"@type\":\"PropertyValueSpecification\",\"valueRequired\":true,\"valueName\":\"search_term_string\"}}],\"inLanguage\":\"fr-FR\"}]}<\/script>\n<!-- \/ Yoast SEO Premium plugin. -->","yoast_head_json":{"title":"D\u00e9collage de la puissance syndicale dans l\u2019industrie a\u00e9rospatiale - industriall-union","description":"Pr\u00e8s d&rsquo;une centaine de d\u00e9l\u00e9gu\u00e9(e)s de 16 pays, repr\u00e9sentant 25 syndicats, se sont r\u00e9unis au d\u00e9but de juillet lors d&rsquo;une conf\u00e9rence mondiale de","robots":{"index":"index","follow":"follow","max-snippet":"max-snippet:-1","max-image-preview":"max-image-preview:large","max-video-preview":"max-video-preview:-1"},"canonical":"https:\/\/admin.industriall-union.org\/fr\/decollage-de-la-puissance-syndicale-dans-l-industrie-aerospatiale\/","og_locale":"fr_FR","og_type":"article","og_title":"D\u00e9collage de la puissance syndicale dans l\u2019industrie a\u00e9rospatiale","og_description":"Pr\u00e8s d&rsquo;une centaine de d\u00e9l\u00e9gu\u00e9(e)s de 16 pays, repr\u00e9sentant 25 syndicats, se sont r\u00e9unis au d\u00e9but de juillet lors d&rsquo;une conf\u00e9rence mondiale de","og_url":"https:\/\/admin.industriall-union.org\/fr\/decollage-de-la-puissance-syndicale-dans-l-industrie-aerospatiale\/","og_site_name":"industriall-union","article_modified_time":"2025-02-07T12:16:07+00:00","twitter_card":"summary_large_image","twitter_misc":{"Est. reading time":"4 minutes"},"schema":{"@context":"https:\/\/schema.org","@graph":[{"@type":"WebPage","@id":"https:\/\/admin.industriall-union.org\/fr\/decollage-de-la-puissance-syndicale-dans-l-industrie-aerospatiale\/","url":"https:\/\/admin.industriall-union.org\/fr\/decollage-de-la-puissance-syndicale-dans-l-industrie-aerospatiale\/","name":"D\u00e9collage de la puissance syndicale dans l\u2019industrie a\u00e9rospatiale - industriall-union","isPartOf":{"@id":"https:\/\/admin.industriall-union.org\/#website"},"datePublished":"2015-07-02T15:44:03+00:00","dateModified":"2025-02-07T12:16:07+00:00","description":"Pr\u00e8s d&rsquo;une centaine de d\u00e9l\u00e9gu\u00e9(e)s de 16 pays, repr\u00e9sentant 25 syndicats, se sont r\u00e9unis au d\u00e9but de juillet lors d&rsquo;une conf\u00e9rence mondiale de","breadcrumb":{"@id":"https:\/\/admin.industriall-union.org\/fr\/decollage-de-la-puissance-syndicale-dans-l-industrie-aerospatiale\/#breadcrumb"},"inLanguage":"fr-FR","potentialAction":[{"@type":"ReadAction","target":["https:\/\/admin.industriall-union.org\/fr\/decollage-de-la-puissance-syndicale-dans-l-industrie-aerospatiale\/"]}]},{"@type":"BreadcrumbList","@id":"https:\/\/admin.industriall-union.org\/fr\/decollage-de-la-puissance-syndicale-dans-l-industrie-aerospatiale\/#breadcrumb","itemListElement":[{"@type":"ListItem","position":1,"name":"Home","item":"https:\/\/admin.industriall-union.org\/"},{"@type":"ListItem","position":2,"name":"Articles","item":"https:\/\/admin.industriall-union.org\/article\/"},{"@type":"ListItem","position":3,"name":"D\u00e9collage de la puissance syndicale dans l\u2019industrie a\u00e9rospatiale"}]},{"@type":"WebSite","@id":"https:\/\/admin.industriall-union.org\/#website","url":"https:\/\/admin.industriall-union.org\/","name":"industriall-union","description":"","potentialAction":[{"@type":"SearchAction","target":{"@type":"EntryPoint","urlTemplate":"https:\/\/admin.industriall-union.org\/?s={search_term_string}"},"query-input":{"@type":"PropertyValueSpecification","valueRequired":true,"valueName":"search_term_string"}}],"inLanguage":"fr-FR"}]}},"_links":{"self":[{"href":"https:\/\/admin.industriall-union.org\/fr\/wp-json\/wp\/v2\/article\/151210","targetHints":{"allow":["GET"]}}],"collection":[{"href":"https:\/\/admin.industriall-union.org\/fr\/wp-json\/wp\/v2\/article"}],"about":[{"href":"https:\/\/admin.industriall-union.org\/fr\/wp-json\/wp\/v2\/types\/article"}],"wp:attachment":[{"href":"https:\/\/admin.industriall-union.org\/fr\/wp-json\/wp\/v2\/media?parent=151210"}],"wp:term":[{"taxonomy":"issues","embeddable":true,"href":"https:\/\/admin.industriall-union.org\/fr\/wp-json\/wp\/v2\/issues?post=151210"},{"taxonomy":"companies","embeddable":true,"href":"https:\/\/admin.industriall-union.org\/fr\/wp-json\/wp\/v2\/companies?post=151210"},{"taxonomy":"regions","embeddable":true,"href":"https:\/\/admin.industriall-union.org\/fr\/wp-json\/wp\/v2\/regions?post=151210"},{"taxonomy":"sectors","embeddable":true,"href":"https:\/\/admin.industriall-union.org\/fr\/wp-json\/wp\/v2\/sectors?post=151210"},{"taxonomy":"article_tags","embeddable":true,"href":"https:\/\/admin.industriall-union.org\/fr\/wp-json\/wp\/v2\/article_tags?post=151210"}],"curies":[{"name":"wp","href":"https:\/\/api.w.org\/{rel}","templated":true}]}}