{"id":151199,"date":"2015-07-07T13:53:06","date_gmt":"2015-07-07T13:53:06","guid":{"rendered":"https:\/\/admin.industriall-union.org\/la-suisse-mise-sous-pression-par-les-syndicats-du-monde-entier-a-propos-de-glencore\/"},"modified":"2025-02-07T12:10:17","modified_gmt":"2025-02-07T12:10:17","slug":"la-suisse-mise-sous-pression-par-les-syndicats-du-monde-entier-a-propos-de-glencore","status":"publish","type":"article","link":"https:\/\/admin.industriall-union.org\/fr\/la-suisse-mise-sous-pression-par-les-syndicats-du-monde-entier-a-propos-de-glencore\/","title":{"rendered":"La Suisse mise sous pression par les syndicats du monde entier \u00e0 propos de Glencore"},"content":{"rendered":"<p>Dans le cadre d&rsquo;une semaine d&rsquo;action mondiale contre la multinationale milliardaire dont le si\u00e8ge se situe en Suisse, les syndicats ont remis en mains propres des lettres de protestation aupr\u00e8s des consulats et ambassades helv\u00e9tiques de par le monde.<\/p><p>Glencore emploie plus de 180.000 personnes dans plus de 50 pays et est l&rsquo;un des plus grands producteurs de mati\u00e8res premi\u00e8res dans le monde, r\u00e9alisant un b\u00e9n\u00e9fice de 2,3 milliards de dollars en 2014. L&rsquo;entreprise entretient une longue tradition d&rsquo;hostilit\u00e9 envers les syndicats.<\/p><p>Cette action syndicale co\u00efncide avec une <a href=\"http:\/\/www.industriall-union.org\/fr\/les-syndicats-ciblent-la-suisse-a-propos-de-glencore\" target=\"_blank\">Initiative populaire<\/a> en Suisse en vue de mettre en place une l\u00e9gislation qui rende les multinationales suisses responsables pour leurs violations des droits syndicaux et de l&rsquo;environnement en dehors de leurs fronti\u00e8res. L&rsquo;Initiative populaire fait mention de l&rsquo;inconduite de Glencore pour illustrer la n\u00e9cessit\u00e9 d&rsquo;avoir une telle loi.<\/p><p>Aux \u00c9tats-Unis, des membres de la Section locale 235A des M\u00e9tallos USW, qui sont lock-out\u00e9s chez Sherwin Alumina par Glencore \u00e0 Gregory, au Texas, depuis neuf mois, ont remis un courrier au Consulat de Suisse \u00e0 Houston. Les membres de l&rsquo;USW ont \u00e9galement rendu visite aux consulats de Los Angeles, New York et San Francisco ainsi qu&rsquo;\u00e0 l&rsquo;Ambassade de Suisse \u00e0 Washington.<\/p><p>Au Canada, les M\u00e9tallos USW ont aussi remis une lettre de protestation au consulat de Suisse \u00e0 Vancouver par solidarit\u00e9 avec les travailleurs et travailleuses de Glencore des \u00c9tats-Unis et d&rsquo;ailleurs.<\/p><p>Une d\u00e9l\u00e9gation de haut niveau du CFMEU d&rsquo;Australie, emmen\u00e9e par Tony Maher, Pr\u00e9sident de la Section Mines et \u00c9nergie du CFMEU et Lorraine Usher, Vice-pr\u00e9sidente de la Section Mines et \u00c9nergie du CFMEU, a remis un courrier de protestation au consulat de Suisse \u00e0 Sydney. Glencore a remplac\u00e9 les salari\u00e9s syndiqu\u00e9s par des travailleurs en sous-traitance dans sa mine de Collinsville et les a fait expulser, eux et leurs familles, des complexes d&rsquo;habitation de l&rsquo;entreprise, avec un impact d\u00e9vastateur sur la communaut\u00e9 locale.<\/p><p>En R\u00e9publique D\u00e9mocratique du Congo, les affili\u00e9s d&rsquo;IndustriALL du TUMEC, le Syndicat des mines, du m\u00e9tal, de l&rsquo;\u00e9nergie et de la chimie, ont r\u00e9ussi \u00e0 n\u00e9gocier leur passage par la zone pr\u00e9sidentielle de la capitale, soumise \u00e0 des mesures de s\u00e9curit\u00e9 strictes, pour remettre en mains propres un message de protestation contre Glencore \u00e0 l&rsquo;ambassade de Suisse. L&rsquo;Initiative populaire soul\u00e8ve la question de <a href=\"http:\/\/konzern-initiative.ch\/de-quoi-il-s-agit\/examples-de-cas\/?lang=fr#1429114686-1-38\">destructions de l&rsquo;environnement et violations des droits de l&rsquo;homme<\/a> perp\u00e9tr\u00e9es par Glencore dans le pays comme source de pr\u00e9occupation particuli\u00e8re.<\/p><p>Le Syndicat des Mineurs argentins AOMA et le Syndicat des M\u00e9tallurgistes UOM ont \u00e9galement appel\u00e9 instamment l&rsquo;Ambassade de Suisse \u00e0 r\u00e9guler les activit\u00e9s des multinationales d&rsquo;origine suisse telles que Glencore. Dans le cadre d&rsquo;une autre action, l&rsquo;ASIJEMIN, Syndicat des professions sp\u00e9cialis\u00e9es des mines, a envoy\u00e9 un courrier \u00e0 l&rsquo;Ambassade de Suisse.<\/p><p>En Colombie, o\u00f9 Glencore a \u00e9t\u00e9 li\u00e9 \u00e0 un groupe paramilitaire responsable du meurtre de syndicalistes, l&rsquo;affili\u00e9 d&rsquo;IndustriALL Sintracarbon a organis\u00e9 des activit\u00e9s au sein de ses sections locales dans le cadre de la semaine mondiale d&rsquo;action. Le Secr\u00e9taire \u00e0 l&rsquo;\u00e9ducation du syndicat, Igor Diaz Lopez, qui a re\u00e7u des menaces de mort dans le cadre de ses activit\u00e9s syndicales, a \u00e9t\u00e9 interview\u00e9 par la t\u00e9l\u00e9vision colombienne et a eu de ce fait l&rsquo;occasion de d\u00e9noncer les violations des droits des travailleurs et des libert\u00e9s syndicales perp\u00e9tr\u00e9es par Glencore.<\/p><p>Pendant ce temps, en Afrique du Sud, l&rsquo;affili\u00e9 d&rsquo;IndustriALL NUM (Syndicat national des mines) a cette semaine <a href=\"http:\/\/af.reuters.com\/article\/investingNews\/idAFKCN0PG0R920150706\">menac\u00e9 de poursuivre<\/a> le gouvernement si Glencore maintenait son intention de licencier plus de 600 travailleurs de son site d&rsquo;Optimum Coal.&nbsp;Le NUM accuse Glencore de ne pas se conformer aux plans syndicaux et sociaux concernant les primes de rupture en faveur des travailleurs.<\/p><p>Le Secr\u00e9taire g\u00e9n\u00e9ral d&rsquo;IndustriALL Jyrki Raina a d\u00e9clar\u00e9&nbsp;:<\/p><p>&ldquo;Cette action des affili\u00e9s d&rsquo;IndustriALL envoie un message fort \u00e0 l&rsquo;entreprise, lui indiquant que nous sommes unis dans la d\u00e9fense des droits des travailleurs de Glencore aux quatre coins de la plan\u00e8te.<\/p><p>&ldquo;L&rsquo;Initiative populaire montre que le mauvais comportement de Glencore est aussi intol\u00e9rable pour les citoyens suisses qu&rsquo;il ne l&rsquo;est pour ceux qui en sont les victimes \u00e0 l&rsquo;\u00e9tranger. Nous applaudissons cet effort en vue de rendre Glencore et les autres multinationales responsables de leurs m\u00e9faits \u00e0 l&rsquo;\u00e9tranger devant les tribunaux suisses.&rdquo;&nbsp;<\/p>","protected":false},"featured_media":0,"template":"","issues":[406],"companies":[60],"regions":[],"sectors":[494],"article_tags":[],"class_list":["post-151199","article","type-article","status-publish","hentry","issues-confronting-global-capital","companies-glencore","sectors-mining-and-dgojp"],"acf":[],"yoast_head":"<!-- This site is optimized with the Yoast SEO Premium plugin v27.1 (Yoast SEO v27.1) - https:\/\/yoast.com\/product\/yoast-seo-premium-wordpress\/ -->\n<title>La Suisse mise sous pression par les syndicats du monde entier \u00e0 propos de Glencore - industriall-union<\/title>\n<meta name=\"description\" content=\"Dans le cadre d&rsquo;une semaine d&rsquo;action mondiale contre la multinationale milliardaire dont le si\u00e8ge se situe en Suisse, les syndicats ont remis\" \/>\n<meta name=\"robots\" content=\"index, follow, max-snippet:-1, max-image-preview:large, max-video-preview:-1\" \/>\n<link rel=\"canonical\" href=\"https:\/\/admin.industriall-union.org\/fr\/la-suisse-mise-sous-pression-par-les-syndicats-du-monde-entier-a-propos-de-glencore\/\" \/>\n<meta property=\"og:locale\" content=\"fr_FR\" \/>\n<meta property=\"og:type\" content=\"article\" \/>\n<meta property=\"og:title\" content=\"La Suisse mise sous pression par les syndicats du monde entier \u00e0 propos de Glencore\" \/>\n<meta property=\"og:description\" content=\"Dans le cadre d&rsquo;une semaine d&rsquo;action mondiale contre la multinationale milliardaire dont le si\u00e8ge se situe en Suisse, les syndicats ont remis\" \/>\n<meta property=\"og:url\" content=\"https:\/\/admin.industriall-union.org\/fr\/la-suisse-mise-sous-pression-par-les-syndicats-du-monde-entier-a-propos-de-glencore\/\" \/>\n<meta property=\"og:site_name\" content=\"industriall-union\" \/>\n<meta property=\"article:modified_time\" content=\"2025-02-07T12:10:17+00:00\" \/>\n<meta name=\"twitter:card\" content=\"summary_large_image\" \/>\n<meta name=\"twitter:label1\" content=\"Est. reading time\" \/>\n\t<meta name=\"twitter:data1\" content=\"4 minutes\" \/>\n<script type=\"application\/ld+json\" class=\"yoast-schema-graph\">{\"@context\":\"https:\/\/schema.org\",\"@graph\":[{\"@type\":\"WebPage\",\"@id\":\"https:\/\/admin.industriall-union.org\/fr\/la-suisse-mise-sous-pression-par-les-syndicats-du-monde-entier-a-propos-de-glencore\/\",\"url\":\"https:\/\/admin.industriall-union.org\/fr\/la-suisse-mise-sous-pression-par-les-syndicats-du-monde-entier-a-propos-de-glencore\/\",\"name\":\"La Suisse mise sous pression par les syndicats du monde entier \u00e0 propos de Glencore - industriall-union\",\"isPartOf\":{\"@id\":\"https:\/\/admin.industriall-union.org\/#website\"},\"datePublished\":\"2015-07-07T13:53:06+00:00\",\"dateModified\":\"2025-02-07T12:10:17+00:00\",\"description\":\"Dans le cadre d&rsquo;une semaine d&rsquo;action mondiale contre la multinationale milliardaire dont le si\u00e8ge se situe en Suisse, les syndicats ont remis\",\"breadcrumb\":{\"@id\":\"https:\/\/admin.industriall-union.org\/fr\/la-suisse-mise-sous-pression-par-les-syndicats-du-monde-entier-a-propos-de-glencore\/#breadcrumb\"},\"inLanguage\":\"fr-FR\",\"potentialAction\":[{\"@type\":\"ReadAction\",\"target\":[\"https:\/\/admin.industriall-union.org\/fr\/la-suisse-mise-sous-pression-par-les-syndicats-du-monde-entier-a-propos-de-glencore\/\"]}]},{\"@type\":\"BreadcrumbList\",\"@id\":\"https:\/\/admin.industriall-union.org\/fr\/la-suisse-mise-sous-pression-par-les-syndicats-du-monde-entier-a-propos-de-glencore\/#breadcrumb\",\"itemListElement\":[{\"@type\":\"ListItem\",\"position\":1,\"name\":\"Home\",\"item\":\"https:\/\/admin.industriall-union.org\/\"},{\"@type\":\"ListItem\",\"position\":2,\"name\":\"Articles\",\"item\":\"https:\/\/admin.industriall-union.org\/article\/\"},{\"@type\":\"ListItem\",\"position\":3,\"name\":\"La Suisse mise sous pression par les syndicats du monde entier \u00e0 propos de Glencore\"}]},{\"@type\":\"WebSite\",\"@id\":\"https:\/\/admin.industriall-union.org\/#website\",\"url\":\"https:\/\/admin.industriall-union.org\/\",\"name\":\"industriall-union\",\"description\":\"\",\"potentialAction\":[{\"@type\":\"SearchAction\",\"target\":{\"@type\":\"EntryPoint\",\"urlTemplate\":\"https:\/\/admin.industriall-union.org\/?s={search_term_string}\"},\"query-input\":{\"@type\":\"PropertyValueSpecification\",\"valueRequired\":true,\"valueName\":\"search_term_string\"}}],\"inLanguage\":\"fr-FR\"}]}<\/script>\n<!-- \/ Yoast SEO Premium plugin. -->","yoast_head_json":{"title":"La Suisse mise sous pression par les syndicats du monde entier \u00e0 propos de Glencore - industriall-union","description":"Dans le cadre d&rsquo;une semaine d&rsquo;action mondiale contre la multinationale milliardaire dont le si\u00e8ge se situe en Suisse, les syndicats ont remis","robots":{"index":"index","follow":"follow","max-snippet":"max-snippet:-1","max-image-preview":"max-image-preview:large","max-video-preview":"max-video-preview:-1"},"canonical":"https:\/\/admin.industriall-union.org\/fr\/la-suisse-mise-sous-pression-par-les-syndicats-du-monde-entier-a-propos-de-glencore\/","og_locale":"fr_FR","og_type":"article","og_title":"La Suisse mise sous pression par les syndicats du monde entier \u00e0 propos de Glencore","og_description":"Dans le cadre d&rsquo;une semaine d&rsquo;action mondiale contre la multinationale milliardaire dont le si\u00e8ge se situe en Suisse, les syndicats ont remis","og_url":"https:\/\/admin.industriall-union.org\/fr\/la-suisse-mise-sous-pression-par-les-syndicats-du-monde-entier-a-propos-de-glencore\/","og_site_name":"industriall-union","article_modified_time":"2025-02-07T12:10:17+00:00","twitter_card":"summary_large_image","twitter_misc":{"Est. reading time":"4 minutes"},"schema":{"@context":"https:\/\/schema.org","@graph":[{"@type":"WebPage","@id":"https:\/\/admin.industriall-union.org\/fr\/la-suisse-mise-sous-pression-par-les-syndicats-du-monde-entier-a-propos-de-glencore\/","url":"https:\/\/admin.industriall-union.org\/fr\/la-suisse-mise-sous-pression-par-les-syndicats-du-monde-entier-a-propos-de-glencore\/","name":"La Suisse mise sous pression par les syndicats du monde entier \u00e0 propos de Glencore - industriall-union","isPartOf":{"@id":"https:\/\/admin.industriall-union.org\/#website"},"datePublished":"2015-07-07T13:53:06+00:00","dateModified":"2025-02-07T12:10:17+00:00","description":"Dans le cadre d&rsquo;une semaine d&rsquo;action mondiale contre la multinationale milliardaire dont le si\u00e8ge se situe en Suisse, les syndicats ont remis","breadcrumb":{"@id":"https:\/\/admin.industriall-union.org\/fr\/la-suisse-mise-sous-pression-par-les-syndicats-du-monde-entier-a-propos-de-glencore\/#breadcrumb"},"inLanguage":"fr-FR","potentialAction":[{"@type":"ReadAction","target":["https:\/\/admin.industriall-union.org\/fr\/la-suisse-mise-sous-pression-par-les-syndicats-du-monde-entier-a-propos-de-glencore\/"]}]},{"@type":"BreadcrumbList","@id":"https:\/\/admin.industriall-union.org\/fr\/la-suisse-mise-sous-pression-par-les-syndicats-du-monde-entier-a-propos-de-glencore\/#breadcrumb","itemListElement":[{"@type":"ListItem","position":1,"name":"Home","item":"https:\/\/admin.industriall-union.org\/"},{"@type":"ListItem","position":2,"name":"Articles","item":"https:\/\/admin.industriall-union.org\/article\/"},{"@type":"ListItem","position":3,"name":"La Suisse mise sous pression par les syndicats du monde entier \u00e0 propos de Glencore"}]},{"@type":"WebSite","@id":"https:\/\/admin.industriall-union.org\/#website","url":"https:\/\/admin.industriall-union.org\/","name":"industriall-union","description":"","potentialAction":[{"@type":"SearchAction","target":{"@type":"EntryPoint","urlTemplate":"https:\/\/admin.industriall-union.org\/?s={search_term_string}"},"query-input":{"@type":"PropertyValueSpecification","valueRequired":true,"valueName":"search_term_string"}}],"inLanguage":"fr-FR"}]}},"_links":{"self":[{"href":"https:\/\/admin.industriall-union.org\/fr\/wp-json\/wp\/v2\/article\/151199","targetHints":{"allow":["GET"]}}],"collection":[{"href":"https:\/\/admin.industriall-union.org\/fr\/wp-json\/wp\/v2\/article"}],"about":[{"href":"https:\/\/admin.industriall-union.org\/fr\/wp-json\/wp\/v2\/types\/article"}],"wp:attachment":[{"href":"https:\/\/admin.industriall-union.org\/fr\/wp-json\/wp\/v2\/media?parent=151199"}],"wp:term":[{"taxonomy":"issues","embeddable":true,"href":"https:\/\/admin.industriall-union.org\/fr\/wp-json\/wp\/v2\/issues?post=151199"},{"taxonomy":"companies","embeddable":true,"href":"https:\/\/admin.industriall-union.org\/fr\/wp-json\/wp\/v2\/companies?post=151199"},{"taxonomy":"regions","embeddable":true,"href":"https:\/\/admin.industriall-union.org\/fr\/wp-json\/wp\/v2\/regions?post=151199"},{"taxonomy":"sectors","embeddable":true,"href":"https:\/\/admin.industriall-union.org\/fr\/wp-json\/wp\/v2\/sectors?post=151199"},{"taxonomy":"article_tags","embeddable":true,"href":"https:\/\/admin.industriall-union.org\/fr\/wp-json\/wp\/v2\/article_tags?post=151199"}],"curies":[{"name":"wp","href":"https:\/\/api.w.org\/{rel}","templated":true}]}}