{"id":151140,"date":"2015-07-21T14:21:01","date_gmt":"2015-07-21T14:21:01","guid":{"rendered":"https:\/\/admin.industriall-union.org\/semaine-decisive-pour-les-travailleurs-de-glencore-au-perou\/"},"modified":"2025-02-07T11:45:02","modified_gmt":"2025-02-07T11:45:02","slug":"semaine-decisive-pour-les-travailleurs-de-glencore-au-perou","status":"publish","type":"article","link":"https:\/\/admin.industriall-union.org\/fr\/semaine-decisive-pour-les-travailleurs-de-glencore-au-perou\/","title":{"rendered":"Semaine d\u00e9cisive pour les travailleurs de Glencore au P\u00e9rou"},"content":{"rendered":"<p>Le SUTRACOMASA discutera avec Antamina (une coentreprise entre Glencore, BHP, Teck et Mitsubishi) de son cahier de revendications apr\u00e8s s&#039;\u00eatre plaint aupr\u00e8s des autorit\u00e9s de la situation \u00e0 la mine.<\/p><p>Entre-temps, le 24 juillet, le SITRAMINA, qui repr\u00e9sente les travailleurs non-manuels de la filiale de Glencore Antapaccay, s&#039;entretiendra avec la direction apr\u00e8s que le minist\u00e8re du Travail ait ordonn\u00e9 une audience <strong>pour examiner des all\u00e9gations de pratiques d\u00e9loyales du travail<\/strong>.<\/p><p>Le SITRAMINA veut <strong>discuter de la situation de leaders syndicaux qui avaient \u00e9t\u00e9 abusivement licenci\u00e9s<\/strong> en d\u00e9cembre 2013. Ils ont \u00e9t\u00e9 r\u00e9int\u00e9gr\u00e9s un an plus tard, mais l&#039;incertitude plane sur leur emploi. La direction tente toujours de s&#039;en d\u00e9barrasser et a engag\u00e9 des actions en justice contre eux, les accusant de corruption et de n\u00e9potisme.<\/p><p><a href=\"http:\/\/www.industriall-union.org\/fr\/industriall-cible-glencore-pour-son-attitude-antisyndicale\" target=\"_blank\"><strong>Le R\u00e9seau mondial des syndicats de Glencore<\/strong> <\/a>se mobilise pour manifester sa solidarit\u00e9 avec ses coll\u00e8gues d&#039;Antamina et d&#039;Atapaccay.<\/p><p>IndustriALL Global Union exprime son soutien et sa solidarit\u00e9 sans r\u00e9serve aux membres du SUTRACOMASA et du SITRAMINA. Son Secr\u00e9taire g\u00e9n\u00e9ral, Jyrki Raina, a \u00e9crit aux deux entreprises et au CEO de Glencore, Ivan Glasberg, pour demander des pourparlers de bonne foi avec Antamina et une solution n\u00e9goci\u00e9e aux probl\u00e8mes qui se posent chez Antapaccay S.A.<\/p><blockquote><p>Je vous saurais gr\u00e9 de veiller \u00e0 ce que ces deux entreprises fassent le n\u00e9cessaire pour instaurer de bonnes relations professionnelles, respectent le droit de se syndiquer et pratiquent une n\u00e9gociation collective de bonne foi&quot;, a \u00e9crit Jyrki Raina, le Secr\u00e9taire g\u00e9n\u00e9ral d&#039;IndustriALL.<\/p><\/blockquote>","protected":false},"featured_media":0,"template":"","issues":[402,420,425],"companies":[60],"regions":[254,279],"sectors":[495],"article_tags":[505,511,527],"class_list":["post-151140","article","type-article","status-publish","hentry","issues-health-and-safety","issues-solidarity","issues-workers-rights","companies-glencore","regions-latin-america-and-the-caribbean","regions-peru","sectors-mining","article_tags-collective-bargaining","article_tags-industriall","article_tags-social-protection"],"acf":[],"yoast_head":"<!-- This site is optimized with the Yoast SEO Premium plugin v27.1 (Yoast SEO v27.1) - https:\/\/yoast.com\/product\/yoast-seo-premium-wordpress\/ -->\n<title>Semaine d\u00e9cisive pour les travailleurs de Glencore au P\u00e9rou - industriall-union<\/title>\n<meta name=\"description\" content=\"Le SUTRACOMASA discutera avec Antamina (une coentreprise entre Glencore, BHP, Teck et Mitsubishi) de son cahier de revendications apr\u00e8s s&#039;\u00eatre plaint\" \/>\n<meta name=\"robots\" content=\"index, follow, max-snippet:-1, max-image-preview:large, max-video-preview:-1\" \/>\n<link rel=\"canonical\" href=\"https:\/\/admin.industriall-union.org\/fr\/semaine-decisive-pour-les-travailleurs-de-glencore-au-perou\/\" \/>\n<meta property=\"og:locale\" content=\"fr_FR\" \/>\n<meta property=\"og:type\" content=\"article\" \/>\n<meta property=\"og:title\" content=\"Semaine d\u00e9cisive pour les travailleurs de Glencore au P\u00e9rou\" \/>\n<meta property=\"og:description\" content=\"Le SUTRACOMASA discutera avec Antamina (une coentreprise entre Glencore, BHP, Teck et Mitsubishi) de son cahier de revendications apr\u00e8s s&#039;\u00eatre plaint\" \/>\n<meta property=\"og:url\" content=\"https:\/\/admin.industriall-union.org\/fr\/semaine-decisive-pour-les-travailleurs-de-glencore-au-perou\/\" \/>\n<meta property=\"og:site_name\" content=\"industriall-union\" \/>\n<meta property=\"article:modified_time\" content=\"2025-02-07T11:45:02+00:00\" \/>\n<meta name=\"twitter:card\" content=\"summary_large_image\" \/>\n<meta name=\"twitter:label1\" content=\"Est. reading time\" \/>\n\t<meta name=\"twitter:data1\" content=\"1 minute\" \/>\n<script type=\"application\/ld+json\" class=\"yoast-schema-graph\">{\"@context\":\"https:\/\/schema.org\",\"@graph\":[{\"@type\":\"WebPage\",\"@id\":\"https:\/\/admin.industriall-union.org\/fr\/semaine-decisive-pour-les-travailleurs-de-glencore-au-perou\/\",\"url\":\"https:\/\/admin.industriall-union.org\/fr\/semaine-decisive-pour-les-travailleurs-de-glencore-au-perou\/\",\"name\":\"Semaine d\u00e9cisive pour les travailleurs de Glencore au P\u00e9rou - industriall-union\",\"isPartOf\":{\"@id\":\"https:\/\/admin.industriall-union.org\/#website\"},\"datePublished\":\"2015-07-21T14:21:01+00:00\",\"dateModified\":\"2025-02-07T11:45:02+00:00\",\"description\":\"Le SUTRACOMASA discutera avec Antamina (une coentreprise entre Glencore, BHP, Teck et Mitsubishi) de son cahier de revendications apr\u00e8s s&#039;\u00eatre plaint\",\"breadcrumb\":{\"@id\":\"https:\/\/admin.industriall-union.org\/fr\/semaine-decisive-pour-les-travailleurs-de-glencore-au-perou\/#breadcrumb\"},\"inLanguage\":\"fr-FR\",\"potentialAction\":[{\"@type\":\"ReadAction\",\"target\":[\"https:\/\/admin.industriall-union.org\/fr\/semaine-decisive-pour-les-travailleurs-de-glencore-au-perou\/\"]}]},{\"@type\":\"BreadcrumbList\",\"@id\":\"https:\/\/admin.industriall-union.org\/fr\/semaine-decisive-pour-les-travailleurs-de-glencore-au-perou\/#breadcrumb\",\"itemListElement\":[{\"@type\":\"ListItem\",\"position\":1,\"name\":\"Home\",\"item\":\"https:\/\/admin.industriall-union.org\/\"},{\"@type\":\"ListItem\",\"position\":2,\"name\":\"Articles\",\"item\":\"https:\/\/admin.industriall-union.org\/article\/\"},{\"@type\":\"ListItem\",\"position\":3,\"name\":\"Semaine d\u00e9cisive pour les travailleurs de Glencore au P\u00e9rou\"}]},{\"@type\":\"WebSite\",\"@id\":\"https:\/\/admin.industriall-union.org\/#website\",\"url\":\"https:\/\/admin.industriall-union.org\/\",\"name\":\"industriall-union\",\"description\":\"\",\"potentialAction\":[{\"@type\":\"SearchAction\",\"target\":{\"@type\":\"EntryPoint\",\"urlTemplate\":\"https:\/\/admin.industriall-union.org\/?s={search_term_string}\"},\"query-input\":{\"@type\":\"PropertyValueSpecification\",\"valueRequired\":true,\"valueName\":\"search_term_string\"}}],\"inLanguage\":\"fr-FR\"}]}<\/script>\n<!-- \/ Yoast SEO Premium plugin. -->","yoast_head_json":{"title":"Semaine d\u00e9cisive pour les travailleurs de Glencore au P\u00e9rou - industriall-union","description":"Le SUTRACOMASA discutera avec Antamina (une coentreprise entre Glencore, BHP, Teck et Mitsubishi) de son cahier de revendications apr\u00e8s s&#039;\u00eatre plaint","robots":{"index":"index","follow":"follow","max-snippet":"max-snippet:-1","max-image-preview":"max-image-preview:large","max-video-preview":"max-video-preview:-1"},"canonical":"https:\/\/admin.industriall-union.org\/fr\/semaine-decisive-pour-les-travailleurs-de-glencore-au-perou\/","og_locale":"fr_FR","og_type":"article","og_title":"Semaine d\u00e9cisive pour les travailleurs de Glencore au P\u00e9rou","og_description":"Le SUTRACOMASA discutera avec Antamina (une coentreprise entre Glencore, BHP, Teck et Mitsubishi) de son cahier de revendications apr\u00e8s s&#039;\u00eatre plaint","og_url":"https:\/\/admin.industriall-union.org\/fr\/semaine-decisive-pour-les-travailleurs-de-glencore-au-perou\/","og_site_name":"industriall-union","article_modified_time":"2025-02-07T11:45:02+00:00","twitter_card":"summary_large_image","twitter_misc":{"Est. reading time":"1 minute"},"schema":{"@context":"https:\/\/schema.org","@graph":[{"@type":"WebPage","@id":"https:\/\/admin.industriall-union.org\/fr\/semaine-decisive-pour-les-travailleurs-de-glencore-au-perou\/","url":"https:\/\/admin.industriall-union.org\/fr\/semaine-decisive-pour-les-travailleurs-de-glencore-au-perou\/","name":"Semaine d\u00e9cisive pour les travailleurs de Glencore au P\u00e9rou - industriall-union","isPartOf":{"@id":"https:\/\/admin.industriall-union.org\/#website"},"datePublished":"2015-07-21T14:21:01+00:00","dateModified":"2025-02-07T11:45:02+00:00","description":"Le SUTRACOMASA discutera avec Antamina (une coentreprise entre Glencore, BHP, Teck et Mitsubishi) de son cahier de revendications apr\u00e8s s&#039;\u00eatre plaint","breadcrumb":{"@id":"https:\/\/admin.industriall-union.org\/fr\/semaine-decisive-pour-les-travailleurs-de-glencore-au-perou\/#breadcrumb"},"inLanguage":"fr-FR","potentialAction":[{"@type":"ReadAction","target":["https:\/\/admin.industriall-union.org\/fr\/semaine-decisive-pour-les-travailleurs-de-glencore-au-perou\/"]}]},{"@type":"BreadcrumbList","@id":"https:\/\/admin.industriall-union.org\/fr\/semaine-decisive-pour-les-travailleurs-de-glencore-au-perou\/#breadcrumb","itemListElement":[{"@type":"ListItem","position":1,"name":"Home","item":"https:\/\/admin.industriall-union.org\/"},{"@type":"ListItem","position":2,"name":"Articles","item":"https:\/\/admin.industriall-union.org\/article\/"},{"@type":"ListItem","position":3,"name":"Semaine d\u00e9cisive pour les travailleurs de Glencore au P\u00e9rou"}]},{"@type":"WebSite","@id":"https:\/\/admin.industriall-union.org\/#website","url":"https:\/\/admin.industriall-union.org\/","name":"industriall-union","description":"","potentialAction":[{"@type":"SearchAction","target":{"@type":"EntryPoint","urlTemplate":"https:\/\/admin.industriall-union.org\/?s={search_term_string}"},"query-input":{"@type":"PropertyValueSpecification","valueRequired":true,"valueName":"search_term_string"}}],"inLanguage":"fr-FR"}]}},"_links":{"self":[{"href":"https:\/\/admin.industriall-union.org\/fr\/wp-json\/wp\/v2\/article\/151140","targetHints":{"allow":["GET"]}}],"collection":[{"href":"https:\/\/admin.industriall-union.org\/fr\/wp-json\/wp\/v2\/article"}],"about":[{"href":"https:\/\/admin.industriall-union.org\/fr\/wp-json\/wp\/v2\/types\/article"}],"wp:attachment":[{"href":"https:\/\/admin.industriall-union.org\/fr\/wp-json\/wp\/v2\/media?parent=151140"}],"wp:term":[{"taxonomy":"issues","embeddable":true,"href":"https:\/\/admin.industriall-union.org\/fr\/wp-json\/wp\/v2\/issues?post=151140"},{"taxonomy":"companies","embeddable":true,"href":"https:\/\/admin.industriall-union.org\/fr\/wp-json\/wp\/v2\/companies?post=151140"},{"taxonomy":"regions","embeddable":true,"href":"https:\/\/admin.industriall-union.org\/fr\/wp-json\/wp\/v2\/regions?post=151140"},{"taxonomy":"sectors","embeddable":true,"href":"https:\/\/admin.industriall-union.org\/fr\/wp-json\/wp\/v2\/sectors?post=151140"},{"taxonomy":"article_tags","embeddable":true,"href":"https:\/\/admin.industriall-union.org\/fr\/wp-json\/wp\/v2\/article_tags?post=151140"}],"curies":[{"name":"wp","href":"https:\/\/api.w.org\/{rel}","templated":true}]}}