{"id":151035,"date":"2015-09-15T08:43:12","date_gmt":"2015-09-15T08:43:12","guid":{"rendered":"https:\/\/admin.industriall-union.org\/les-syndicats-de-l-europe-du-sud-est-se-joignent-a-la-campagne-contre-le-travail-precaire\/"},"modified":"2025-02-07T10:26:03","modified_gmt":"2025-02-07T10:26:03","slug":"les-syndicats-de-l-europe-du-sud-est-se-joignent-a-la-campagne-contre-le-travail-precaire","status":"publish","type":"article","link":"https:\/\/admin.industriall-union.org\/fr\/les-syndicats-de-l-europe-du-sud-est-se-joignent-a-la-campagne-contre-le-travail-precaire\/","title":{"rendered":"Les syndicats de l\u2019Europe du Sud-Est se joignent \u00e0 la campagne contre le travail pr\u00e9caire"},"content":{"rendered":"<p>Des pays comme la Bosnie-Herz\u00e9govine, la Mac\u00e9doine et le Mont\u00e9n\u00e9gro connaissent des exp\u00e9riences de privatisation dont les cons\u00e9quences probables seront la perte d&rsquo;emplois industriels. Les taux de ch\u00f4mage \u00e9lev\u00e9s ont conduit \u00e0 des violations graves des droits des travailleurs et il n&rsquo;y a pas de r\u00e9elles sanctions pour les employeurs qui bafouent les lois. Souvent, les salaires ne sont pas pay\u00e9s, parfois durant des mois.<\/p><p>Le travail pr\u00e9caire, l&rsquo;accroissement des effectifs et le renforcement de l&rsquo;unit\u00e9 \u00e9taient des th\u00e8mes charni\u00e8res de l&rsquo;ordre du jour de l&rsquo;atelier qui s&rsquo;est tenu les 8 et 9 septembre \u00e0 Sarajevo, en Bosnie-Herz\u00e9govine. Les participants ont fermement d\u00e9nonc\u00e9 la complicit\u00e9 entre les employeurs et l&rsquo;\u00e9lite politique ainsi que le manque de v\u00e9ritable dialogue social \u00e0 tous niveaux.<\/p><p>Sous la pression des institutions financi\u00e8res internationales, la Bosnie-Herz\u00e9govine a r\u00e9cemment adopt\u00e9 une nouvelle l\u00e9gislation du travail, qui fait passer la dur\u00e9e au cours de laquelle un travail peut \u00eatre maintenu sous contrat \u00e0 dur\u00e9e d\u00e9termin\u00e9e de deux \u00e0 trois ans. Des d\u00e9bats sont en cours au sein de la R\u00e9publique Serbe de Bosnie et une nouvelle l\u00e9gislation y est attendue pour bient\u00f4t. Les contrats temporaires peuvent \u00eatre renouvel\u00e9s jusqu&rsquo;\u00e0 un terme de cinq ans en Mac\u00e9doine et deux ans au Mont\u00e9n\u00e9gro.<\/p><p>Kata Ivelji\u0107, pr\u00e9sident du Syndicat de la Chimie et des Secteurs non-m\u00e9talliques de Bosnie-Herz\u00e9govine a d\u00e9clar\u00e9&nbsp;:<\/p><blockquote><p>Au sein de la F\u00e9d\u00e9ration de Bosnie-Herz\u00e9govine, nous avons une nouvelle l\u00e9gislation syndicale qui affaiblit les droits des travailleurs. Notre syndicat doit ren\u00e9gocier et aligner les conventions nationales et sectorielles sur les nouvelles dispositions l\u00e9gales. Nous tenterons de faire en sorte que les droits des travailleurs soient maintenus au sein des nouvelles conventions. Nous allons aussi contester la nouvelle l\u00e9gislation qui a \u00e9t\u00e9 adopt\u00e9e sans consulter les syndicats.<\/p><\/blockquote><p>Les affili\u00e9s d&rsquo;IndustriALL Global Union ont indiqu\u00e9 que les contrats d&rsquo;emploi \u00e0 dur\u00e9e d\u00e9termin\u00e9e \u00e9taient devenus monnaie courante, en particulier en ce qui concerne les investissements \u00e9trangers nouveaux. En Mac\u00e9doine, tous les nouveaux emplois cr\u00e9\u00e9s dans les zones de d\u00e9veloppement industriel sont temporaires. \u00c0 c\u00f4t\u00e9 d&rsquo;une l\u00e9gislation laxiste, le gouvernement offre diff\u00e9rents incitants aux entreprises multinationales qui implantent des usines dans ces zones, leur permettant ainsi d&rsquo;engranger d&rsquo;\u00e9normes b\u00e9n\u00e9fices aux d\u00e9pens des travailleurs et travailleuses.<\/p><p>Les \u00e9quipementiers automobiles, en particulier, emploient des milliers de personnes sous contrats \u00e0 dur\u00e9e d\u00e9termin\u00e9e et moyennant de maigres salaires (&euro;150-160 par mois). Cette \u00e9volution des choses commence doucement \u00e0 avoir un impact sur les conditions de travail dans les autres entreprises.<\/p><p>Des d\u00e9bats anim\u00e9s ont eu lieu sur la question de la syndicalisation et de la structuration syndicale. Les employeurs crient haut et fort qu&rsquo;ils respectent la l\u00e9gislation et le droit de se syndiquer, mais en r\u00e9alit\u00e9 ils ont recours \u00e0 diff\u00e9rentes tactiques et moyens de pression occultes pour emp\u00eacher les travailleurs de le faire.<\/p><p>Pavel Trendnafilov, pr\u00e9sident du Syndicat de l&rsquo;Ing\u00e9nierie civile, de l&rsquo;Industrie et de la Planification de Mac\u00e9doine a d\u00e9clar\u00e9&nbsp;:<\/p><blockquote><p>La Mac\u00e9doine n&rsquo;a pas \u00e9t\u00e9 \u00e0 l&rsquo;abri de la tendance mondiale \u00e0 l&rsquo;accroissement du travail pr\u00e9caire. C&rsquo;est un obstacle majeur \u00e0 la syndicalisation, car les travailleurs temporaires vivent dans la crainte que leurs contrats ne soient pas renouvel\u00e9s s&rsquo;ils rejoignent un syndicat.<\/p><\/blockquote><p>Les leaders syndicaux pr\u00e9sents lors de l&rsquo;atelier ont soulign\u00e9 l&rsquo;importance du r\u00e9seautage aux niveaux r\u00e9gional et international pour favoriser les avanc\u00e9es et se porter mutuellement assistance dans les campagnes de syndicalisation et en vue de n\u00e9gociations collectives.<\/p><p>IndustriALL Global Union et son organisation s\u0153ur au niveau europ\u00e9en vont continuer \u00e0 collaborer avec leurs affili\u00e9s dans la r\u00e9gion afin de soutenir leur lutte en faveur de conditions de travail d\u00e9centes et de moyens d&rsquo;existence durables.<\/p>","protected":false},"featured_media":0,"template":"","issues":[422,415,399],"companies":[],"regions":[209,236,232,243],"sectors":[],"article_tags":[],"class_list":["post-151035","article","type-article","status-publish","hentry","issues-human-trade-union-rights","issues-stop-precarious-work","issues-union-building","regions-bosnia-herzegovina","regions-montenegro","regions-republic-of-north-macedonia","regions-serbia"],"acf":[],"yoast_head":"<!-- This site is optimized with the Yoast SEO Premium plugin v27.1 (Yoast SEO v27.1) - https:\/\/yoast.com\/product\/yoast-seo-premium-wordpress\/ -->\n<title>Les syndicats de l\u2019Europe du Sud-Est se joignent \u00e0 la campagne contre le travail pr\u00e9caire - industriall-union<\/title>\n<meta name=\"description\" content=\"Des pays comme la Bosnie-Herz\u00e9govine, la Mac\u00e9doine et le Mont\u00e9n\u00e9gro connaissent des exp\u00e9riences de privatisation dont les cons\u00e9quences probables seront la\" \/>\n<meta name=\"robots\" content=\"index, follow, max-snippet:-1, max-image-preview:large, max-video-preview:-1\" \/>\n<link rel=\"canonical\" href=\"https:\/\/admin.industriall-union.org\/fr\/les-syndicats-de-l-europe-du-sud-est-se-joignent-a-la-campagne-contre-le-travail-precaire\/\" \/>\n<meta property=\"og:locale\" content=\"fr_FR\" \/>\n<meta property=\"og:type\" content=\"article\" \/>\n<meta property=\"og:title\" content=\"Les syndicats de l\u2019Europe du Sud-Est se joignent \u00e0 la campagne contre le travail pr\u00e9caire\" \/>\n<meta property=\"og:description\" content=\"Des pays comme la Bosnie-Herz\u00e9govine, la Mac\u00e9doine et le Mont\u00e9n\u00e9gro connaissent des exp\u00e9riences de privatisation dont les cons\u00e9quences probables seront la\" \/>\n<meta property=\"og:url\" content=\"https:\/\/admin.industriall-union.org\/fr\/les-syndicats-de-l-europe-du-sud-est-se-joignent-a-la-campagne-contre-le-travail-precaire\/\" \/>\n<meta property=\"og:site_name\" content=\"industriall-union\" \/>\n<meta property=\"article:modified_time\" content=\"2025-02-07T10:26:03+00:00\" \/>\n<meta name=\"twitter:card\" content=\"summary_large_image\" \/>\n<meta name=\"twitter:label1\" content=\"Est. reading time\" \/>\n\t<meta name=\"twitter:data1\" content=\"4 minutes\" \/>\n<script type=\"application\/ld+json\" class=\"yoast-schema-graph\">{\"@context\":\"https:\/\/schema.org\",\"@graph\":[{\"@type\":\"WebPage\",\"@id\":\"https:\/\/admin.industriall-union.org\/fr\/les-syndicats-de-l-europe-du-sud-est-se-joignent-a-la-campagne-contre-le-travail-precaire\/\",\"url\":\"https:\/\/admin.industriall-union.org\/fr\/les-syndicats-de-l-europe-du-sud-est-se-joignent-a-la-campagne-contre-le-travail-precaire\/\",\"name\":\"Les syndicats de l\u2019Europe du Sud-Est se joignent \u00e0 la campagne contre le travail pr\u00e9caire - industriall-union\",\"isPartOf\":{\"@id\":\"https:\/\/admin.industriall-union.org\/#website\"},\"datePublished\":\"2015-09-15T08:43:12+00:00\",\"dateModified\":\"2025-02-07T10:26:03+00:00\",\"description\":\"Des pays comme la Bosnie-Herz\u00e9govine, la Mac\u00e9doine et le Mont\u00e9n\u00e9gro connaissent des exp\u00e9riences de privatisation dont les cons\u00e9quences probables seront la\",\"breadcrumb\":{\"@id\":\"https:\/\/admin.industriall-union.org\/fr\/les-syndicats-de-l-europe-du-sud-est-se-joignent-a-la-campagne-contre-le-travail-precaire\/#breadcrumb\"},\"inLanguage\":\"fr-FR\",\"potentialAction\":[{\"@type\":\"ReadAction\",\"target\":[\"https:\/\/admin.industriall-union.org\/fr\/les-syndicats-de-l-europe-du-sud-est-se-joignent-a-la-campagne-contre-le-travail-precaire\/\"]}]},{\"@type\":\"BreadcrumbList\",\"@id\":\"https:\/\/admin.industriall-union.org\/fr\/les-syndicats-de-l-europe-du-sud-est-se-joignent-a-la-campagne-contre-le-travail-precaire\/#breadcrumb\",\"itemListElement\":[{\"@type\":\"ListItem\",\"position\":1,\"name\":\"Home\",\"item\":\"https:\/\/admin.industriall-union.org\/\"},{\"@type\":\"ListItem\",\"position\":2,\"name\":\"Articles\",\"item\":\"https:\/\/admin.industriall-union.org\/article\/\"},{\"@type\":\"ListItem\",\"position\":3,\"name\":\"Les syndicats de l\u2019Europe du Sud-Est se joignent \u00e0 la campagne contre le travail pr\u00e9caire\"}]},{\"@type\":\"WebSite\",\"@id\":\"https:\/\/admin.industriall-union.org\/#website\",\"url\":\"https:\/\/admin.industriall-union.org\/\",\"name\":\"industriall-union\",\"description\":\"\",\"potentialAction\":[{\"@type\":\"SearchAction\",\"target\":{\"@type\":\"EntryPoint\",\"urlTemplate\":\"https:\/\/admin.industriall-union.org\/?s={search_term_string}\"},\"query-input\":{\"@type\":\"PropertyValueSpecification\",\"valueRequired\":true,\"valueName\":\"search_term_string\"}}],\"inLanguage\":\"fr-FR\"}]}<\/script>\n<!-- \/ Yoast SEO Premium plugin. -->","yoast_head_json":{"title":"Les syndicats de l\u2019Europe du Sud-Est se joignent \u00e0 la campagne contre le travail pr\u00e9caire - industriall-union","description":"Des pays comme la Bosnie-Herz\u00e9govine, la Mac\u00e9doine et le Mont\u00e9n\u00e9gro connaissent des exp\u00e9riences de privatisation dont les cons\u00e9quences probables seront la","robots":{"index":"index","follow":"follow","max-snippet":"max-snippet:-1","max-image-preview":"max-image-preview:large","max-video-preview":"max-video-preview:-1"},"canonical":"https:\/\/admin.industriall-union.org\/fr\/les-syndicats-de-l-europe-du-sud-est-se-joignent-a-la-campagne-contre-le-travail-precaire\/","og_locale":"fr_FR","og_type":"article","og_title":"Les syndicats de l\u2019Europe du Sud-Est se joignent \u00e0 la campagne contre le travail pr\u00e9caire","og_description":"Des pays comme la Bosnie-Herz\u00e9govine, la Mac\u00e9doine et le Mont\u00e9n\u00e9gro connaissent des exp\u00e9riences de privatisation dont les cons\u00e9quences probables seront la","og_url":"https:\/\/admin.industriall-union.org\/fr\/les-syndicats-de-l-europe-du-sud-est-se-joignent-a-la-campagne-contre-le-travail-precaire\/","og_site_name":"industriall-union","article_modified_time":"2025-02-07T10:26:03+00:00","twitter_card":"summary_large_image","twitter_misc":{"Est. reading time":"4 minutes"},"schema":{"@context":"https:\/\/schema.org","@graph":[{"@type":"WebPage","@id":"https:\/\/admin.industriall-union.org\/fr\/les-syndicats-de-l-europe-du-sud-est-se-joignent-a-la-campagne-contre-le-travail-precaire\/","url":"https:\/\/admin.industriall-union.org\/fr\/les-syndicats-de-l-europe-du-sud-est-se-joignent-a-la-campagne-contre-le-travail-precaire\/","name":"Les syndicats de l\u2019Europe du Sud-Est se joignent \u00e0 la campagne contre le travail pr\u00e9caire - industriall-union","isPartOf":{"@id":"https:\/\/admin.industriall-union.org\/#website"},"datePublished":"2015-09-15T08:43:12+00:00","dateModified":"2025-02-07T10:26:03+00:00","description":"Des pays comme la Bosnie-Herz\u00e9govine, la Mac\u00e9doine et le Mont\u00e9n\u00e9gro connaissent des exp\u00e9riences de privatisation dont les cons\u00e9quences probables seront la","breadcrumb":{"@id":"https:\/\/admin.industriall-union.org\/fr\/les-syndicats-de-l-europe-du-sud-est-se-joignent-a-la-campagne-contre-le-travail-precaire\/#breadcrumb"},"inLanguage":"fr-FR","potentialAction":[{"@type":"ReadAction","target":["https:\/\/admin.industriall-union.org\/fr\/les-syndicats-de-l-europe-du-sud-est-se-joignent-a-la-campagne-contre-le-travail-precaire\/"]}]},{"@type":"BreadcrumbList","@id":"https:\/\/admin.industriall-union.org\/fr\/les-syndicats-de-l-europe-du-sud-est-se-joignent-a-la-campagne-contre-le-travail-precaire\/#breadcrumb","itemListElement":[{"@type":"ListItem","position":1,"name":"Home","item":"https:\/\/admin.industriall-union.org\/"},{"@type":"ListItem","position":2,"name":"Articles","item":"https:\/\/admin.industriall-union.org\/article\/"},{"@type":"ListItem","position":3,"name":"Les syndicats de l\u2019Europe du Sud-Est se joignent \u00e0 la campagne contre le travail pr\u00e9caire"}]},{"@type":"WebSite","@id":"https:\/\/admin.industriall-union.org\/#website","url":"https:\/\/admin.industriall-union.org\/","name":"industriall-union","description":"","potentialAction":[{"@type":"SearchAction","target":{"@type":"EntryPoint","urlTemplate":"https:\/\/admin.industriall-union.org\/?s={search_term_string}"},"query-input":{"@type":"PropertyValueSpecification","valueRequired":true,"valueName":"search_term_string"}}],"inLanguage":"fr-FR"}]}},"_links":{"self":[{"href":"https:\/\/admin.industriall-union.org\/fr\/wp-json\/wp\/v2\/article\/151035","targetHints":{"allow":["GET"]}}],"collection":[{"href":"https:\/\/admin.industriall-union.org\/fr\/wp-json\/wp\/v2\/article"}],"about":[{"href":"https:\/\/admin.industriall-union.org\/fr\/wp-json\/wp\/v2\/types\/article"}],"wp:attachment":[{"href":"https:\/\/admin.industriall-union.org\/fr\/wp-json\/wp\/v2\/media?parent=151035"}],"wp:term":[{"taxonomy":"issues","embeddable":true,"href":"https:\/\/admin.industriall-union.org\/fr\/wp-json\/wp\/v2\/issues?post=151035"},{"taxonomy":"companies","embeddable":true,"href":"https:\/\/admin.industriall-union.org\/fr\/wp-json\/wp\/v2\/companies?post=151035"},{"taxonomy":"regions","embeddable":true,"href":"https:\/\/admin.industriall-union.org\/fr\/wp-json\/wp\/v2\/regions?post=151035"},{"taxonomy":"sectors","embeddable":true,"href":"https:\/\/admin.industriall-union.org\/fr\/wp-json\/wp\/v2\/sectors?post=151035"},{"taxonomy":"article_tags","embeddable":true,"href":"https:\/\/admin.industriall-union.org\/fr\/wp-json\/wp\/v2\/article_tags?post=151035"}],"curies":[{"name":"wp","href":"https:\/\/api.w.org\/{rel}","templated":true}]}}