{"id":151019,"date":"2015-09-18T07:49:13","date_gmt":"2015-09-18T07:49:13","guid":{"rendered":"https:\/\/admin.industriall-union.org\/senegal-les-affilies-se-mobilisent-pour-le-7-octobre\/"},"modified":"2025-02-07T10:13:39","modified_gmt":"2025-02-07T10:13:39","slug":"senegal-les-affilies-se-mobilisent-pour-le-7-octobre","status":"publish","type":"article","link":"https:\/\/admin.industriall-union.org\/fr\/senegal-les-affilies-se-mobilisent-pour-le-7-octobre\/","title":{"rendered":"S\u00e9n\u00e9gal : les affili\u00e9s se mobilisent pour le 7 octobre"},"content":{"rendered":"<p>Le 12 septembre, le Syndicat national des Travailleurs des Industries chimiques et Activit\u00e9s rattach\u00e9es du S\u00e9n\u00e9gal (SYNTCS), le Syndicat national des Travailleurs des Industries de la Confection (SNTIC) et le Syndicat unique des Travailleurs des Industries diverses du S\u00e9n\u00e9gal (SUTIDS) on particip\u00e9 \u00e0 une manifestation \u00e0 Dakar pour d\u00e9noncer les violations de la l\u00e9gislation sur l&#039;utilisation du travail journalier et saisonnier.<\/p><p>Les syndicats ont lanc\u00e9 la campagne en organisant des assembl\u00e9es g\u00e9n\u00e9rales sur les lieux de travail afin de mobiliser les travailleurs et les sensibiliser au probl\u00e8me du travail pr\u00e9caire. Ils ont aussi organis\u00e9 une campagne t\u00e9l\u00e9vis\u00e9e d&#039;interviews de dirigeants syndicaux et un documentaire t\u00e9l\u00e9vis\u00e9 sur le travail journalier et saisonnier.<\/p><p>Le 7 octobre, journ\u00e9e d&#039;action mondiale de la campagne <em>STOP au Travail pr\u00e9caire<\/em>, les affili\u00e9s d&#039;IndustriALL organiseront une conf\u00e9rence de presse pour d\u00e9noncer le travail pr\u00e9caire et une manifestation aux c\u00f4t\u00e9s d&#039;autres organisations syndicales.<\/p><blockquote><p>Le but de cette campagne est de limiter le recours au travail journalier et au travail saisonnier au minimum pr\u00e9vu par la loi, c&rsquo;est-\u00e0-dire pour remplacer un salari\u00e9 en cong\u00e9 de maladie et pour faire face \u00e0 une augmentation de la production.<\/p><p>Or, actuellement, d&#039;apr\u00e8s des sources d&#039;information, les industries manufacturi\u00e8res emploient pr\u00e8s de 50 pour cent de leur personnel \u00e0 titre journalier ou saisonnier, mais sur une base permanente.<\/p><\/blockquote><p>Ces travailleurs sont affect\u00e9s \u00e0 la production avec des contrats pr\u00e9caires. Ils sont exclus de la protection sociale, ne b\u00e9n\u00e9ficient pas des mesures de sant\u00e9 et de s\u00e9curit\u00e9 et per\u00e7oivent des salaires inf\u00e9rieurs \u00e0 ceux de leurs coll\u00e8gues permanents.<\/p><p>Les affili\u00e9s s\u00e9n\u00e9galais ont toujours combattu le travail pr\u00e9caire. Chaque ann\u00e9e, les syndicats obtiennent que des travailleurs pr\u00e9caires soient promus \u00e0 un statut permanent. Depuis le d\u00e9but de 2014, les affili\u00e9s indiquent avoir am\u00e9lior\u00e9 la situation de plus de 450 travailleurs pr\u00e9caires qui sont devenus des salari\u00e9s directs.<\/p><p><strong>L&#039;an dernier, des affili\u00e9s de plus de 56 pays ont men\u00e9 des actions le 7 octobre.<\/strong><\/p>","protected":false},"featured_media":0,"template":"","issues":[415],"companies":[],"regions":[346],"sectors":[],"article_tags":[],"class_list":["post-151019","article","type-article","status-publish","hentry","issues-stop-precarious-work","regions-senegal"],"acf":[],"yoast_head":"<!-- This site is optimized with the Yoast SEO Premium plugin v27.1 (Yoast SEO v27.1) - https:\/\/yoast.com\/product\/yoast-seo-premium-wordpress\/ -->\n<title>S\u00e9n\u00e9gal : les affili\u00e9s se mobilisent pour le 7 octobre - industriall-union<\/title>\n<meta name=\"description\" content=\"Le 12 septembre, le Syndicat national des Travailleurs des Industries chimiques et Activit\u00e9s rattach\u00e9es du S\u00e9n\u00e9gal (SYNTCS), le Syndicat national des\" \/>\n<meta name=\"robots\" content=\"index, follow, max-snippet:-1, max-image-preview:large, max-video-preview:-1\" \/>\n<link rel=\"canonical\" href=\"https:\/\/admin.industriall-union.org\/fr\/senegal-les-affilies-se-mobilisent-pour-le-7-octobre\/\" \/>\n<meta property=\"og:locale\" content=\"fr_FR\" \/>\n<meta property=\"og:type\" content=\"article\" \/>\n<meta property=\"og:title\" content=\"S\u00e9n\u00e9gal : les affili\u00e9s se mobilisent pour le 7 octobre\" \/>\n<meta property=\"og:description\" content=\"Le 12 septembre, le Syndicat national des Travailleurs des Industries chimiques et Activit\u00e9s rattach\u00e9es du S\u00e9n\u00e9gal (SYNTCS), le Syndicat national des\" \/>\n<meta property=\"og:url\" content=\"https:\/\/admin.industriall-union.org\/fr\/senegal-les-affilies-se-mobilisent-pour-le-7-octobre\/\" \/>\n<meta property=\"og:site_name\" content=\"industriall-union\" \/>\n<meta property=\"article:modified_time\" content=\"2025-02-07T10:13:39+00:00\" \/>\n<meta name=\"twitter:card\" content=\"summary_large_image\" \/>\n<meta name=\"twitter:label1\" content=\"Est. reading time\" \/>\n\t<meta name=\"twitter:data1\" content=\"2 minutes\" \/>\n<script type=\"application\/ld+json\" class=\"yoast-schema-graph\">{\"@context\":\"https:\/\/schema.org\",\"@graph\":[{\"@type\":\"WebPage\",\"@id\":\"https:\/\/admin.industriall-union.org\/fr\/senegal-les-affilies-se-mobilisent-pour-le-7-octobre\/\",\"url\":\"https:\/\/admin.industriall-union.org\/fr\/senegal-les-affilies-se-mobilisent-pour-le-7-octobre\/\",\"name\":\"S\u00e9n\u00e9gal : les affili\u00e9s se mobilisent pour le 7 octobre - industriall-union\",\"isPartOf\":{\"@id\":\"https:\/\/admin.industriall-union.org\/#website\"},\"datePublished\":\"2015-09-18T07:49:13+00:00\",\"dateModified\":\"2025-02-07T10:13:39+00:00\",\"description\":\"Le 12 septembre, le Syndicat national des Travailleurs des Industries chimiques et Activit\u00e9s rattach\u00e9es du S\u00e9n\u00e9gal (SYNTCS), le Syndicat national des\",\"breadcrumb\":{\"@id\":\"https:\/\/admin.industriall-union.org\/fr\/senegal-les-affilies-se-mobilisent-pour-le-7-octobre\/#breadcrumb\"},\"inLanguage\":\"fr-FR\",\"potentialAction\":[{\"@type\":\"ReadAction\",\"target\":[\"https:\/\/admin.industriall-union.org\/fr\/senegal-les-affilies-se-mobilisent-pour-le-7-octobre\/\"]}]},{\"@type\":\"BreadcrumbList\",\"@id\":\"https:\/\/admin.industriall-union.org\/fr\/senegal-les-affilies-se-mobilisent-pour-le-7-octobre\/#breadcrumb\",\"itemListElement\":[{\"@type\":\"ListItem\",\"position\":1,\"name\":\"Home\",\"item\":\"https:\/\/admin.industriall-union.org\/\"},{\"@type\":\"ListItem\",\"position\":2,\"name\":\"Articles\",\"item\":\"https:\/\/admin.industriall-union.org\/article\/\"},{\"@type\":\"ListItem\",\"position\":3,\"name\":\"S\u00e9n\u00e9gal : les affili\u00e9s se mobilisent pour le 7 octobre\"}]},{\"@type\":\"WebSite\",\"@id\":\"https:\/\/admin.industriall-union.org\/#website\",\"url\":\"https:\/\/admin.industriall-union.org\/\",\"name\":\"industriall-union\",\"description\":\"\",\"potentialAction\":[{\"@type\":\"SearchAction\",\"target\":{\"@type\":\"EntryPoint\",\"urlTemplate\":\"https:\/\/admin.industriall-union.org\/?s={search_term_string}\"},\"query-input\":{\"@type\":\"PropertyValueSpecification\",\"valueRequired\":true,\"valueName\":\"search_term_string\"}}],\"inLanguage\":\"fr-FR\"}]}<\/script>\n<!-- \/ Yoast SEO Premium plugin. -->","yoast_head_json":{"title":"S\u00e9n\u00e9gal : les affili\u00e9s se mobilisent pour le 7 octobre - industriall-union","description":"Le 12 septembre, le Syndicat national des Travailleurs des Industries chimiques et Activit\u00e9s rattach\u00e9es du S\u00e9n\u00e9gal (SYNTCS), le Syndicat national des","robots":{"index":"index","follow":"follow","max-snippet":"max-snippet:-1","max-image-preview":"max-image-preview:large","max-video-preview":"max-video-preview:-1"},"canonical":"https:\/\/admin.industriall-union.org\/fr\/senegal-les-affilies-se-mobilisent-pour-le-7-octobre\/","og_locale":"fr_FR","og_type":"article","og_title":"S\u00e9n\u00e9gal : les affili\u00e9s se mobilisent pour le 7 octobre","og_description":"Le 12 septembre, le Syndicat national des Travailleurs des Industries chimiques et Activit\u00e9s rattach\u00e9es du S\u00e9n\u00e9gal (SYNTCS), le Syndicat national des","og_url":"https:\/\/admin.industriall-union.org\/fr\/senegal-les-affilies-se-mobilisent-pour-le-7-octobre\/","og_site_name":"industriall-union","article_modified_time":"2025-02-07T10:13:39+00:00","twitter_card":"summary_large_image","twitter_misc":{"Est. reading time":"2 minutes"},"schema":{"@context":"https:\/\/schema.org","@graph":[{"@type":"WebPage","@id":"https:\/\/admin.industriall-union.org\/fr\/senegal-les-affilies-se-mobilisent-pour-le-7-octobre\/","url":"https:\/\/admin.industriall-union.org\/fr\/senegal-les-affilies-se-mobilisent-pour-le-7-octobre\/","name":"S\u00e9n\u00e9gal : les affili\u00e9s se mobilisent pour le 7 octobre - industriall-union","isPartOf":{"@id":"https:\/\/admin.industriall-union.org\/#website"},"datePublished":"2015-09-18T07:49:13+00:00","dateModified":"2025-02-07T10:13:39+00:00","description":"Le 12 septembre, le Syndicat national des Travailleurs des Industries chimiques et Activit\u00e9s rattach\u00e9es du S\u00e9n\u00e9gal (SYNTCS), le Syndicat national des","breadcrumb":{"@id":"https:\/\/admin.industriall-union.org\/fr\/senegal-les-affilies-se-mobilisent-pour-le-7-octobre\/#breadcrumb"},"inLanguage":"fr-FR","potentialAction":[{"@type":"ReadAction","target":["https:\/\/admin.industriall-union.org\/fr\/senegal-les-affilies-se-mobilisent-pour-le-7-octobre\/"]}]},{"@type":"BreadcrumbList","@id":"https:\/\/admin.industriall-union.org\/fr\/senegal-les-affilies-se-mobilisent-pour-le-7-octobre\/#breadcrumb","itemListElement":[{"@type":"ListItem","position":1,"name":"Home","item":"https:\/\/admin.industriall-union.org\/"},{"@type":"ListItem","position":2,"name":"Articles","item":"https:\/\/admin.industriall-union.org\/article\/"},{"@type":"ListItem","position":3,"name":"S\u00e9n\u00e9gal : les affili\u00e9s se mobilisent pour le 7 octobre"}]},{"@type":"WebSite","@id":"https:\/\/admin.industriall-union.org\/#website","url":"https:\/\/admin.industriall-union.org\/","name":"industriall-union","description":"","potentialAction":[{"@type":"SearchAction","target":{"@type":"EntryPoint","urlTemplate":"https:\/\/admin.industriall-union.org\/?s={search_term_string}"},"query-input":{"@type":"PropertyValueSpecification","valueRequired":true,"valueName":"search_term_string"}}],"inLanguage":"fr-FR"}]}},"_links":{"self":[{"href":"https:\/\/admin.industriall-union.org\/fr\/wp-json\/wp\/v2\/article\/151019","targetHints":{"allow":["GET"]}}],"collection":[{"href":"https:\/\/admin.industriall-union.org\/fr\/wp-json\/wp\/v2\/article"}],"about":[{"href":"https:\/\/admin.industriall-union.org\/fr\/wp-json\/wp\/v2\/types\/article"}],"wp:attachment":[{"href":"https:\/\/admin.industriall-union.org\/fr\/wp-json\/wp\/v2\/media?parent=151019"}],"wp:term":[{"taxonomy":"issues","embeddable":true,"href":"https:\/\/admin.industriall-union.org\/fr\/wp-json\/wp\/v2\/issues?post=151019"},{"taxonomy":"companies","embeddable":true,"href":"https:\/\/admin.industriall-union.org\/fr\/wp-json\/wp\/v2\/companies?post=151019"},{"taxonomy":"regions","embeddable":true,"href":"https:\/\/admin.industriall-union.org\/fr\/wp-json\/wp\/v2\/regions?post=151019"},{"taxonomy":"sectors","embeddable":true,"href":"https:\/\/admin.industriall-union.org\/fr\/wp-json\/wp\/v2\/sectors?post=151019"},{"taxonomy":"article_tags","embeddable":true,"href":"https:\/\/admin.industriall-union.org\/fr\/wp-json\/wp\/v2\/article_tags?post=151019"}],"curies":[{"name":"wp","href":"https:\/\/api.w.org\/{rel}","templated":true}]}}