{"id":151016,"date":"2015-09-23T14:45:27","date_gmt":"2015-09-23T14:45:27","guid":{"rendered":"https:\/\/admin.industriall-union.org\/nouvel-espoir-pour-les-salaires-dans-la-confection\/"},"modified":"2025-02-07T10:09:05","modified_gmt":"2025-02-07T10:09:05","slug":"nouvel-espoir-pour-les-salaires-dans-la-confection","status":"publish","type":"article","link":"https:\/\/admin.industriall-union.org\/fr\/nouvel-espoir-pour-les-salaires-dans-la-confection\/","title":{"rendered":"Nouvel espoir pour les salaires dans la confection"},"content":{"rendered":"<p>IndustriALL Global Union et des repr\u00e9sentant(e)s des marques mondiales de v\u00eatements ont rencontr\u00e9 des fournisseurs, des syndicats, des minist\u00e8res d&rsquo;\u00c9tat et l&rsquo;OIT, du 14 au 18 septembre, pour examiner la nouvelle initiative ACT visant l&rsquo;adoption d&rsquo;un salaire d\u00e9cent dans l&rsquo;industrie de la confection.<\/p><p>IndustriALL travaille avec un groupe de 14 marques mondiales et de distributeurs pour&nbsp;transformer la mani\u00e8re dont les entreprises s&rsquo;approvisionnent en v\u00eatements, avec un soutien \u00e0 des hausses salariales pour les travailleuses et travailleurs de la confection. Le processus ACT vise \u00e0 assurer une n\u00e9gociation collective \u00e0 l&rsquo;\u00e9chelle de l&rsquo;industrie dans les pays produisant des v\u00eatements, en s&rsquo;appuyant sur une r\u00e9forme des pratiques d&rsquo;achat des marques pour assurer la possibilit\u00e9 de verser des salaires plus \u00e9lev\u00e9s.<\/p><p>Le Cambodge, dont l&rsquo;industrie de la confection et de la chaussure d\u00e9tient une valeur de plus de 5 milliards d&rsquo;USD par an, a \u00e9t\u00e9 choisi pour \u00eatre le premier pays dans lequel le processus ACT sera entrepris.<\/p><p>La d\u00e9l\u00e9gation ACT, comprenant IndustriALL et des repr\u00e9sentant(e)s de marques, notamment H&amp;M, Inditex, Primark, C&amp;A et Top Shop, a expliqu\u00e9 le processus dans une s\u00e9rie de r\u00e9unions avec des fournisseurs, des syndicats de la confection, le minist\u00e8re du Travail et le minist\u00e8re du Commerce, et l&rsquo;association des fabricants de v\u00eatements du Cambodge (GMAC).<\/p><p>&ldquo;Une n\u00e9gociation collective \u00e0 l&rsquo;\u00e9chelle de l&rsquo;industrie tient les salaires hors de la concurrence, ce qui signifie que les fabriques et ateliers des fournisseurs ne peuvent pas revoir \u00e0 la baisse les salaires pour gagner de la client\u00e8le,&rdquo; a dit Jenny Holdcroft, directrice des politiques aupr\u00e8s de IndustriALL. &nbsp;<\/p><p>&ldquo;Le soutien des marques dans le cadre de leurs pratiques d&rsquo;achat signifiera que les fabriques et ateliers seront capables de mieux payer les travailleuses et travailleurs,&nbsp;alors que l&rsquo;am\u00e9lioration des conditions de travail, de la productivit\u00e9 et du rendement peuvent \u00e9galement \u00eatre couverts par un accord \u00e0 l&rsquo;\u00e9chelle de l&rsquo;industrie.&rdquo;<\/p><p>La d\u00e9l\u00e9gation a \u00e9galement eu des discussions techniques avec l&rsquo;OIT et d&rsquo;autres groupes d&rsquo;experts sur le d\u00e9veloppement d&rsquo;un syst\u00e8me de n\u00e9gociation collective \u00e0 l&rsquo;\u00e9chelle de l&rsquo;industrie au Cambodge.<\/p>","protected":false},"featured_media":0,"template":"","issues":[416],"companies":[],"regions":[162],"sectors":[465,464],"article_tags":[505],"class_list":["post-151016","article","type-article","status-publish","hentry","issues-living-wage","regions-cambodia","sectors-garment","sectors-textile-leather-garment-shoes-and-textile-services","article_tags-collective-bargaining"],"acf":[],"yoast_head":"<!-- This site is optimized with the Yoast SEO Premium plugin v27.1 (Yoast SEO v27.1) - https:\/\/yoast.com\/product\/yoast-seo-premium-wordpress\/ -->\n<title>Nouvel espoir pour les salaires dans la confection - industriall-union<\/title>\n<meta name=\"description\" content=\"IndustriALL Global Union et des repr\u00e9sentant(e)s des marques mondiales de v\u00eatements ont rencontr\u00e9 des fournisseurs, des syndicats, des minist\u00e8res\" \/>\n<meta name=\"robots\" content=\"index, follow, max-snippet:-1, max-image-preview:large, max-video-preview:-1\" \/>\n<link rel=\"canonical\" href=\"https:\/\/admin.industriall-union.org\/fr\/nouvel-espoir-pour-les-salaires-dans-la-confection\/\" \/>\n<meta property=\"og:locale\" content=\"fr_FR\" \/>\n<meta property=\"og:type\" content=\"article\" \/>\n<meta property=\"og:title\" content=\"Nouvel espoir pour les salaires dans la confection\" \/>\n<meta property=\"og:description\" content=\"IndustriALL Global Union et des repr\u00e9sentant(e)s des marques mondiales de v\u00eatements ont rencontr\u00e9 des fournisseurs, des syndicats, des minist\u00e8res\" \/>\n<meta property=\"og:url\" content=\"https:\/\/admin.industriall-union.org\/fr\/nouvel-espoir-pour-les-salaires-dans-la-confection\/\" \/>\n<meta property=\"og:site_name\" content=\"industriall-union\" \/>\n<meta property=\"article:modified_time\" content=\"2025-02-07T10:09:05+00:00\" \/>\n<meta name=\"twitter:card\" content=\"summary_large_image\" \/>\n<meta name=\"twitter:label1\" content=\"Est. reading time\" \/>\n\t<meta name=\"twitter:data1\" content=\"2 minutes\" \/>\n<script type=\"application\/ld+json\" class=\"yoast-schema-graph\">{\"@context\":\"https:\/\/schema.org\",\"@graph\":[{\"@type\":\"WebPage\",\"@id\":\"https:\/\/admin.industriall-union.org\/fr\/nouvel-espoir-pour-les-salaires-dans-la-confection\/\",\"url\":\"https:\/\/admin.industriall-union.org\/fr\/nouvel-espoir-pour-les-salaires-dans-la-confection\/\",\"name\":\"Nouvel espoir pour les salaires dans la confection - industriall-union\",\"isPartOf\":{\"@id\":\"https:\/\/admin.industriall-union.org\/#website\"},\"datePublished\":\"2015-09-23T14:45:27+00:00\",\"dateModified\":\"2025-02-07T10:09:05+00:00\",\"description\":\"IndustriALL Global Union et des repr\u00e9sentant(e)s des marques mondiales de v\u00eatements ont rencontr\u00e9 des fournisseurs, des syndicats, des minist\u00e8res\",\"breadcrumb\":{\"@id\":\"https:\/\/admin.industriall-union.org\/fr\/nouvel-espoir-pour-les-salaires-dans-la-confection\/#breadcrumb\"},\"inLanguage\":\"fr-FR\",\"potentialAction\":[{\"@type\":\"ReadAction\",\"target\":[\"https:\/\/admin.industriall-union.org\/fr\/nouvel-espoir-pour-les-salaires-dans-la-confection\/\"]}]},{\"@type\":\"BreadcrumbList\",\"@id\":\"https:\/\/admin.industriall-union.org\/fr\/nouvel-espoir-pour-les-salaires-dans-la-confection\/#breadcrumb\",\"itemListElement\":[{\"@type\":\"ListItem\",\"position\":1,\"name\":\"Home\",\"item\":\"https:\/\/admin.industriall-union.org\/\"},{\"@type\":\"ListItem\",\"position\":2,\"name\":\"Articles\",\"item\":\"https:\/\/admin.industriall-union.org\/article\/\"},{\"@type\":\"ListItem\",\"position\":3,\"name\":\"Nouvel espoir pour les salaires dans la confection\"}]},{\"@type\":\"WebSite\",\"@id\":\"https:\/\/admin.industriall-union.org\/#website\",\"url\":\"https:\/\/admin.industriall-union.org\/\",\"name\":\"industriall-union\",\"description\":\"\",\"potentialAction\":[{\"@type\":\"SearchAction\",\"target\":{\"@type\":\"EntryPoint\",\"urlTemplate\":\"https:\/\/admin.industriall-union.org\/?s={search_term_string}\"},\"query-input\":{\"@type\":\"PropertyValueSpecification\",\"valueRequired\":true,\"valueName\":\"search_term_string\"}}],\"inLanguage\":\"fr-FR\"}]}<\/script>\n<!-- \/ Yoast SEO Premium plugin. -->","yoast_head_json":{"title":"Nouvel espoir pour les salaires dans la confection - industriall-union","description":"IndustriALL Global Union et des repr\u00e9sentant(e)s des marques mondiales de v\u00eatements ont rencontr\u00e9 des fournisseurs, des syndicats, des minist\u00e8res","robots":{"index":"index","follow":"follow","max-snippet":"max-snippet:-1","max-image-preview":"max-image-preview:large","max-video-preview":"max-video-preview:-1"},"canonical":"https:\/\/admin.industriall-union.org\/fr\/nouvel-espoir-pour-les-salaires-dans-la-confection\/","og_locale":"fr_FR","og_type":"article","og_title":"Nouvel espoir pour les salaires dans la confection","og_description":"IndustriALL Global Union et des repr\u00e9sentant(e)s des marques mondiales de v\u00eatements ont rencontr\u00e9 des fournisseurs, des syndicats, des minist\u00e8res","og_url":"https:\/\/admin.industriall-union.org\/fr\/nouvel-espoir-pour-les-salaires-dans-la-confection\/","og_site_name":"industriall-union","article_modified_time":"2025-02-07T10:09:05+00:00","twitter_card":"summary_large_image","twitter_misc":{"Est. reading time":"2 minutes"},"schema":{"@context":"https:\/\/schema.org","@graph":[{"@type":"WebPage","@id":"https:\/\/admin.industriall-union.org\/fr\/nouvel-espoir-pour-les-salaires-dans-la-confection\/","url":"https:\/\/admin.industriall-union.org\/fr\/nouvel-espoir-pour-les-salaires-dans-la-confection\/","name":"Nouvel espoir pour les salaires dans la confection - industriall-union","isPartOf":{"@id":"https:\/\/admin.industriall-union.org\/#website"},"datePublished":"2015-09-23T14:45:27+00:00","dateModified":"2025-02-07T10:09:05+00:00","description":"IndustriALL Global Union et des repr\u00e9sentant(e)s des marques mondiales de v\u00eatements ont rencontr\u00e9 des fournisseurs, des syndicats, des minist\u00e8res","breadcrumb":{"@id":"https:\/\/admin.industriall-union.org\/fr\/nouvel-espoir-pour-les-salaires-dans-la-confection\/#breadcrumb"},"inLanguage":"fr-FR","potentialAction":[{"@type":"ReadAction","target":["https:\/\/admin.industriall-union.org\/fr\/nouvel-espoir-pour-les-salaires-dans-la-confection\/"]}]},{"@type":"BreadcrumbList","@id":"https:\/\/admin.industriall-union.org\/fr\/nouvel-espoir-pour-les-salaires-dans-la-confection\/#breadcrumb","itemListElement":[{"@type":"ListItem","position":1,"name":"Home","item":"https:\/\/admin.industriall-union.org\/"},{"@type":"ListItem","position":2,"name":"Articles","item":"https:\/\/admin.industriall-union.org\/article\/"},{"@type":"ListItem","position":3,"name":"Nouvel espoir pour les salaires dans la confection"}]},{"@type":"WebSite","@id":"https:\/\/admin.industriall-union.org\/#website","url":"https:\/\/admin.industriall-union.org\/","name":"industriall-union","description":"","potentialAction":[{"@type":"SearchAction","target":{"@type":"EntryPoint","urlTemplate":"https:\/\/admin.industriall-union.org\/?s={search_term_string}"},"query-input":{"@type":"PropertyValueSpecification","valueRequired":true,"valueName":"search_term_string"}}],"inLanguage":"fr-FR"}]}},"_links":{"self":[{"href":"https:\/\/admin.industriall-union.org\/fr\/wp-json\/wp\/v2\/article\/151016","targetHints":{"allow":["GET"]}}],"collection":[{"href":"https:\/\/admin.industriall-union.org\/fr\/wp-json\/wp\/v2\/article"}],"about":[{"href":"https:\/\/admin.industriall-union.org\/fr\/wp-json\/wp\/v2\/types\/article"}],"wp:attachment":[{"href":"https:\/\/admin.industriall-union.org\/fr\/wp-json\/wp\/v2\/media?parent=151016"}],"wp:term":[{"taxonomy":"issues","embeddable":true,"href":"https:\/\/admin.industriall-union.org\/fr\/wp-json\/wp\/v2\/issues?post=151016"},{"taxonomy":"companies","embeddable":true,"href":"https:\/\/admin.industriall-union.org\/fr\/wp-json\/wp\/v2\/companies?post=151016"},{"taxonomy":"regions","embeddable":true,"href":"https:\/\/admin.industriall-union.org\/fr\/wp-json\/wp\/v2\/regions?post=151016"},{"taxonomy":"sectors","embeddable":true,"href":"https:\/\/admin.industriall-union.org\/fr\/wp-json\/wp\/v2\/sectors?post=151016"},{"taxonomy":"article_tags","embeddable":true,"href":"https:\/\/admin.industriall-union.org\/fr\/wp-json\/wp\/v2\/article_tags?post=151016"}],"curies":[{"name":"wp","href":"https:\/\/api.w.org\/{rel}","templated":true}]}}