{"id":150996,"date":"2015-10-02T06:04:16","date_gmt":"2015-10-02T06:04:16","guid":{"rendered":"https:\/\/admin.industriall-union.org\/prets-pour-le-7-octobre\/"},"modified":"2025-02-07T09:57:11","modified_gmt":"2025-02-07T09:57:11","slug":"prets-pour-le-7-octobre","status":"publish","type":"article","link":"https:\/\/admin.industriall-union.org\/fr\/prets-pour-le-7-octobre\/","title":{"rendered":"Pr\u00eats pour le 7 octobre"},"content":{"rendered":"<p>Le 7 octobre sera le point d&#039;orgue de plusieurs campagnes nationales en cours contre le travail pr\u00e9caire. Dans de nombreux pays, les affili\u00e9s vont mettre en parall\u00e8le la campagne mondiale et la lutte qu&#039;ils m\u00e8nent au niveau national pour une meilleure l\u00e9gislation.<\/p><p>Aux <strong>Philippines<\/strong>, le 7 octobre verra le lancement de la campagne commune des affili\u00e9s d&#039;IndustriALL &quot;STOP au travail pr\u00e9caire ! Des emplois r\u00e9guliers pour tous&quot;. Ces affili\u00e9s vont d\u00e9filer ensemble jusqu&#039;au minist\u00e8re de l&#039;Emploi et du Travail. Ils attendent plus de 750 participants, \u00e0 la fois des travailleurs pr\u00e9caires et permanents. Apr\u00e8s cette mobilisation, des repr\u00e9sentants des 15 affili\u00e9s d&#039;IndustriALL auront un entretien avec le ministre du Travail. Ils lui remettront leur d\u00e9claration commune sur le travail pr\u00e9caire et lui exposeront leur campagne qui r\u00e9clame pour l&#039;essentiel une r\u00e9vision de la loi sur la s\u00e9curit\u00e9 d&#039;emploi.<\/p><p>Au <strong>Sri Lanka<\/strong>, les affili\u00e9s d\u00e9fileront ensemble dans le cadre de leur campagne actuelle pour une modification de loi qui fixe des limites au recours au travail pr\u00e9caire.<\/p><p>Au <strong>Cameroun<\/strong>, les affili\u00e9s d&#039;IndustriALL r\u00e9clament l&#039;adoption d&#039;une loi sur la sous-traitance qui emp\u00eache de confier \u00e0 des sous-traitants les activit\u00e9s de base et permanentes des entreprises. Dans le cadre de cette campagne, ils organiseront le 7 octobre une r\u00e9union tripartite avec des repr\u00e9sentants du gouvernement et des associations d&#039;employeurs.&nbsp;<\/p><p>Au <strong>Br\u00e9sil<\/strong>, une manifestation rassemblant plusieurs centrales syndicales ainsi que d&#039;autres organisations de la sc\u00e8ne sociale br\u00e9silienne seront organis\u00e9es le 3 octobre. Parmi d&#039;autres revendications, les syndicats r\u00e9clameront une limitation de la sous-traitance. En avril 2015, la chambre des repr\u00e9sentants de Brasilia a vot\u00e9 un projet de loi en faveur de la lib\u00e9ralisation de l&#039;externalisation. Depuis, les syndicat font campagne pour retarder son adoption par le s\u00e9nat.<\/p><p>Au <strong>Cambodge<\/strong>, les affili\u00e9s joindront leur action \u00e0 la campagne sur la protection de la maternit\u00e9. Ils organiseront une action de protestation devant des usines et des immeubles de bureaux pour r\u00e9clamer &quot;la protection de la maternit\u00e9 pour toutes les femmes&quot; et &quot;STOP au travail pr\u00e9caire&quot;. Ils discuteront aussi de ces deux questions au sein d&#039;un cercle d&#039;\u00e9tude de travailleurs.<\/p><p>Des affili\u00e9s m\u00e8neront aussi des actions en Europe. En <strong>Belgique<\/strong>, les affili\u00e9s d&#039;IndustriALL prendront part \u00e0 une manifestation nationale contre les politiques antisociales du gouvernement et proposeront des solutions de rechange.<\/p><p>En <strong>Allemagne<\/strong>, IG Metall mobilisera ses adh\u00e9rents contre l&#039;utilisation abusive des contrats de travail et de service (&quot;Werkvertr\u00e4ge&quot;) sous le slogan &quot;Ils ne nous diviseront pas&quot;.<\/p><blockquote><p>Cette ann\u00e9e encore, le 7 octobre, les affili\u00e9s d&#039;IndustriALL enverront un message fort au monde entier pour crier STOP au travail pr\u00e9caire !<\/p><\/blockquote>","protected":false},"featured_media":0,"template":"","issues":[415],"companies":[],"regions":[],"sectors":[],"article_tags":[],"class_list":["post-150996","article","type-article","status-publish","hentry","issues-stop-precarious-work"],"acf":[],"yoast_head":"<!-- This site is optimized with the Yoast SEO Premium plugin v27.1 (Yoast SEO v27.1) - https:\/\/yoast.com\/product\/yoast-seo-premium-wordpress\/ -->\n<title>Pr\u00eats pour le 7 octobre - industriall-union<\/title>\n<meta name=\"description\" content=\"Le 7 octobre sera le point d&#039;orgue de plusieurs campagnes nationales en cours contre le travail pr\u00e9caire. Dans de nombreux pays, les affili\u00e9s vont\" \/>\n<meta name=\"robots\" content=\"index, follow, max-snippet:-1, max-image-preview:large, max-video-preview:-1\" \/>\n<link rel=\"canonical\" href=\"https:\/\/admin.industriall-union.org\/fr\/prets-pour-le-7-octobre\/\" \/>\n<meta property=\"og:locale\" content=\"fr_FR\" \/>\n<meta property=\"og:type\" content=\"article\" \/>\n<meta property=\"og:title\" content=\"Pr\u00eats pour le 7 octobre\" \/>\n<meta property=\"og:description\" content=\"Le 7 octobre sera le point d&#039;orgue de plusieurs campagnes nationales en cours contre le travail pr\u00e9caire. Dans de nombreux pays, les affili\u00e9s vont\" \/>\n<meta property=\"og:url\" content=\"https:\/\/admin.industriall-union.org\/fr\/prets-pour-le-7-octobre\/\" \/>\n<meta property=\"og:site_name\" content=\"industriall-union\" \/>\n<meta property=\"article:modified_time\" content=\"2025-02-07T09:57:11+00:00\" \/>\n<meta name=\"twitter:card\" content=\"summary_large_image\" \/>\n<meta name=\"twitter:label1\" content=\"Est. reading time\" \/>\n\t<meta name=\"twitter:data1\" content=\"2 minutes\" \/>\n<script type=\"application\/ld+json\" class=\"yoast-schema-graph\">{\"@context\":\"https:\/\/schema.org\",\"@graph\":[{\"@type\":\"WebPage\",\"@id\":\"https:\/\/admin.industriall-union.org\/fr\/prets-pour-le-7-octobre\/\",\"url\":\"https:\/\/admin.industriall-union.org\/fr\/prets-pour-le-7-octobre\/\",\"name\":\"Pr\u00eats pour le 7 octobre - industriall-union\",\"isPartOf\":{\"@id\":\"https:\/\/admin.industriall-union.org\/#website\"},\"datePublished\":\"2015-10-02T06:04:16+00:00\",\"dateModified\":\"2025-02-07T09:57:11+00:00\",\"description\":\"Le 7 octobre sera le point d&#039;orgue de plusieurs campagnes nationales en cours contre le travail pr\u00e9caire. Dans de nombreux pays, les affili\u00e9s vont\",\"breadcrumb\":{\"@id\":\"https:\/\/admin.industriall-union.org\/fr\/prets-pour-le-7-octobre\/#breadcrumb\"},\"inLanguage\":\"fr-FR\",\"potentialAction\":[{\"@type\":\"ReadAction\",\"target\":[\"https:\/\/admin.industriall-union.org\/fr\/prets-pour-le-7-octobre\/\"]}]},{\"@type\":\"BreadcrumbList\",\"@id\":\"https:\/\/admin.industriall-union.org\/fr\/prets-pour-le-7-octobre\/#breadcrumb\",\"itemListElement\":[{\"@type\":\"ListItem\",\"position\":1,\"name\":\"Home\",\"item\":\"https:\/\/admin.industriall-union.org\/\"},{\"@type\":\"ListItem\",\"position\":2,\"name\":\"Articles\",\"item\":\"https:\/\/admin.industriall-union.org\/article\/\"},{\"@type\":\"ListItem\",\"position\":3,\"name\":\"Pr\u00eats pour le 7 octobre\"}]},{\"@type\":\"WebSite\",\"@id\":\"https:\/\/admin.industriall-union.org\/#website\",\"url\":\"https:\/\/admin.industriall-union.org\/\",\"name\":\"industriall-union\",\"description\":\"\",\"potentialAction\":[{\"@type\":\"SearchAction\",\"target\":{\"@type\":\"EntryPoint\",\"urlTemplate\":\"https:\/\/admin.industriall-union.org\/?s={search_term_string}\"},\"query-input\":{\"@type\":\"PropertyValueSpecification\",\"valueRequired\":true,\"valueName\":\"search_term_string\"}}],\"inLanguage\":\"fr-FR\"}]}<\/script>\n<!-- \/ Yoast SEO Premium plugin. -->","yoast_head_json":{"title":"Pr\u00eats pour le 7 octobre - industriall-union","description":"Le 7 octobre sera le point d&#039;orgue de plusieurs campagnes nationales en cours contre le travail pr\u00e9caire. Dans de nombreux pays, les affili\u00e9s vont","robots":{"index":"index","follow":"follow","max-snippet":"max-snippet:-1","max-image-preview":"max-image-preview:large","max-video-preview":"max-video-preview:-1"},"canonical":"https:\/\/admin.industriall-union.org\/fr\/prets-pour-le-7-octobre\/","og_locale":"fr_FR","og_type":"article","og_title":"Pr\u00eats pour le 7 octobre","og_description":"Le 7 octobre sera le point d&#039;orgue de plusieurs campagnes nationales en cours contre le travail pr\u00e9caire. Dans de nombreux pays, les affili\u00e9s vont","og_url":"https:\/\/admin.industriall-union.org\/fr\/prets-pour-le-7-octobre\/","og_site_name":"industriall-union","article_modified_time":"2025-02-07T09:57:11+00:00","twitter_card":"summary_large_image","twitter_misc":{"Est. reading time":"2 minutes"},"schema":{"@context":"https:\/\/schema.org","@graph":[{"@type":"WebPage","@id":"https:\/\/admin.industriall-union.org\/fr\/prets-pour-le-7-octobre\/","url":"https:\/\/admin.industriall-union.org\/fr\/prets-pour-le-7-octobre\/","name":"Pr\u00eats pour le 7 octobre - industriall-union","isPartOf":{"@id":"https:\/\/admin.industriall-union.org\/#website"},"datePublished":"2015-10-02T06:04:16+00:00","dateModified":"2025-02-07T09:57:11+00:00","description":"Le 7 octobre sera le point d&#039;orgue de plusieurs campagnes nationales en cours contre le travail pr\u00e9caire. Dans de nombreux pays, les affili\u00e9s vont","breadcrumb":{"@id":"https:\/\/admin.industriall-union.org\/fr\/prets-pour-le-7-octobre\/#breadcrumb"},"inLanguage":"fr-FR","potentialAction":[{"@type":"ReadAction","target":["https:\/\/admin.industriall-union.org\/fr\/prets-pour-le-7-octobre\/"]}]},{"@type":"BreadcrumbList","@id":"https:\/\/admin.industriall-union.org\/fr\/prets-pour-le-7-octobre\/#breadcrumb","itemListElement":[{"@type":"ListItem","position":1,"name":"Home","item":"https:\/\/admin.industriall-union.org\/"},{"@type":"ListItem","position":2,"name":"Articles","item":"https:\/\/admin.industriall-union.org\/article\/"},{"@type":"ListItem","position":3,"name":"Pr\u00eats pour le 7 octobre"}]},{"@type":"WebSite","@id":"https:\/\/admin.industriall-union.org\/#website","url":"https:\/\/admin.industriall-union.org\/","name":"industriall-union","description":"","potentialAction":[{"@type":"SearchAction","target":{"@type":"EntryPoint","urlTemplate":"https:\/\/admin.industriall-union.org\/?s={search_term_string}"},"query-input":{"@type":"PropertyValueSpecification","valueRequired":true,"valueName":"search_term_string"}}],"inLanguage":"fr-FR"}]}},"_links":{"self":[{"href":"https:\/\/admin.industriall-union.org\/fr\/wp-json\/wp\/v2\/article\/150996","targetHints":{"allow":["GET"]}}],"collection":[{"href":"https:\/\/admin.industriall-union.org\/fr\/wp-json\/wp\/v2\/article"}],"about":[{"href":"https:\/\/admin.industriall-union.org\/fr\/wp-json\/wp\/v2\/types\/article"}],"wp:attachment":[{"href":"https:\/\/admin.industriall-union.org\/fr\/wp-json\/wp\/v2\/media?parent=150996"}],"wp:term":[{"taxonomy":"issues","embeddable":true,"href":"https:\/\/admin.industriall-union.org\/fr\/wp-json\/wp\/v2\/issues?post=150996"},{"taxonomy":"companies","embeddable":true,"href":"https:\/\/admin.industriall-union.org\/fr\/wp-json\/wp\/v2\/companies?post=150996"},{"taxonomy":"regions","embeddable":true,"href":"https:\/\/admin.industriall-union.org\/fr\/wp-json\/wp\/v2\/regions?post=150996"},{"taxonomy":"sectors","embeddable":true,"href":"https:\/\/admin.industriall-union.org\/fr\/wp-json\/wp\/v2\/sectors?post=150996"},{"taxonomy":"article_tags","embeddable":true,"href":"https:\/\/admin.industriall-union.org\/fr\/wp-json\/wp\/v2\/article_tags?post=150996"}],"curies":[{"name":"wp","href":"https:\/\/api.w.org\/{rel}","templated":true}]}}