{"id":150876,"date":"2015-11-25T11:46:42","date_gmt":"2015-11-25T11:46:42","guid":{"rendered":"https:\/\/admin.industriall-union.org\/le-conflit-de-longue-date-au-burkina-faso-loin-d-etre-regle\/"},"modified":"2025-02-07T07:58:08","modified_gmt":"2025-02-07T07:58:08","slug":"le-conflit-de-longue-date-au-burkina-faso-loin-d-etre-regle","status":"publish","type":"article","link":"https:\/\/admin.industriall-union.org\/fr\/le-conflit-de-longue-date-au-burkina-faso-loin-d-etre-regle\/","title":{"rendered":"Le conflit de longue date au Burkina Faso loin d\u2019\u00eatre r\u00e9gl\u00e9"},"content":{"rendered":"<p>Les travailleurs en sous-traitance de la mine Nord Gold Bissa du Burkina Faso sont en conflit avec Exterhum Africa, qui a syst\u00e9matiquement refus\u00e9 d&rsquo;\u00e9couter leurs revendications.<\/p><p>Nord Gold a deux sites d&rsquo;activit\u00e9 au Burkina Faso, Sabc\u00e9 (Bissa Gold SA) et Taparco (SOMITA SA). Une hallucinante proportion de 80% de la main d&rsquo;\u0153uvre op\u00e8re sur base de contrats \u00e0 dur\u00e9e d\u00e9termin\u00e9e, sans limite de renouvellement.<\/p><p>En avril, les travailleurs ont soumis \u00e0 la direction de Bissa Gold SA un certain nombre de revendications, y compris l&rsquo;accroissement des heures d\u00e9di\u00e9es au r\u00f4le des repr\u00e9sentants syndicaux de deux \u00e0 quinze par mois, le droit d&rsquo;utiliser des t\u00e9l\u00e9phones cellulaires sur le site pendant les pauses et le temps consacr\u00e9 aux repas, la diminution des postes de douze \u00e0 huit heures, conform\u00e9ment \u00e0 la l\u00e9gislation du travail, ainsi que le versement de primes d&rsquo;heures suppl\u00e9mentaires et de prestations de jours f\u00e9ri\u00e9s.<\/p><p>Ces revendications \u00e9tant rest\u00e9es lettre morte, les travailleurs ont remis en octobre \u00e0 la direction un courrier l&rsquo;informant d&rsquo;une gr\u00e8ve pr\u00e9vue si les revendications n&rsquo;\u00e9taient pas rencontr\u00e9es. Les r\u00e9ponses ne venant toujours pas, environ 700 travailleurs ont organis\u00e9 un sit-in \u00e0 l&rsquo;issue de leur poste.<\/p><p>La direction a r\u00e9pliqu\u00e9 en emp\u00eachant \u00e0 400 travailleurs qui venaient de prendre leur poste l&rsquo;acc\u00e8s \u00e0 la nourriture, l&rsquo;eau et les toilettes. Des interventions du syndicat, le Syndicat national des travailleurs des mines et carri\u00e8res du Burkina Faso (SNTMCB) et sa centrale, la Conf\u00e9d\u00e9ration nationale des Travailleurs du Burkina (CNTB) ainsi que de figures des communaut\u00e9s locales n&rsquo;y ont rien chang\u00e9.<\/p><p>Lorsque le sit-in a pris fin quatre jours plus tard, la direction a continu\u00e9 \u00e0 intimider les travailleurs en licenciant 110 d&rsquo;entre eux par courrier. Un autre groupe de travailleurs s&rsquo;est vu refuser l&rsquo;acc\u00e8s au site et tous les travailleurs impliqu\u00e9s dans la gr\u00e8ve ont vu leurs comptes bancaires gel\u00e9s par l&rsquo;employeur.<\/p><p>IndustriALL Global Union et la CNTB ont appel\u00e9 le gouvernement \u00e0 intervenir pour \u00e9viter toute nouvelle d\u00e9t\u00e9rioration de la situation.<br \/>&nbsp;<br \/>&ldquo;Les actions, \u00e0 la fois d&rsquo;Exterhum et de Nord Gold Bissa, sont en directe contravention des conventions de l&rsquo;OIT sur la libert\u00e9 syndicale et le droit de n\u00e9gocier collectivement.<\/p><p>&ldquo;Les rumeurs vont bon train et les gens ont peur d&rsquo;\u00eatre les prochains sur la liste. Ce conflit doit prendre fin et nos travailleurs doivent retrouver leurs emplois sans repr\u00e9sailles de la part de l&rsquo;employeur,&rdquo; d\u00e9clare Augustin Blaise Hien, Secr\u00e9taire g\u00e9n\u00e9ral de la CNTB.<br \/>&nbsp;<br \/>Jyrki Raina, Secr\u00e9taire g\u00e9n\u00e9ral d&rsquo;IndustriALL, ajoute&nbsp;:<\/p><blockquote><p>Le travail pr\u00e9caire est une menace pour tous les travailleurs. \u00c0 la fois l&rsquo;employeur r\u00e9el, Nord Gold, et l&rsquo;agence d&rsquo;int\u00e9rim, Exterhum Africa, doivent prendre leurs responsabilit\u00e9s et nouer imm\u00e9diatement un dialogue avec le syndicat pour r\u00e9soudre ce conflit.<\/p><\/blockquote>","protected":false},"featured_media":0,"template":"","issues":[415,425],"companies":[],"regions":[315],"sectors":[494],"article_tags":[],"class_list":["post-150876","article","type-article","status-publish","hentry","issues-stop-precarious-work","issues-workers-rights","regions-burkina-faso","sectors-mining-and-dgojp"],"acf":[],"yoast_head":"<!-- This site is optimized with the Yoast SEO Premium plugin v27.1 (Yoast SEO v27.1) - https:\/\/yoast.com\/product\/yoast-seo-premium-wordpress\/ -->\n<title>Le conflit de longue date au Burkina Faso loin d\u2019\u00eatre r\u00e9gl\u00e9 - industriall-union<\/title>\n<meta name=\"description\" content=\"Les travailleurs en sous-traitance de la mine Nord Gold Bissa du Burkina Faso sont en conflit avec Exterhum Africa, qui a syst\u00e9matiquement refus\u00e9\" \/>\n<meta name=\"robots\" content=\"index, follow, max-snippet:-1, max-image-preview:large, max-video-preview:-1\" \/>\n<link rel=\"canonical\" href=\"https:\/\/admin.industriall-union.org\/fr\/le-conflit-de-longue-date-au-burkina-faso-loin-d-etre-regle\/\" \/>\n<meta property=\"og:locale\" content=\"fr_FR\" \/>\n<meta property=\"og:type\" content=\"article\" \/>\n<meta property=\"og:title\" content=\"Le conflit de longue date au Burkina Faso loin d\u2019\u00eatre r\u00e9gl\u00e9\" \/>\n<meta property=\"og:description\" content=\"Les travailleurs en sous-traitance de la mine Nord Gold Bissa du Burkina Faso sont en conflit avec Exterhum Africa, qui a syst\u00e9matiquement refus\u00e9\" \/>\n<meta property=\"og:url\" content=\"https:\/\/admin.industriall-union.org\/fr\/le-conflit-de-longue-date-au-burkina-faso-loin-d-etre-regle\/\" \/>\n<meta property=\"og:site_name\" content=\"industriall-union\" \/>\n<meta property=\"article:modified_time\" content=\"2025-02-07T07:58:08+00:00\" \/>\n<meta name=\"twitter:card\" content=\"summary_large_image\" \/>\n<meta name=\"twitter:label1\" content=\"Est. reading time\" \/>\n\t<meta name=\"twitter:data1\" content=\"3 minutes\" \/>\n<script type=\"application\/ld+json\" class=\"yoast-schema-graph\">{\"@context\":\"https:\/\/schema.org\",\"@graph\":[{\"@type\":\"WebPage\",\"@id\":\"https:\/\/admin.industriall-union.org\/fr\/le-conflit-de-longue-date-au-burkina-faso-loin-d-etre-regle\/\",\"url\":\"https:\/\/admin.industriall-union.org\/fr\/le-conflit-de-longue-date-au-burkina-faso-loin-d-etre-regle\/\",\"name\":\"Le conflit de longue date au Burkina Faso loin d\u2019\u00eatre r\u00e9gl\u00e9 - industriall-union\",\"isPartOf\":{\"@id\":\"https:\/\/admin.industriall-union.org\/#website\"},\"datePublished\":\"2015-11-25T11:46:42+00:00\",\"dateModified\":\"2025-02-07T07:58:08+00:00\",\"description\":\"Les travailleurs en sous-traitance de la mine Nord Gold Bissa du Burkina Faso sont en conflit avec Exterhum Africa, qui a syst\u00e9matiquement refus\u00e9\",\"breadcrumb\":{\"@id\":\"https:\/\/admin.industriall-union.org\/fr\/le-conflit-de-longue-date-au-burkina-faso-loin-d-etre-regle\/#breadcrumb\"},\"inLanguage\":\"fr-FR\",\"potentialAction\":[{\"@type\":\"ReadAction\",\"target\":[\"https:\/\/admin.industriall-union.org\/fr\/le-conflit-de-longue-date-au-burkina-faso-loin-d-etre-regle\/\"]}]},{\"@type\":\"BreadcrumbList\",\"@id\":\"https:\/\/admin.industriall-union.org\/fr\/le-conflit-de-longue-date-au-burkina-faso-loin-d-etre-regle\/#breadcrumb\",\"itemListElement\":[{\"@type\":\"ListItem\",\"position\":1,\"name\":\"Home\",\"item\":\"https:\/\/admin.industriall-union.org\/\"},{\"@type\":\"ListItem\",\"position\":2,\"name\":\"Articles\",\"item\":\"https:\/\/admin.industriall-union.org\/article\/\"},{\"@type\":\"ListItem\",\"position\":3,\"name\":\"Le conflit de longue date au Burkina Faso loin d\u2019\u00eatre r\u00e9gl\u00e9\"}]},{\"@type\":\"WebSite\",\"@id\":\"https:\/\/admin.industriall-union.org\/#website\",\"url\":\"https:\/\/admin.industriall-union.org\/\",\"name\":\"industriall-union\",\"description\":\"\",\"potentialAction\":[{\"@type\":\"SearchAction\",\"target\":{\"@type\":\"EntryPoint\",\"urlTemplate\":\"https:\/\/admin.industriall-union.org\/?s={search_term_string}\"},\"query-input\":{\"@type\":\"PropertyValueSpecification\",\"valueRequired\":true,\"valueName\":\"search_term_string\"}}],\"inLanguage\":\"fr-FR\"}]}<\/script>\n<!-- \/ Yoast SEO Premium plugin. -->","yoast_head_json":{"title":"Le conflit de longue date au Burkina Faso loin d\u2019\u00eatre r\u00e9gl\u00e9 - industriall-union","description":"Les travailleurs en sous-traitance de la mine Nord Gold Bissa du Burkina Faso sont en conflit avec Exterhum Africa, qui a syst\u00e9matiquement refus\u00e9","robots":{"index":"index","follow":"follow","max-snippet":"max-snippet:-1","max-image-preview":"max-image-preview:large","max-video-preview":"max-video-preview:-1"},"canonical":"https:\/\/admin.industriall-union.org\/fr\/le-conflit-de-longue-date-au-burkina-faso-loin-d-etre-regle\/","og_locale":"fr_FR","og_type":"article","og_title":"Le conflit de longue date au Burkina Faso loin d\u2019\u00eatre r\u00e9gl\u00e9","og_description":"Les travailleurs en sous-traitance de la mine Nord Gold Bissa du Burkina Faso sont en conflit avec Exterhum Africa, qui a syst\u00e9matiquement refus\u00e9","og_url":"https:\/\/admin.industriall-union.org\/fr\/le-conflit-de-longue-date-au-burkina-faso-loin-d-etre-regle\/","og_site_name":"industriall-union","article_modified_time":"2025-02-07T07:58:08+00:00","twitter_card":"summary_large_image","twitter_misc":{"Est. reading time":"3 minutes"},"schema":{"@context":"https:\/\/schema.org","@graph":[{"@type":"WebPage","@id":"https:\/\/admin.industriall-union.org\/fr\/le-conflit-de-longue-date-au-burkina-faso-loin-d-etre-regle\/","url":"https:\/\/admin.industriall-union.org\/fr\/le-conflit-de-longue-date-au-burkina-faso-loin-d-etre-regle\/","name":"Le conflit de longue date au Burkina Faso loin d\u2019\u00eatre r\u00e9gl\u00e9 - industriall-union","isPartOf":{"@id":"https:\/\/admin.industriall-union.org\/#website"},"datePublished":"2015-11-25T11:46:42+00:00","dateModified":"2025-02-07T07:58:08+00:00","description":"Les travailleurs en sous-traitance de la mine Nord Gold Bissa du Burkina Faso sont en conflit avec Exterhum Africa, qui a syst\u00e9matiquement refus\u00e9","breadcrumb":{"@id":"https:\/\/admin.industriall-union.org\/fr\/le-conflit-de-longue-date-au-burkina-faso-loin-d-etre-regle\/#breadcrumb"},"inLanguage":"fr-FR","potentialAction":[{"@type":"ReadAction","target":["https:\/\/admin.industriall-union.org\/fr\/le-conflit-de-longue-date-au-burkina-faso-loin-d-etre-regle\/"]}]},{"@type":"BreadcrumbList","@id":"https:\/\/admin.industriall-union.org\/fr\/le-conflit-de-longue-date-au-burkina-faso-loin-d-etre-regle\/#breadcrumb","itemListElement":[{"@type":"ListItem","position":1,"name":"Home","item":"https:\/\/admin.industriall-union.org\/"},{"@type":"ListItem","position":2,"name":"Articles","item":"https:\/\/admin.industriall-union.org\/article\/"},{"@type":"ListItem","position":3,"name":"Le conflit de longue date au Burkina Faso loin d\u2019\u00eatre r\u00e9gl\u00e9"}]},{"@type":"WebSite","@id":"https:\/\/admin.industriall-union.org\/#website","url":"https:\/\/admin.industriall-union.org\/","name":"industriall-union","description":"","potentialAction":[{"@type":"SearchAction","target":{"@type":"EntryPoint","urlTemplate":"https:\/\/admin.industriall-union.org\/?s={search_term_string}"},"query-input":{"@type":"PropertyValueSpecification","valueRequired":true,"valueName":"search_term_string"}}],"inLanguage":"fr-FR"}]}},"_links":{"self":[{"href":"https:\/\/admin.industriall-union.org\/fr\/wp-json\/wp\/v2\/article\/150876","targetHints":{"allow":["GET"]}}],"collection":[{"href":"https:\/\/admin.industriall-union.org\/fr\/wp-json\/wp\/v2\/article"}],"about":[{"href":"https:\/\/admin.industriall-union.org\/fr\/wp-json\/wp\/v2\/types\/article"}],"wp:attachment":[{"href":"https:\/\/admin.industriall-union.org\/fr\/wp-json\/wp\/v2\/media?parent=150876"}],"wp:term":[{"taxonomy":"issues","embeddable":true,"href":"https:\/\/admin.industriall-union.org\/fr\/wp-json\/wp\/v2\/issues?post=150876"},{"taxonomy":"companies","embeddable":true,"href":"https:\/\/admin.industriall-union.org\/fr\/wp-json\/wp\/v2\/companies?post=150876"},{"taxonomy":"regions","embeddable":true,"href":"https:\/\/admin.industriall-union.org\/fr\/wp-json\/wp\/v2\/regions?post=150876"},{"taxonomy":"sectors","embeddable":true,"href":"https:\/\/admin.industriall-union.org\/fr\/wp-json\/wp\/v2\/sectors?post=150876"},{"taxonomy":"article_tags","embeddable":true,"href":"https:\/\/admin.industriall-union.org\/fr\/wp-json\/wp\/v2\/article_tags?post=150876"}],"curies":[{"name":"wp","href":"https:\/\/api.w.org\/{rel}","templated":true}]}}