{"id":150873,"date":"2015-11-27T12:27:24","date_gmt":"2015-11-27T12:27:24","guid":{"rendered":"https:\/\/admin.industriall-union.org\/coordination-de-la-lutte-contre-l-emploi-precaire-au-maroc\/"},"modified":"2025-02-07T07:53:29","modified_gmt":"2025-02-07T07:53:29","slug":"coordination-de-la-lutte-contre-l-emploi-precaire-au-maroc","status":"publish","type":"article","link":"https:\/\/admin.industriall-union.org\/fr\/coordination-de-la-lutte-contre-l-emploi-precaire-au-maroc\/","title":{"rendered":"Coordination de la lutte contre l\u2019emploi pr\u00e9caire au Maroc"},"content":{"rendered":"<p>Il n&rsquo;y a pas de chiffres officiels du nombre de personnes ayant un contrat d&rsquo;emploi \u00e0 dur\u00e9e d\u00e9termin\u00e9e ou par des agences de travail temporaire au Maroc. Toutefois, les syndicats du pays signalent une augmentation de ces formes d&rsquo;emploi. Cette situation est \u00e9galement confirm\u00e9e par le r\u00e9gime de s\u00e9curit\u00e9 sociale marocain qui indique que le nombre d&rsquo;emplois temporaires b\u00e9n\u00e9ficiant de sa couverture a doubl\u00e9 entre&nbsp; 2008 et 2013.<br \/>&nbsp;<br \/>Le 17 novembre, les affili\u00e9s marocains de IndustriALL se sont r\u00e9unis \u00e0 Casablanca pour examiner la mani\u00e8re de coordonner la lutte contre l&rsquo;emploi pr\u00e9caire. Selon le code du travail actuellement en vigueur, l&rsquo;emploi temporaire devrait \u00eatre l&rsquo;exception. Mais l&rsquo;usage abusif de l&rsquo;emploi pr\u00e9caire dans le pays enfreint clairement ces dispositions, et les syndicats ont convenu de la n\u00e9cessit\u00e9 de r\u00e9unir des donn\u00e9es pour \u00eatre en mesure de d\u00e9noncer les infractions.<br \/>&nbsp;<br \/>Cette r\u00e9union a permis \u00e9galement aux affili\u00e9s d&rsquo;\u00e9changer des exp\u00e9riences avec des syndicats d&rsquo;\u00c9gypte et de Tunisie pr\u00e9sents \u00e0 la r\u00e9union, lesquels cherchent \u00e9galement \u00e0 mettre fin \u00e0 l&rsquo;emploi pr\u00e9caire.<br \/>&nbsp;<br \/>Les affili\u00e9s de IndustriALL Global union au Maroc ont entrepris une action au niveau des entreprises pour limiter le recours \u00e0 l&rsquo;emploi pr\u00e9caire et pour transformer les contrats temporaires et en contrats d&rsquo;emploi permanent.<br \/>&nbsp;<br \/>Depuis 2010, en r\u00e9ponse \u00e0 l&rsquo;augmentation de la production dans le secteur de l&rsquo;automobile au Maroc, les constructeurs automobiles et leurs fournisseurs bas\u00e9s au Maroc ont employ\u00e9 des centaines de travailleurs\/euses avec des contrats \u00e0 dur\u00e9e d\u00e9termin\u00e9e et ont eu recours \u00e0 des agences de travail temporaire.<br \/>&nbsp;<br \/>La conf\u00e9d\u00e9ration UMT (Union Marocaine du Travail) a signal\u00e9 que les repr\u00e9sentant(e)s locaux du personnel d&rsquo;un fournisseur automobile ont r\u00e9ussi, apr\u00e8s une n\u00e9gociation collective intense, \u00e0 transformer progressivement plus de 500 contrats \u00e0 dur\u00e9e d\u00e9termin\u00e9e et contrats temporaires d&rsquo;agence de placement en contrats d&rsquo;emploi permanent. Cela a permis aux travailleurs et travailleuses de b\u00e9n\u00e9ficier de l&rsquo;assurance maladie, ce qui leur \u00e9tait auparavant impossible. La plupart de ces travailleurs\/euses temporaires gagnaient seulement un salaire minimum. Le processus de n\u00e9gociation se poursuit et le syndicat pr\u00e9voit de transformer 220 autres contrats temporaires et emplois permanents.<br \/>&nbsp;<br \/>Entre 2008 et 2014, le SNTP (Syndicat National des Travailleurs de Phosphate) affili\u00e9 \u00e0 la CDT (Conf\u00e9d\u00e9ration D\u00e9mocratique du Travail) a signal\u00e9 avoir r\u00e9ussi par la n\u00e9gociation collective \u00e0 transformer les contrats de 2.400 travailleurs\/euses en sous-traitance en contrats permanents.<\/p><p>Dans une mine \u00e0 Samine appartenant au groupe Managem, le SNEM\/CDT (Syndicat National d&rsquo;\u00c9nergie et des Mines) a n\u00e9goci\u00e9 la transformation de 120 contrats \u00e0 dur\u00e9e d\u00e9termin\u00e9e de travailleurs\/euses qui avaient eu un statut temporaire pendant des ann\u00e9es.<br \/>&nbsp;<br \/>Dans la mine d&rsquo;argent de Tinghir, qui appartient \u00e9galement au groupe Managem, le m\u00eame syndicat a r\u00e9ussi par la n\u00e9gociation collective, en 2001, \u00e0 interdire la sous-traitance dans toutes les activit\u00e9s li\u00e9es \u00e0 la production.<br \/>&nbsp;<br \/>Les affili\u00e9s de IndustriALL au Maroc ont pu d\u00e9velopper des strat\u00e9gies de rechange permettant de mieux prot\u00e9ger les droits des travailleurs\/euses&nbsp; pr\u00e9caires. La FNTE\/UMT (F\u00e9d\u00e9ration Nationale de l&rsquo;\u00c9nergie) ainsi que le SNEM et le SNTP ont obtenu l&rsquo;inclusion dans les contrats commerciaux entre l&rsquo;employeur principal et les sous-traitants, de dispositions prot\u00e9geant les droits des salari\u00e9s en sous-traitance, comme le respect de la libert\u00e9 syndicale, le respect du code du travail et des normes de sant\u00e9 et de s\u00e9curit\u00e9, l&rsquo;enregistrement obligatoire des travailleurs et travailleuses au r\u00e9gime de s\u00e9curit\u00e9 sociale, ainsi que des salaires \u00e9quivalant au moins au niveau du salaire minimum national.<br \/>&nbsp;<br \/>Les syndicats pr\u00e9sents \u00e0 la r\u00e9union ont convenu de la poursuite de la lutte contre l&rsquo;emploi pr\u00e9caire, et que la question fera l&rsquo;objet d&rsquo;une discussion \u00e0 la prochaine r\u00e9union du conseil marocain de IndustriALL.<\/p><p>Kemal \u00d6zkan, secr\u00e9taire g\u00e9n\u00e9ral adjoint de IndustriALL, dit:<\/p><blockquote><p>En d\u00e9pit des efforts inlassables des employeurs pour affaiblir l&rsquo;emploi direct et permanent au Maroc, les affili\u00e9s de IndustriALL ont pu limiter l&rsquo;accroissement de l&rsquo;emploi pr\u00e9caire dans de nombreuses entreprises gr\u00e2ce \u00e0 la n\u00e9gociation collective. C&rsquo;est une r\u00e9ussite remarquable.<\/p><p>Cependant, la lutte contre l&rsquo;emploi pr\u00e9caire revient \u00e0 livrer une bataille acharn\u00e9e. Nous soutenons fermement l&rsquo;appel de nos affili\u00e9s pour une meilleure application de la l\u00e9gislation en vigueur, en restreignant l&rsquo;emploi des contrats \u00e0 dur\u00e9e d\u00e9termin\u00e9e et le recours \u00e0 des agences de travail temporaire. Nous prenons volontiers acte de leur volont\u00e9 de mieux coordonner dans l&rsquo;avenir leur combat contre l&rsquo;emploi pr\u00e9caire.<\/p><\/blockquote>","protected":false},"featured_media":0,"template":"","issues":[396,415],"companies":[],"regions":[300],"sectors":[],"article_tags":[],"class_list":["post-150873","article","type-article","status-publish","hentry","issues-building-strong-unions","issues-stop-precarious-work","regions-morocco"],"acf":[],"yoast_head":"<!-- This site is optimized with the Yoast SEO Premium plugin v27.1 (Yoast SEO v27.1) - https:\/\/yoast.com\/product\/yoast-seo-premium-wordpress\/ -->\n<title>Coordination de la lutte contre l\u2019emploi pr\u00e9caire au Maroc - industriall-union<\/title>\n<meta name=\"description\" content=\"Il n&rsquo;y a pas de chiffres officiels du nombre de personnes ayant un contrat d&rsquo;emploi \u00e0 dur\u00e9e d\u00e9termin\u00e9e ou par des agences de travail\" \/>\n<meta name=\"robots\" content=\"index, follow, max-snippet:-1, max-image-preview:large, max-video-preview:-1\" \/>\n<link rel=\"canonical\" href=\"https:\/\/admin.industriall-union.org\/fr\/coordination-de-la-lutte-contre-l-emploi-precaire-au-maroc\/\" \/>\n<meta property=\"og:locale\" content=\"fr_FR\" \/>\n<meta property=\"og:type\" content=\"article\" \/>\n<meta property=\"og:title\" content=\"Coordination de la lutte contre l\u2019emploi pr\u00e9caire au Maroc\" \/>\n<meta property=\"og:description\" content=\"Il n&rsquo;y a pas de chiffres officiels du nombre de personnes ayant un contrat d&rsquo;emploi \u00e0 dur\u00e9e d\u00e9termin\u00e9e ou par des agences de travail\" \/>\n<meta property=\"og:url\" content=\"https:\/\/admin.industriall-union.org\/fr\/coordination-de-la-lutte-contre-l-emploi-precaire-au-maroc\/\" \/>\n<meta property=\"og:site_name\" content=\"industriall-union\" \/>\n<meta property=\"article:modified_time\" content=\"2025-02-07T07:53:29+00:00\" \/>\n<meta name=\"twitter:card\" content=\"summary_large_image\" \/>\n<meta name=\"twitter:label1\" content=\"Est. reading time\" \/>\n\t<meta name=\"twitter:data1\" content=\"4 minutes\" \/>\n<script type=\"application\/ld+json\" class=\"yoast-schema-graph\">{\"@context\":\"https:\/\/schema.org\",\"@graph\":[{\"@type\":\"WebPage\",\"@id\":\"https:\/\/admin.industriall-union.org\/fr\/coordination-de-la-lutte-contre-l-emploi-precaire-au-maroc\/\",\"url\":\"https:\/\/admin.industriall-union.org\/fr\/coordination-de-la-lutte-contre-l-emploi-precaire-au-maroc\/\",\"name\":\"Coordination de la lutte contre l\u2019emploi pr\u00e9caire au Maroc - industriall-union\",\"isPartOf\":{\"@id\":\"https:\/\/admin.industriall-union.org\/#website\"},\"datePublished\":\"2015-11-27T12:27:24+00:00\",\"dateModified\":\"2025-02-07T07:53:29+00:00\",\"description\":\"Il n&rsquo;y a pas de chiffres officiels du nombre de personnes ayant un contrat d&rsquo;emploi \u00e0 dur\u00e9e d\u00e9termin\u00e9e ou par des agences de travail\",\"breadcrumb\":{\"@id\":\"https:\/\/admin.industriall-union.org\/fr\/coordination-de-la-lutte-contre-l-emploi-precaire-au-maroc\/#breadcrumb\"},\"inLanguage\":\"fr-FR\",\"potentialAction\":[{\"@type\":\"ReadAction\",\"target\":[\"https:\/\/admin.industriall-union.org\/fr\/coordination-de-la-lutte-contre-l-emploi-precaire-au-maroc\/\"]}]},{\"@type\":\"BreadcrumbList\",\"@id\":\"https:\/\/admin.industriall-union.org\/fr\/coordination-de-la-lutte-contre-l-emploi-precaire-au-maroc\/#breadcrumb\",\"itemListElement\":[{\"@type\":\"ListItem\",\"position\":1,\"name\":\"Home\",\"item\":\"https:\/\/admin.industriall-union.org\/\"},{\"@type\":\"ListItem\",\"position\":2,\"name\":\"Articles\",\"item\":\"https:\/\/admin.industriall-union.org\/article\/\"},{\"@type\":\"ListItem\",\"position\":3,\"name\":\"Coordination de la lutte contre l\u2019emploi pr\u00e9caire au Maroc\"}]},{\"@type\":\"WebSite\",\"@id\":\"https:\/\/admin.industriall-union.org\/#website\",\"url\":\"https:\/\/admin.industriall-union.org\/\",\"name\":\"industriall-union\",\"description\":\"\",\"potentialAction\":[{\"@type\":\"SearchAction\",\"target\":{\"@type\":\"EntryPoint\",\"urlTemplate\":\"https:\/\/admin.industriall-union.org\/?s={search_term_string}\"},\"query-input\":{\"@type\":\"PropertyValueSpecification\",\"valueRequired\":true,\"valueName\":\"search_term_string\"}}],\"inLanguage\":\"fr-FR\"}]}<\/script>\n<!-- \/ Yoast SEO Premium plugin. -->","yoast_head_json":{"title":"Coordination de la lutte contre l\u2019emploi pr\u00e9caire au Maroc - industriall-union","description":"Il n&rsquo;y a pas de chiffres officiels du nombre de personnes ayant un contrat d&rsquo;emploi \u00e0 dur\u00e9e d\u00e9termin\u00e9e ou par des agences de travail","robots":{"index":"index","follow":"follow","max-snippet":"max-snippet:-1","max-image-preview":"max-image-preview:large","max-video-preview":"max-video-preview:-1"},"canonical":"https:\/\/admin.industriall-union.org\/fr\/coordination-de-la-lutte-contre-l-emploi-precaire-au-maroc\/","og_locale":"fr_FR","og_type":"article","og_title":"Coordination de la lutte contre l\u2019emploi pr\u00e9caire au Maroc","og_description":"Il n&rsquo;y a pas de chiffres officiels du nombre de personnes ayant un contrat d&rsquo;emploi \u00e0 dur\u00e9e d\u00e9termin\u00e9e ou par des agences de travail","og_url":"https:\/\/admin.industriall-union.org\/fr\/coordination-de-la-lutte-contre-l-emploi-precaire-au-maroc\/","og_site_name":"industriall-union","article_modified_time":"2025-02-07T07:53:29+00:00","twitter_card":"summary_large_image","twitter_misc":{"Est. reading time":"4 minutes"},"schema":{"@context":"https:\/\/schema.org","@graph":[{"@type":"WebPage","@id":"https:\/\/admin.industriall-union.org\/fr\/coordination-de-la-lutte-contre-l-emploi-precaire-au-maroc\/","url":"https:\/\/admin.industriall-union.org\/fr\/coordination-de-la-lutte-contre-l-emploi-precaire-au-maroc\/","name":"Coordination de la lutte contre l\u2019emploi pr\u00e9caire au Maroc - industriall-union","isPartOf":{"@id":"https:\/\/admin.industriall-union.org\/#website"},"datePublished":"2015-11-27T12:27:24+00:00","dateModified":"2025-02-07T07:53:29+00:00","description":"Il n&rsquo;y a pas de chiffres officiels du nombre de personnes ayant un contrat d&rsquo;emploi \u00e0 dur\u00e9e d\u00e9termin\u00e9e ou par des agences de travail","breadcrumb":{"@id":"https:\/\/admin.industriall-union.org\/fr\/coordination-de-la-lutte-contre-l-emploi-precaire-au-maroc\/#breadcrumb"},"inLanguage":"fr-FR","potentialAction":[{"@type":"ReadAction","target":["https:\/\/admin.industriall-union.org\/fr\/coordination-de-la-lutte-contre-l-emploi-precaire-au-maroc\/"]}]},{"@type":"BreadcrumbList","@id":"https:\/\/admin.industriall-union.org\/fr\/coordination-de-la-lutte-contre-l-emploi-precaire-au-maroc\/#breadcrumb","itemListElement":[{"@type":"ListItem","position":1,"name":"Home","item":"https:\/\/admin.industriall-union.org\/"},{"@type":"ListItem","position":2,"name":"Articles","item":"https:\/\/admin.industriall-union.org\/article\/"},{"@type":"ListItem","position":3,"name":"Coordination de la lutte contre l\u2019emploi pr\u00e9caire au Maroc"}]},{"@type":"WebSite","@id":"https:\/\/admin.industriall-union.org\/#website","url":"https:\/\/admin.industriall-union.org\/","name":"industriall-union","description":"","potentialAction":[{"@type":"SearchAction","target":{"@type":"EntryPoint","urlTemplate":"https:\/\/admin.industriall-union.org\/?s={search_term_string}"},"query-input":{"@type":"PropertyValueSpecification","valueRequired":true,"valueName":"search_term_string"}}],"inLanguage":"fr-FR"}]}},"_links":{"self":[{"href":"https:\/\/admin.industriall-union.org\/fr\/wp-json\/wp\/v2\/article\/150873","targetHints":{"allow":["GET"]}}],"collection":[{"href":"https:\/\/admin.industriall-union.org\/fr\/wp-json\/wp\/v2\/article"}],"about":[{"href":"https:\/\/admin.industriall-union.org\/fr\/wp-json\/wp\/v2\/types\/article"}],"wp:attachment":[{"href":"https:\/\/admin.industriall-union.org\/fr\/wp-json\/wp\/v2\/media?parent=150873"}],"wp:term":[{"taxonomy":"issues","embeddable":true,"href":"https:\/\/admin.industriall-union.org\/fr\/wp-json\/wp\/v2\/issues?post=150873"},{"taxonomy":"companies","embeddable":true,"href":"https:\/\/admin.industriall-union.org\/fr\/wp-json\/wp\/v2\/companies?post=150873"},{"taxonomy":"regions","embeddable":true,"href":"https:\/\/admin.industriall-union.org\/fr\/wp-json\/wp\/v2\/regions?post=150873"},{"taxonomy":"sectors","embeddable":true,"href":"https:\/\/admin.industriall-union.org\/fr\/wp-json\/wp\/v2\/sectors?post=150873"},{"taxonomy":"article_tags","embeddable":true,"href":"https:\/\/admin.industriall-union.org\/fr\/wp-json\/wp\/v2\/article_tags?post=150873"}],"curies":[{"name":"wp","href":"https:\/\/api.w.org\/{rel}","templated":true}]}}