{"id":150819,"date":"2015-12-10T09:54:50","date_gmt":"2015-12-10T09:54:50","guid":{"rendered":"https:\/\/admin.industriall-union.org\/industriall-global-union-soutient-les-travailleurs-cambodgiens-avec-la-reunion-du-comite-executif-a-phnom-penh\/"},"modified":"2025-02-07T07:27:46","modified_gmt":"2025-02-07T07:27:46","slug":"industriall-global-union-soutient-les-travailleurs-cambodgiens-avec-la-reunion-du-comite-executif-a-phnom-penh","status":"publish","type":"article","link":"https:\/\/admin.industriall-union.org\/fr\/industriall-global-union-soutient-les-travailleurs-cambodgiens-avec-la-reunion-du-comite-executif-a-phnom-penh\/","title":{"rendered":"IndustriALL Global Union soutient les travailleurs cambodgiens avec la r\u00e9union du  Comit\u00e9 ex\u00e9cutif \u00e0 Phnom Penh"},"content":{"rendered":"<p>Le pr\u00e9sident Berthold Huber a ouvert le Comit\u00e9 ex\u00e9cutif avec une allocution portant sur la crise actuelle des r\u00e9fugi\u00e9s. Le pr\u00e9sident de IndustriALL a lanc\u00e9 un appel pour une solidarit\u00e9 en faveur des r\u00e9fugi\u00e9s:<\/p><p>&ldquo;Nous autres camarades, devons faire preuve de solidarit\u00e9 envers les peuples en qu\u00eate d&rsquo;une protection. Tous les peuples ont droit \u00e0 un avenir. C&rsquo;est une chose pour laquelle les syndicalistes doivent se battre. Nous devons \u00e9galement fonder une alliance des gens de bonne volont\u00e9.&rdquo;<\/p><p>Le pr\u00e9sident Huber a souhait\u00e9 la bienvenue aux invit\u00e9(e)s, notamment \u00e0 Sat Samoth, sous-secr\u00e9taire d&rsquo;\u00c9tat au minist\u00e8re cambodgien du Travail et de la Formation professionnelle, et aux repr\u00e9sentant(e)s de H&amp;M, avec lesquels IndustriALL a sign\u00e9 r\u00e9cemment un accord-cadre mondial.<\/p><p>Sat Samoth, a dit dans son allocution d&rsquo;ouverture:<\/p><p>&ldquo;L&rsquo;emploi est notre principale pr\u00e9occupation, ainsi que les conditions de travail et l&rsquo;investissement dans le pays. J&rsquo;exprime l&rsquo;espoir que cette r\u00e9union sera fructueuse pour l&rsquo;harmonisation des relations industrielles au Cambodge.&rdquo;<\/p><p><strong>Les travailleuses de la confection au Cambodge doivent gagner un salaire d\u00e9cent<\/strong><\/p><p>IndustriALL avait organis\u00e9 une table ronde pour d\u00e9battre d&rsquo;une action pour un salaire d\u00e9cent, de la n\u00e9gociation collective et de la syndicalisation au Cambodge et dans d&rsquo;autres pays asiatiques, en faisant appel \u00e0 Heng Sour, chef de cabinet au minist\u00e8re du Travail, Ken Loo, secr\u00e9taire g\u00e9n\u00e9ral de GMAC, Jonah Wigerhall, directeur national de la viabilit\u00e9 chez H&amp;M, et de repr\u00e9sentant(e)s de syndicats du Cambodge, du Myanmar et d&rsquo;Indon\u00e9sie.&nbsp;<\/p><p>Le secr\u00e9taire g\u00e9n\u00e9ral de IndustriALL, Jyrki Raina, a dit que la lutte pour la syndicalisation est men\u00e9e au niveau mondial pour le droit de se syndiquer et de n\u00e9gocier collectivement.<\/p><p>&ldquo;Ce n&rsquo;est pas toujours facile, mais les syndicats au Cambodge ont men\u00e9 activement des activit\u00e9s de syndicalisation; et selon certaines sources les effectifs dans le secteur de la confection atteignent jusqu&rsquo;\u00e0 60 pour cent.<\/p><p>&ldquo;Mais le salaire minimum au Cambodge est encore loin d&rsquo;\u00eatre un salaire d\u00e9cent, et cela est vrai pour le Bangladesh, Myanmar, le Vi\u00eat-nam et d&rsquo;autres pays de la r\u00e9gion. Et tant que ce sera le cas, notre lutte continuera &rdquo;<\/p><p>Le chef de cabinet Heng Sour a appuy\u00e9 le besoin pour les travailleuses et travailleurs d&rsquo;avoir un salaire plus \u00e9lev\u00e9, tout en ajoutant:<\/p><p>&ldquo;Le gouvernement cambodgien ne peut pas agir seul. Nous devons travailler avec les marques et les investisseurs pour s&rsquo;assurer qu&rsquo;il n&rsquo;y a pas une exploitation de main-d&rsquo;\u0153uvre bon march\u00e9 dans aucun pays asiatique.&rdquo;<\/p><p>Jonah Wigerhall, H&amp;M, a soutenu la nouvelle approche et dit que H&amp;M s&rsquo;est engag\u00e9 pour une am\u00e9lioration des salaires au niveau mondial.<\/p><p>Huit syndicats affili\u00e9s \u00e0 IndustriALL au Cambodge exhortent le gouvernement \u00e0 prendre leurs revendications en consid\u00e9ration et \u00e0 engager un dialogue.<\/p><p>Nous avons besoin d&rsquo;un salaire minimum plus \u00e9lev\u00e9; la recherche men\u00e9e par IndustriALL montre que 140 USD n&rsquo;est pas un salaire d\u00e9cent,&rdquo; a dit Rath Minea, secr\u00e9taire g\u00e9n\u00e9ral du syndicat NIFTUC affili\u00e9 \u00e0 IndustriALL. &ldquo;<\/p><p>Rath Minea a \u00e9galement parl\u00e9 des conditions de vie des travailleuses de la confection du pays, qui sont souvent extr\u00eamement rudimentaires et surpeupl\u00e9es, et o\u00f9 les tracasseries sont souvent la norme.&nbsp;<\/p><p>&ldquo;J&rsquo;esp\u00e8re que les travailleuses et travailleurs cambodgiens b\u00e9n\u00e9ficieront un jour d&rsquo;un salaire d\u00e9cent et d&rsquo;un bon niveau de vie.&rdquo;<\/p><p>Jyrki Raina a exprim\u00e9 le soutien de IndustriALL pour ses affili\u00e9s cambodgiens:<\/p><p>&ldquo;Les travailleuses de la confection au Cambodge ont formul\u00e9 des revendications et se mobilisent pour les faire aboutir. IndustriALL soutient leur combat pour un salaire d\u00e9cent et continuera de travailler avec les marques pour mettre en place un nouveau m\u00e9canisme sectoriel de n\u00e9gociation. &nbsp;Le gouvernement, les marques et leurs fournisseurs doivent tous assumer leur part de responsabilit\u00e9.&rdquo;<\/p><p><strong>Une organisation de campagnes<\/strong><\/p><p>IndustriALL m\u00e8ne plusieurs campagnes; la campagne Rio Tinto concerne le g\u00e9ant minier dont l&rsquo;histoire a \u00e9t\u00e9 marqu\u00e9e par de nombreux conflits syndicaux dans le monde entier. La campagne a pour but de cr\u00e9er un r\u00e9seau syndical fort autour de Rio Tinto, pour aider les syndicats \u00e0 recruter des travailleuses\/eurs et \u00e4 accro\u00eetre leurs effectifs.<\/p><p>Bien que des d\u00e9fis soient toujours pr\u00e9sents, la campagne rend compte de victoires de la syndicalisation en Australie, en Indon\u00e9sie et \u00e0 Madagascar, o\u00f9 environ 1.000 nouveaux membres ont \u00e9t\u00e9 recrut\u00e9s. La campagne Rio Tinto m\u00e8ne actuellement un dialogue avec des investisseurs en mettant l&rsquo;accent sur l&rsquo;emploi pr\u00e9caire et la sant\u00e9 et la s\u00e9curit\u00e9.<\/p><p>Pour bien marquer leur unit\u00e9, les syndicats d&rsquo;au moins 54 pays ont entrepris une action le 7 octobre dans le cadre de la campagne &lsquo;STOP Travail pr\u00e9caire&rsquo;. Les r\u00e9seaux syndicaux mondiaux de Rio Tinto et de LafargeHolcim ont aussi particip\u00e9 \u00e0 cette action mondiale.<\/p><p>Fernando Lopes, secr\u00e9taire g\u00e9n\u00e9ral adjoint de IndustriALL, a rendu compte au Comit\u00e9 ex\u00e9cutif de la campagne et des actions au Mexique et en Colombie, pays prioritaires. Des progr\u00e8s importants ont \u00e9t\u00e9 r\u00e9alis\u00e9s avec le gouvernement mexicain apr\u00e8s avoir fait pression pour obtenir une am\u00e9lioration de la libert\u00e9 syndicale et de la n\u00e9gociation collective.<\/p><p>R\u00e9agissant \u00e0 la pression, le gouvernement de Pe\u00f1a Nieto propose une r\u00e9forme de la l\u00e9gislation du travail, notamment la ratification de la convention 98 de l&rsquo;OIT. Les syndicats Mineros et SME, apr\u00e8s cinq de combat, ont \u00e9galement remport\u00e9 des victoires pour leurs membres. Les campagnes continuent dans des entreprises comme Honda, PKC et Bata Sandak.<\/p><p>&ldquo;IndustriALL est le syndicat du changement climatique,&rdquo; a dit Jyrki Raina quand Brian Kohler, directeur de la viabilit\u00e9 \u00e0 IndustriALL a rendu compte directement de la COP21 \u00e0 Paris.<\/p><p>&ldquo;Je suis s\u00fbr qu&rsquo;un accord sera sign\u00e9 \u00e0 la fin de la semaine: Je demande au Comit\u00e9 ex\u00e9cutif&nbsp; de soutenir une \u00e9tape vers un monde viable et d&rsquo;approuver une r\u00e9union sur la mani\u00e8re dont l&rsquo;accord aura un effet sur les secteurs couverts par IndustriALL.&rdquo;<\/p><p>Le Comit\u00e9 ex\u00e9cutif&nbsp; de IndustriALL a \u00e9valu\u00e9 ses 47 ACM actuellement en vigueur et les n\u00e9gociations en cours avec de futurs partenaires pour des ACM. Le syndicat mondial porte une attention de plus en plus grande sur l&rsquo;application des ACM et leur emploi en mati\u00e8re de syndicalisation, autour de trois th\u00e8mes politiques, la neutralit\u00e9, l&rsquo;acc\u00e8s des syndicats aux lieux de travail, et un r\u00e8glement contraignant des conflits.<\/p><p>Monika Kemperle, secr\u00e9taire g\u00e9n\u00e9rale adjointe et directrice des femmes \u00e0 IndustriALL, a rendu compte de la Conf\u00e9rence mondiale des femmes \u00e0 Vienne, Autriche, en septembre, o\u00f9 une r\u00e9solution demandant l&rsquo;adoption d&rsquo;un <a href=\"http:\/\/www.industriall-union.org\/fr\/atteindre-40-pour-cent-de-femmes-a-industriall\">taux de repr\u00e9sentation des femmes de 40 per cent <\/a>dans les structures de IndustriALL et les postes de direction a \u00e9t\u00e9 approuv\u00e9e \u00e0 l&rsquo;unanimit\u00e9.<\/p><p><strong>R\u00e9solutions d&rsquo;urgence pour une solidarit\u00e9 mondiale<\/strong><\/p><p>IndustriALL a proclam\u00e9 son engagement en faveur de tous les r\u00e9fugi\u00e9s, notamment sur les lieux de travail, lors d&rsquo;une discussion sur la r\u00e9gion du Moyen-Orient et de l&rsquo;Afrique du Nord&nbsp; (MENA).<\/p><p>Hashmeya Alsaadawe, pr\u00e9sidente du syndicat g\u00e9n\u00e9ral des travailleurs et techniciens de l&rsquo;\u00e9lectricit\u00e9 en Irak, a dit que IndustriALL se d\u00e9veloppe dans son pays en d\u00e9pit du terrorisme, du ch\u00f4mage des jeunes, de mauvaises lois et de la migration qui ont atteint des niveaux sans pr\u00e9c\u00e9dent du fait que les gens veulent \u00e9chapper \u00e0 des situations s\u00e9curitaires d\u00e9sesp\u00e9r\u00e9es. Elle a dit que cela montre bien la justesse de l&rsquo;application de politiques et de programmes en mati\u00e8re de justice sociale, sans lesquels il ne peut y avoir de paix.&nbsp;<\/p><p>Elle a rendu hommage \u00e0 IndustriALL pour \u00eatre venu en Irak et pour son travail sur la nouvelle l\u00e9gislation du travail, ainsi que pour l&rsquo;unit\u00e9 syndicale par le biais du conseil IndustriALL en Irak.<\/p><p>Mustafa Sahin, du syndicat turc des travailleurs de l&rsquo;\u00e9nergie, de l&rsquo;eau et du gaz, a dit que la crise des r\u00e9fugi\u00e9s provoque une pression vers le bas sur les salaires et une augmentation de l&rsquo;emploi pr\u00e9caire en Turquie qui a accueilli 2,5 millions de r\u00e9fugi\u00e9s. Il a dit que les r\u00e9fugi\u00e9s devraient b\u00e9n\u00e9ficier des m\u00eames droits que les travailleurs\/euses turcs et demande qu&rsquo;une d\u00e9l\u00e9gation de IndustriALL se rende dans des camps de r\u00e9fugi\u00e9s en Turquie.<\/p><p>Gianni Alioti, de l&rsquo;affili\u00e9 italien FIM-CISL, a attir\u00e9 l&rsquo;attention sur la situation des r\u00e9fugi\u00e9s qui travaillent dans des conditions proches de l&rsquo;esclavagisme dans la fabrication industrielle en Italie. Il a fait appel \u00e0 un engagement coordonn\u00e9 de tous les protagonistes &ndash; tribunaux, police, employeurs et syndicats &ndash; pour emp\u00eacher l&rsquo;exploitation.&nbsp;&nbsp;<\/p><p>Le Comit\u00e9 ex\u00e9cutif de IndustriALL se tient aux c\u00f4t\u00e9s des syndicats qui font face \u00e0 des attaques dans plusieurs pays, notamment en Finlande o\u00f9 ils subissent les attaques du gouvernement de droite. &ldquo;Si ces lois entraient en vigueur, elles paralyseraient notre syst\u00e8me de contrats et le droit des syndicats \u00e0 n\u00e9gocier&rdquo;, a dit le pr\u00e9sident du PRO, Jorma Malinen. &nbsp;<\/p><p>Le gouvernement cor\u00e9en s&rsquo;attaque aux droits syndicaux, r\u00e9prime et fait des descentes dans les bureaux de syndicats, et calomnie de fa\u00e7on scandaleuse des assembl\u00e9es pacifiques. IndustriALL exprime sa solidarit\u00e9 avec les travailleurs et travailleuses qui doivent se d\u00e9fendre.<\/p><p>Ben Richards, de Unite et de Workers Uniting, a parl\u00e9 des lois syndicales r\u00e9pressives au Royaume Uni:<\/p><p>&ldquo;Nous avons d\u00e9j\u00e0 les lois sur le droit de gr\u00e8ve parmi les plus restrictives. Mais le gouvernement n\u00e9olib\u00e9ral thatch\u00e9rien actuellement en place a pr\u00e9sent\u00e9 un projet de loi syndicale qui introduit des restrictions extr\u00eames sur le droit de gr\u00e8ve, permet \u00e0 du personnel int\u00e9rimaire \u00e0 remplacer des gr\u00e9vistes, et restreint fortement le soutien financier des syndicats au Parti travailliste, et plus encore. La solidarit\u00e9 internationale est la seule mani\u00e8re de riposter!&rdquo;<\/p><p>Le Comit\u00e9 ex\u00e9cutif&nbsp; a adopt\u00e9 plusieurs r\u00e9solutions d&rsquo;urgence:<\/p><ul><li>sur les attaques du gouvernement contre les droits syndicaux en Finlande<\/li><li>contre l&rsquo;Accord de partenariat transpacifique (TPP) sous sa forme actuelle<\/li><li>un appel pour un soutien aux syndicats en Cor\u00e9e du Sud qui luttent contre la r\u00e9pression gouvernementale<\/li><li>une d\u00e9claration contre la terreur<\/li><li>une r\u00e9solution de solidarit\u00e9 avec les travailleuses de la confection au Cambodge<\/li><li>contre Alcoa qui s&rsquo;attaque aux droits des travailleurs australiens<\/li><\/ul>","protected":false},"featured_media":0,"template":"","issues":[396,407,416,410,415,397],"companies":[],"regions":[162],"sectors":[],"article_tags":[],"class_list":["post-150819","article","type-article","status-publish","hentry","issues-building-strong-unions","issues-global-framework-agreements","issues-living-wage","issues-rio-tinto","issues-stop-precarious-work","issues-women","regions-cambodia"],"acf":[],"yoast_head":"<!-- This site is optimized with the Yoast SEO Premium plugin v27.1 (Yoast SEO v27.1) - https:\/\/yoast.com\/product\/yoast-seo-premium-wordpress\/ -->\n<title>IndustriALL Global Union soutient les travailleurs cambodgiens avec la r\u00e9union du Comit\u00e9 ex\u00e9cutif \u00e0 Phnom Penh - industriall-union<\/title>\n<meta name=\"description\" content=\"Le pr\u00e9sident Berthold Huber a ouvert le Comit\u00e9 ex\u00e9cutif avec une allocution portant sur la crise actuelle des r\u00e9fugi\u00e9s. Le pr\u00e9sident de IndustriALL a\" \/>\n<meta name=\"robots\" content=\"index, follow, max-snippet:-1, max-image-preview:large, max-video-preview:-1\" \/>\n<link rel=\"canonical\" href=\"https:\/\/admin.industriall-union.org\/fr\/industriall-global-union-soutient-les-travailleurs-cambodgiens-avec-la-reunion-du-comite-executif-a-phnom-penh\/\" \/>\n<meta property=\"og:locale\" content=\"fr_FR\" \/>\n<meta property=\"og:type\" content=\"article\" \/>\n<meta property=\"og:title\" content=\"IndustriALL Global Union soutient les travailleurs cambodgiens avec la r\u00e9union du Comit\u00e9 ex\u00e9cutif \u00e0 Phnom Penh\" \/>\n<meta property=\"og:description\" content=\"Le pr\u00e9sident Berthold Huber a ouvert le Comit\u00e9 ex\u00e9cutif avec une allocution portant sur la crise actuelle des r\u00e9fugi\u00e9s. Le pr\u00e9sident de IndustriALL a\" \/>\n<meta property=\"og:url\" content=\"https:\/\/admin.industriall-union.org\/fr\/industriall-global-union-soutient-les-travailleurs-cambodgiens-avec-la-reunion-du-comite-executif-a-phnom-penh\/\" \/>\n<meta property=\"og:site_name\" content=\"industriall-union\" \/>\n<meta property=\"article:modified_time\" content=\"2025-02-07T07:27:46+00:00\" \/>\n<meta name=\"twitter:card\" content=\"summary_large_image\" \/>\n<meta name=\"twitter:label1\" content=\"Est. reading time\" \/>\n\t<meta name=\"twitter:data1\" content=\"9 minutes\" \/>\n<script type=\"application\/ld+json\" class=\"yoast-schema-graph\">{\"@context\":\"https:\/\/schema.org\",\"@graph\":[{\"@type\":\"WebPage\",\"@id\":\"https:\/\/admin.industriall-union.org\/fr\/industriall-global-union-soutient-les-travailleurs-cambodgiens-avec-la-reunion-du-comite-executif-a-phnom-penh\/\",\"url\":\"https:\/\/admin.industriall-union.org\/fr\/industriall-global-union-soutient-les-travailleurs-cambodgiens-avec-la-reunion-du-comite-executif-a-phnom-penh\/\",\"name\":\"IndustriALL Global Union soutient les travailleurs cambodgiens avec la r\u00e9union du Comit\u00e9 ex\u00e9cutif \u00e0 Phnom Penh - industriall-union\",\"isPartOf\":{\"@id\":\"https:\/\/admin.industriall-union.org\/#website\"},\"datePublished\":\"2015-12-10T09:54:50+00:00\",\"dateModified\":\"2025-02-07T07:27:46+00:00\",\"description\":\"Le pr\u00e9sident Berthold Huber a ouvert le Comit\u00e9 ex\u00e9cutif avec une allocution portant sur la crise actuelle des r\u00e9fugi\u00e9s. Le pr\u00e9sident de IndustriALL a\",\"breadcrumb\":{\"@id\":\"https:\/\/admin.industriall-union.org\/fr\/industriall-global-union-soutient-les-travailleurs-cambodgiens-avec-la-reunion-du-comite-executif-a-phnom-penh\/#breadcrumb\"},\"inLanguage\":\"fr-FR\",\"potentialAction\":[{\"@type\":\"ReadAction\",\"target\":[\"https:\/\/admin.industriall-union.org\/fr\/industriall-global-union-soutient-les-travailleurs-cambodgiens-avec-la-reunion-du-comite-executif-a-phnom-penh\/\"]}]},{\"@type\":\"BreadcrumbList\",\"@id\":\"https:\/\/admin.industriall-union.org\/fr\/industriall-global-union-soutient-les-travailleurs-cambodgiens-avec-la-reunion-du-comite-executif-a-phnom-penh\/#breadcrumb\",\"itemListElement\":[{\"@type\":\"ListItem\",\"position\":1,\"name\":\"Home\",\"item\":\"https:\/\/admin.industriall-union.org\/\"},{\"@type\":\"ListItem\",\"position\":2,\"name\":\"Articles\",\"item\":\"https:\/\/admin.industriall-union.org\/article\/\"},{\"@type\":\"ListItem\",\"position\":3,\"name\":\"IndustriALL Global Union soutient les travailleurs cambodgiens avec la r\u00e9union du Comit\u00e9 ex\u00e9cutif \u00e0 Phnom Penh\"}]},{\"@type\":\"WebSite\",\"@id\":\"https:\/\/admin.industriall-union.org\/#website\",\"url\":\"https:\/\/admin.industriall-union.org\/\",\"name\":\"industriall-union\",\"description\":\"\",\"potentialAction\":[{\"@type\":\"SearchAction\",\"target\":{\"@type\":\"EntryPoint\",\"urlTemplate\":\"https:\/\/admin.industriall-union.org\/?s={search_term_string}\"},\"query-input\":{\"@type\":\"PropertyValueSpecification\",\"valueRequired\":true,\"valueName\":\"search_term_string\"}}],\"inLanguage\":\"fr-FR\"}]}<\/script>\n<!-- \/ Yoast SEO Premium plugin. -->","yoast_head_json":{"title":"IndustriALL Global Union soutient les travailleurs cambodgiens avec la r\u00e9union du Comit\u00e9 ex\u00e9cutif \u00e0 Phnom Penh - industriall-union","description":"Le pr\u00e9sident Berthold Huber a ouvert le Comit\u00e9 ex\u00e9cutif avec une allocution portant sur la crise actuelle des r\u00e9fugi\u00e9s. Le pr\u00e9sident de IndustriALL a","robots":{"index":"index","follow":"follow","max-snippet":"max-snippet:-1","max-image-preview":"max-image-preview:large","max-video-preview":"max-video-preview:-1"},"canonical":"https:\/\/admin.industriall-union.org\/fr\/industriall-global-union-soutient-les-travailleurs-cambodgiens-avec-la-reunion-du-comite-executif-a-phnom-penh\/","og_locale":"fr_FR","og_type":"article","og_title":"IndustriALL Global Union soutient les travailleurs cambodgiens avec la r\u00e9union du Comit\u00e9 ex\u00e9cutif \u00e0 Phnom Penh","og_description":"Le pr\u00e9sident Berthold Huber a ouvert le Comit\u00e9 ex\u00e9cutif avec une allocution portant sur la crise actuelle des r\u00e9fugi\u00e9s. Le pr\u00e9sident de IndustriALL a","og_url":"https:\/\/admin.industriall-union.org\/fr\/industriall-global-union-soutient-les-travailleurs-cambodgiens-avec-la-reunion-du-comite-executif-a-phnom-penh\/","og_site_name":"industriall-union","article_modified_time":"2025-02-07T07:27:46+00:00","twitter_card":"summary_large_image","twitter_misc":{"Est. reading time":"9 minutes"},"schema":{"@context":"https:\/\/schema.org","@graph":[{"@type":"WebPage","@id":"https:\/\/admin.industriall-union.org\/fr\/industriall-global-union-soutient-les-travailleurs-cambodgiens-avec-la-reunion-du-comite-executif-a-phnom-penh\/","url":"https:\/\/admin.industriall-union.org\/fr\/industriall-global-union-soutient-les-travailleurs-cambodgiens-avec-la-reunion-du-comite-executif-a-phnom-penh\/","name":"IndustriALL Global Union soutient les travailleurs cambodgiens avec la r\u00e9union du Comit\u00e9 ex\u00e9cutif \u00e0 Phnom Penh - industriall-union","isPartOf":{"@id":"https:\/\/admin.industriall-union.org\/#website"},"datePublished":"2015-12-10T09:54:50+00:00","dateModified":"2025-02-07T07:27:46+00:00","description":"Le pr\u00e9sident Berthold Huber a ouvert le Comit\u00e9 ex\u00e9cutif avec une allocution portant sur la crise actuelle des r\u00e9fugi\u00e9s. Le pr\u00e9sident de IndustriALL a","breadcrumb":{"@id":"https:\/\/admin.industriall-union.org\/fr\/industriall-global-union-soutient-les-travailleurs-cambodgiens-avec-la-reunion-du-comite-executif-a-phnom-penh\/#breadcrumb"},"inLanguage":"fr-FR","potentialAction":[{"@type":"ReadAction","target":["https:\/\/admin.industriall-union.org\/fr\/industriall-global-union-soutient-les-travailleurs-cambodgiens-avec-la-reunion-du-comite-executif-a-phnom-penh\/"]}]},{"@type":"BreadcrumbList","@id":"https:\/\/admin.industriall-union.org\/fr\/industriall-global-union-soutient-les-travailleurs-cambodgiens-avec-la-reunion-du-comite-executif-a-phnom-penh\/#breadcrumb","itemListElement":[{"@type":"ListItem","position":1,"name":"Home","item":"https:\/\/admin.industriall-union.org\/"},{"@type":"ListItem","position":2,"name":"Articles","item":"https:\/\/admin.industriall-union.org\/article\/"},{"@type":"ListItem","position":3,"name":"IndustriALL Global Union soutient les travailleurs cambodgiens avec la r\u00e9union du Comit\u00e9 ex\u00e9cutif \u00e0 Phnom Penh"}]},{"@type":"WebSite","@id":"https:\/\/admin.industriall-union.org\/#website","url":"https:\/\/admin.industriall-union.org\/","name":"industriall-union","description":"","potentialAction":[{"@type":"SearchAction","target":{"@type":"EntryPoint","urlTemplate":"https:\/\/admin.industriall-union.org\/?s={search_term_string}"},"query-input":{"@type":"PropertyValueSpecification","valueRequired":true,"valueName":"search_term_string"}}],"inLanguage":"fr-FR"}]}},"_links":{"self":[{"href":"https:\/\/admin.industriall-union.org\/fr\/wp-json\/wp\/v2\/article\/150819","targetHints":{"allow":["GET"]}}],"collection":[{"href":"https:\/\/admin.industriall-union.org\/fr\/wp-json\/wp\/v2\/article"}],"about":[{"href":"https:\/\/admin.industriall-union.org\/fr\/wp-json\/wp\/v2\/types\/article"}],"wp:attachment":[{"href":"https:\/\/admin.industriall-union.org\/fr\/wp-json\/wp\/v2\/media?parent=150819"}],"wp:term":[{"taxonomy":"issues","embeddable":true,"href":"https:\/\/admin.industriall-union.org\/fr\/wp-json\/wp\/v2\/issues?post=150819"},{"taxonomy":"companies","embeddable":true,"href":"https:\/\/admin.industriall-union.org\/fr\/wp-json\/wp\/v2\/companies?post=150819"},{"taxonomy":"regions","embeddable":true,"href":"https:\/\/admin.industriall-union.org\/fr\/wp-json\/wp\/v2\/regions?post=150819"},{"taxonomy":"sectors","embeddable":true,"href":"https:\/\/admin.industriall-union.org\/fr\/wp-json\/wp\/v2\/sectors?post=150819"},{"taxonomy":"article_tags","embeddable":true,"href":"https:\/\/admin.industriall-union.org\/fr\/wp-json\/wp\/v2\/article_tags?post=150819"}],"curies":[{"name":"wp","href":"https:\/\/api.w.org\/{rel}","templated":true}]}}