{"id":150818,"date":"2015-12-11T07:07:38","date_gmt":"2015-12-11T07:07:38","guid":{"rendered":"https:\/\/admin.industriall-union.org\/appel-conjoint-des-syndicats-des-caraibes-pour-une-action-gouvernementale-contre-l-emploi-temporaire\/"},"modified":"2025-02-07T07:19:11","modified_gmt":"2025-02-07T07:19:11","slug":"appel-conjoint-des-syndicats-des-caraibes-pour-une-action-gouvernementale-contre-l-emploi-temporaire","status":"publish","type":"article","link":"https:\/\/admin.industriall-union.org\/fr\/appel-conjoint-des-syndicats-des-caraibes-pour-une-action-gouvernementale-contre-l-emploi-temporaire\/","title":{"rendered":"Appel conjoint des syndicats des Cara\u00efbes pour une action gouvernementale contre l\u2019emploi temporaire"},"content":{"rendered":"<p>Les syndicats d&rsquo;Antigua-et-Barbuda, de la Barbade, de Surinam, de Sainte-Lucie et de Trinit\u00e9-et-Tobago, vont remettre une lettre de IndustriALL Global Union \u00e0 leurs gouvernements respectifs, pour exiger la tenue d&rsquo;un dialogue avec le mouvement ouvrier pour inverser le recours de plus en plus grand \u00e0 une main-d&rsquo;\u0153uvre temporaire sous contrat.<\/p><p><a name=\"_GoBack\"><\/a>L&rsquo;action fait suite aux r\u00e9v\u00e9lations faites r\u00e9cemment dans une r\u00e9union r\u00e9gionale de IndustriALL Global Union pour les Cara\u00efbes, selon lesquelles ce ne sont pas seulement les entreprises du secteur priv\u00e9 qui portent la responsabilit\u00e9 d&rsquo;une d\u00e9gradation des droits des travailleurs et travailleuses par l&rsquo;emploi fr\u00e9quent de main-d&rsquo;\u0153uvre temporaire, mais que les gouvernements de la r\u00e9gion ont \u00e9galement recours \u00e0 cette forme d&rsquo;emploi.<\/p><p>Les syndicats de la r\u00e9gion veulent attirer l&rsquo;attention sur le r\u00f4le jou\u00e9 par le secteur public et les entreprises d&rsquo;\u00c9tat dans l&rsquo;\u00e9conomie des pays des Cara\u00efbes. Un secteur public o\u00f9 le personnel est chang\u00e9 fr\u00e9quemment ne peut pas offrir un champ de d\u00e9veloppement \u00e9conomique durable. Tous ceux concern\u00e9s &ndash; travailleurs et travailleuses, chaque territoire et la r\u00e9gion dans son ensemble &ndash; b\u00e9n\u00e9ficieraient de l&rsquo;\u00e9limination du fl\u00e9au de l&rsquo;emploi temporaire sous contrat.<\/p><p>Le secr\u00e9taire g\u00e9n\u00e9ral de IndustriALL, Jyrki Raina, dit:<\/p><p>&ldquo;Par sa nature, l&rsquo;emploi temporaire compromet la s\u00e9curit\u00e9 d&rsquo;emploi des travailleurs et travailleuses en les rendant plus vuln\u00e9rables. Pas seulement sur le lieu de travail, mais \u00e9galement dans leur vie priv\u00e9e, en r\u00e9duisant le nombre d&rsquo;options pour leur d\u00e9veloppement personnel. Une plus grande s\u00e9curit\u00e9 d&rsquo;emploi pourrait entra\u00eener une plus grande motivation, qui \u00e0 son tour offrirait une main-d&rsquo;\u0153uvre plus productive, rendant possible une augmentation de la croissance et du d\u00e9veloppement.<\/p><p>&ldquo;La transition de l&rsquo;emploi temporaire au travail d\u00e9cent et \u00e0 des emplois durables ne doit \u00eatre appliqu\u00e9e unilat\u00e9ralement par les gouvernements de la r\u00e9gion, mais \u00eatre ex\u00e9cut\u00e9e lors d&rsquo;un processus de dialogue et de collaboration avec le mouvement ouvrier. Les syndicats de la r\u00e9gion attendant avec int\u00e9r\u00eat de travailler avec leurs gouvernements respectifs pour atteindre cet objectif.&rdquo;<\/p>","protected":false},"featured_media":0,"template":"","issues":[415],"companies":[],"regions":[254],"sectors":[],"article_tags":[],"class_list":["post-150818","article","type-article","status-publish","hentry","issues-stop-precarious-work","regions-latin-america-and-the-caribbean"],"acf":[],"yoast_head":"<!-- This site is optimized with the Yoast SEO Premium plugin v27.1 (Yoast SEO v27.1) - https:\/\/yoast.com\/product\/yoast-seo-premium-wordpress\/ -->\n<title>Appel conjoint des syndicats des Cara\u00efbes pour une action gouvernementale contre l\u2019emploi temporaire - industriall-union<\/title>\n<meta name=\"description\" content=\"Les syndicats d&rsquo;Antigua-et-Barbuda, de la Barbade, de Surinam, de Sainte-Lucie et de Trinit\u00e9-et-Tobago, vont remettre une lettre de IndustriALL\" \/>\n<meta name=\"robots\" content=\"index, follow, max-snippet:-1, max-image-preview:large, max-video-preview:-1\" \/>\n<link rel=\"canonical\" href=\"https:\/\/admin.industriall-union.org\/fr\/appel-conjoint-des-syndicats-des-caraibes-pour-une-action-gouvernementale-contre-l-emploi-temporaire\/\" \/>\n<meta property=\"og:locale\" content=\"fr_FR\" \/>\n<meta property=\"og:type\" content=\"article\" \/>\n<meta property=\"og:title\" content=\"Appel conjoint des syndicats des Cara\u00efbes pour une action gouvernementale contre l\u2019emploi temporaire\" \/>\n<meta property=\"og:description\" content=\"Les syndicats d&rsquo;Antigua-et-Barbuda, de la Barbade, de Surinam, de Sainte-Lucie et de Trinit\u00e9-et-Tobago, vont remettre une lettre de IndustriALL\" \/>\n<meta property=\"og:url\" content=\"https:\/\/admin.industriall-union.org\/fr\/appel-conjoint-des-syndicats-des-caraibes-pour-une-action-gouvernementale-contre-l-emploi-temporaire\/\" \/>\n<meta property=\"og:site_name\" content=\"industriall-union\" \/>\n<meta property=\"article:modified_time\" content=\"2025-02-07T07:19:11+00:00\" \/>\n<meta name=\"twitter:card\" content=\"summary_large_image\" \/>\n<meta name=\"twitter:label1\" content=\"Est. reading time\" \/>\n\t<meta name=\"twitter:data1\" content=\"2 minutes\" \/>\n<script type=\"application\/ld+json\" class=\"yoast-schema-graph\">{\"@context\":\"https:\/\/schema.org\",\"@graph\":[{\"@type\":\"WebPage\",\"@id\":\"https:\/\/admin.industriall-union.org\/fr\/appel-conjoint-des-syndicats-des-caraibes-pour-une-action-gouvernementale-contre-l-emploi-temporaire\/\",\"url\":\"https:\/\/admin.industriall-union.org\/fr\/appel-conjoint-des-syndicats-des-caraibes-pour-une-action-gouvernementale-contre-l-emploi-temporaire\/\",\"name\":\"Appel conjoint des syndicats des Cara\u00efbes pour une action gouvernementale contre l\u2019emploi temporaire - industriall-union\",\"isPartOf\":{\"@id\":\"https:\/\/admin.industriall-union.org\/#website\"},\"datePublished\":\"2015-12-11T07:07:38+00:00\",\"dateModified\":\"2025-02-07T07:19:11+00:00\",\"description\":\"Les syndicats d&rsquo;Antigua-et-Barbuda, de la Barbade, de Surinam, de Sainte-Lucie et de Trinit\u00e9-et-Tobago, vont remettre une lettre de IndustriALL\",\"breadcrumb\":{\"@id\":\"https:\/\/admin.industriall-union.org\/fr\/appel-conjoint-des-syndicats-des-caraibes-pour-une-action-gouvernementale-contre-l-emploi-temporaire\/#breadcrumb\"},\"inLanguage\":\"fr-FR\",\"potentialAction\":[{\"@type\":\"ReadAction\",\"target\":[\"https:\/\/admin.industriall-union.org\/fr\/appel-conjoint-des-syndicats-des-caraibes-pour-une-action-gouvernementale-contre-l-emploi-temporaire\/\"]}]},{\"@type\":\"BreadcrumbList\",\"@id\":\"https:\/\/admin.industriall-union.org\/fr\/appel-conjoint-des-syndicats-des-caraibes-pour-une-action-gouvernementale-contre-l-emploi-temporaire\/#breadcrumb\",\"itemListElement\":[{\"@type\":\"ListItem\",\"position\":1,\"name\":\"Home\",\"item\":\"https:\/\/admin.industriall-union.org\/\"},{\"@type\":\"ListItem\",\"position\":2,\"name\":\"Articles\",\"item\":\"https:\/\/admin.industriall-union.org\/article\/\"},{\"@type\":\"ListItem\",\"position\":3,\"name\":\"Appel conjoint des syndicats des Cara\u00efbes pour une action gouvernementale contre l\u2019emploi temporaire\"}]},{\"@type\":\"WebSite\",\"@id\":\"https:\/\/admin.industriall-union.org\/#website\",\"url\":\"https:\/\/admin.industriall-union.org\/\",\"name\":\"industriall-union\",\"description\":\"\",\"potentialAction\":[{\"@type\":\"SearchAction\",\"target\":{\"@type\":\"EntryPoint\",\"urlTemplate\":\"https:\/\/admin.industriall-union.org\/?s={search_term_string}\"},\"query-input\":{\"@type\":\"PropertyValueSpecification\",\"valueRequired\":true,\"valueName\":\"search_term_string\"}}],\"inLanguage\":\"fr-FR\"}]}<\/script>\n<!-- \/ Yoast SEO Premium plugin. -->","yoast_head_json":{"title":"Appel conjoint des syndicats des Cara\u00efbes pour une action gouvernementale contre l\u2019emploi temporaire - industriall-union","description":"Les syndicats d&rsquo;Antigua-et-Barbuda, de la Barbade, de Surinam, de Sainte-Lucie et de Trinit\u00e9-et-Tobago, vont remettre une lettre de IndustriALL","robots":{"index":"index","follow":"follow","max-snippet":"max-snippet:-1","max-image-preview":"max-image-preview:large","max-video-preview":"max-video-preview:-1"},"canonical":"https:\/\/admin.industriall-union.org\/fr\/appel-conjoint-des-syndicats-des-caraibes-pour-une-action-gouvernementale-contre-l-emploi-temporaire\/","og_locale":"fr_FR","og_type":"article","og_title":"Appel conjoint des syndicats des Cara\u00efbes pour une action gouvernementale contre l\u2019emploi temporaire","og_description":"Les syndicats d&rsquo;Antigua-et-Barbuda, de la Barbade, de Surinam, de Sainte-Lucie et de Trinit\u00e9-et-Tobago, vont remettre une lettre de IndustriALL","og_url":"https:\/\/admin.industriall-union.org\/fr\/appel-conjoint-des-syndicats-des-caraibes-pour-une-action-gouvernementale-contre-l-emploi-temporaire\/","og_site_name":"industriall-union","article_modified_time":"2025-02-07T07:19:11+00:00","twitter_card":"summary_large_image","twitter_misc":{"Est. reading time":"2 minutes"},"schema":{"@context":"https:\/\/schema.org","@graph":[{"@type":"WebPage","@id":"https:\/\/admin.industriall-union.org\/fr\/appel-conjoint-des-syndicats-des-caraibes-pour-une-action-gouvernementale-contre-l-emploi-temporaire\/","url":"https:\/\/admin.industriall-union.org\/fr\/appel-conjoint-des-syndicats-des-caraibes-pour-une-action-gouvernementale-contre-l-emploi-temporaire\/","name":"Appel conjoint des syndicats des Cara\u00efbes pour une action gouvernementale contre l\u2019emploi temporaire - industriall-union","isPartOf":{"@id":"https:\/\/admin.industriall-union.org\/#website"},"datePublished":"2015-12-11T07:07:38+00:00","dateModified":"2025-02-07T07:19:11+00:00","description":"Les syndicats d&rsquo;Antigua-et-Barbuda, de la Barbade, de Surinam, de Sainte-Lucie et de Trinit\u00e9-et-Tobago, vont remettre une lettre de IndustriALL","breadcrumb":{"@id":"https:\/\/admin.industriall-union.org\/fr\/appel-conjoint-des-syndicats-des-caraibes-pour-une-action-gouvernementale-contre-l-emploi-temporaire\/#breadcrumb"},"inLanguage":"fr-FR","potentialAction":[{"@type":"ReadAction","target":["https:\/\/admin.industriall-union.org\/fr\/appel-conjoint-des-syndicats-des-caraibes-pour-une-action-gouvernementale-contre-l-emploi-temporaire\/"]}]},{"@type":"BreadcrumbList","@id":"https:\/\/admin.industriall-union.org\/fr\/appel-conjoint-des-syndicats-des-caraibes-pour-une-action-gouvernementale-contre-l-emploi-temporaire\/#breadcrumb","itemListElement":[{"@type":"ListItem","position":1,"name":"Home","item":"https:\/\/admin.industriall-union.org\/"},{"@type":"ListItem","position":2,"name":"Articles","item":"https:\/\/admin.industriall-union.org\/article\/"},{"@type":"ListItem","position":3,"name":"Appel conjoint des syndicats des Cara\u00efbes pour une action gouvernementale contre l\u2019emploi temporaire"}]},{"@type":"WebSite","@id":"https:\/\/admin.industriall-union.org\/#website","url":"https:\/\/admin.industriall-union.org\/","name":"industriall-union","description":"","potentialAction":[{"@type":"SearchAction","target":{"@type":"EntryPoint","urlTemplate":"https:\/\/admin.industriall-union.org\/?s={search_term_string}"},"query-input":{"@type":"PropertyValueSpecification","valueRequired":true,"valueName":"search_term_string"}}],"inLanguage":"fr-FR"}]}},"_links":{"self":[{"href":"https:\/\/admin.industriall-union.org\/fr\/wp-json\/wp\/v2\/article\/150818","targetHints":{"allow":["GET"]}}],"collection":[{"href":"https:\/\/admin.industriall-union.org\/fr\/wp-json\/wp\/v2\/article"}],"about":[{"href":"https:\/\/admin.industriall-union.org\/fr\/wp-json\/wp\/v2\/types\/article"}],"wp:attachment":[{"href":"https:\/\/admin.industriall-union.org\/fr\/wp-json\/wp\/v2\/media?parent=150818"}],"wp:term":[{"taxonomy":"issues","embeddable":true,"href":"https:\/\/admin.industriall-union.org\/fr\/wp-json\/wp\/v2\/issues?post=150818"},{"taxonomy":"companies","embeddable":true,"href":"https:\/\/admin.industriall-union.org\/fr\/wp-json\/wp\/v2\/companies?post=150818"},{"taxonomy":"regions","embeddable":true,"href":"https:\/\/admin.industriall-union.org\/fr\/wp-json\/wp\/v2\/regions?post=150818"},{"taxonomy":"sectors","embeddable":true,"href":"https:\/\/admin.industriall-union.org\/fr\/wp-json\/wp\/v2\/sectors?post=150818"},{"taxonomy":"article_tags","embeddable":true,"href":"https:\/\/admin.industriall-union.org\/fr\/wp-json\/wp\/v2\/article_tags?post=150818"}],"curies":[{"name":"wp","href":"https:\/\/api.w.org\/{rel}","templated":true}]}}