{"id":150797,"date":"2016-01-07T13:28:22","date_gmt":"2016-01-07T13:28:22","guid":{"rendered":"https:\/\/admin.industriall-union.org\/industriall-condamne-la-repression-des-syndicalistes-thailandais\/"},"modified":"2025-02-07T06:44:56","modified_gmt":"2025-02-07T06:44:56","slug":"industriall-condamne-la-repression-des-syndicalistes-thailandais","status":"publish","type":"article","link":"https:\/\/admin.industriall-union.org\/fr\/industriall-condamne-la-repression-des-syndicalistes-thailandais\/","title":{"rendered":"IndustriALL condamne la r\u00e9pression des syndicalistes tha\u00eflandais"},"content":{"rendered":"<div dir=\"auto\"><p>Il s&rsquo;agissait d&rsquo;un rassemblement de 500 travailleurs et travailleuses, lock-out\u00e9s par l&rsquo;\u00e9quipementier automobile japonais en pi\u00e8ces d\u00e9tach\u00e9es, Sanko Gosei, devant le minist\u00e8re du Travail, le 6 janvier.<\/p><p>\u00c0 19 heures, trois unit\u00e9s de police et des forces arm\u00e9es ont \u00e9t\u00e9 charg\u00e9es de disperser les manifestant(e)s qui avaient l&#039;intention de passer la nuit sur place. Peu de temps apr\u00e8s, deux dirigeants syndicaux, Chalee Loysoong, vice-pr\u00e9sident du Comit\u00e9 tha\u00eflandais de solidarit\u00e9 syndicale (TLSC) et Amorndech Srimuang, pr\u00e9sident du syndicat des travailleurs de Gosei Sanko, affili\u00e9 \u00e0 IndustriALL par son appartenance \u00e0 TEAM, ont \u00e9t\u00e9 interrog\u00e9s par les autorit\u00e9s. &nbsp;<\/p><p>Pendant ce temps, leurs t\u00e9l\u00e9phones et pi\u00e8ces d&rsquo;identit\u00e9 leur ont \u00e9t\u00e9 temporairement confisqu\u00e9s, et ils ont \u00e9t\u00e9 escort\u00e9s \u00e0 tout moment, m\u00eame pour se rendre aux toilettes.&nbsp;&nbsp;<\/p><p>Les dirigeants syndicaux avaient pris part dans la journ\u00e9e \u00e0 des n\u00e9gociations de m\u00e9diation avec Sanko Gosei et le minist\u00e8re du Travail, tandis que le rassemblement avait lieu devant le b\u00e2timent.&nbsp;<\/p><p>&ldquo;Nous sommes gravement pr\u00e9occup\u00e9s par le fait que le gouvernement se serve de la loi sur les r\u00e9unions publiques pour r\u00e9duire le droit l\u00e9gitime des travailleurs et travailleuses \u00e0 se rassembler pacifiquement&rdquo;, a d\u00e9clar\u00e9 Jyrki Raina, secr\u00e9taire g\u00e9n\u00e9ral de IndustriALL. &ldquo;Cela va \u00e0 l&rsquo;encontre toutes les r\u00e8gles et normes internationales.&rdquo;<\/p><p>La loi sur les r\u00e9unions publiques pr\u00e9voit une peine pouvant aller jusqu&#039;\u00e0 dix ans d&rsquo;emprisonnement pour avoir caus\u00e9 des troubles ou une interruption des services publics.<\/p><p>&ldquo;La r\u00e9pression est particuli\u00e8rement d\u00e9cevante, compte tenu de l&rsquo;aspect positif de notre <a href=\"http:\/\/www.industriall-union.org\/fr\/le-gouvernement-thailandais-rencontre-industriall-a-la-suite-dune-plainte-de-loit\">rencontre en d\u00e9cembre<\/a>&nbsp;au cours de laquelle le secr\u00e9taire permanent du minist\u00e8re du Travail a d\u00e9clar\u00e9 que le gouvernement partageait la volont\u00e9 exprim\u00e9e par IndustriALL de prot\u00e9ger les droits des travailleurs et travailleuses&rdquo;, a ajout\u00e9 Raina.<\/p><p>En octobre 2015, IndustriALL a <a href=\"http:\/\/www.industriall-union.org\/fr\/industriall-depose-aupres-de-loit-une-plainte-contre-le-gouvernement-thailandais\">pr\u00e9sent\u00e9 une plainte officielle<\/a>&nbsp;aupr\u00e8s de l&#039;Organisation internationale du Travail contre le gouvernement tha\u00eflandais pour infraction grave aux droits syndicaux.<\/p><p>Plus de 600 travailleurs et travailleuses de Sanko Gosei, tous membres du syndicat, ont \u00e9t\u00e9 lock-out\u00e9s apr\u00e8s l&rsquo;\u00e9chec des n\u00e9gociations sur une nouvelle convention collective et sur des primes. L&#039;entreprise affirme que c&rsquo;est peu rentable. Dans le m\u00eame temps, du personnel occasionnel a \u00e9t\u00e9 engag\u00e9 pour remplacer les travailleurs et travailleuses lock-out\u00e9s.<\/p><p>Le syndicat des travailleurs de Sanko Gosei accuse l&rsquo;entreprise de se servir du conflit pour briser le syndicat et remplacer le personnel permanent par des sous-traitants.&nbsp;<\/p><p>Le ministre du Travail, le g\u00e9n\u00e9ral Sirichai Distakul, aurait promis d&#039;assister \u00e0 la prochaine r\u00e9union de m\u00e9diation entre le syndicat et l&rsquo;entreprise.<\/p><p>Pour tout renseignement compl\u00e9mentaire, contacter: Leonie Guguen, Communications, IndustriALL Global Union &#8211;&nbsp;<a href=\"mailto:lguguen@industriall-union.org\">lguguen@industriall-union.org<\/a>&nbsp;ou t\u00e9l: +4179 137 5436.&nbsp;<\/p><\/div>","protected":false},"featured_media":0,"template":"","issues":[422,423],"companies":[],"regions":[191],"sectors":[482],"article_tags":[521],"class_list":["post-150797","article","type-article","status-publish","hentry","issues-human-trade-union-rights","issues-ilo-watch","regions-thailand","sectors-automotive","article_tags-press-release"],"acf":[],"yoast_head":"<!-- This site is optimized with the Yoast SEO Premium plugin v27.1 (Yoast SEO v27.1) - https:\/\/yoast.com\/product\/yoast-seo-premium-wordpress\/ -->\n<title>IndustriALL condamne la r\u00e9pression des syndicalistes tha\u00eflandais - industriall-union<\/title>\n<meta name=\"description\" content=\"Il s&rsquo;agissait d&rsquo;un rassemblement de 500 travailleurs et travailleuses, lock-out\u00e9s par l&rsquo;\u00e9quipementier automobile japonais en pi\u00e8ces\" \/>\n<meta name=\"robots\" content=\"index, follow, max-snippet:-1, max-image-preview:large, max-video-preview:-1\" \/>\n<link rel=\"canonical\" href=\"https:\/\/admin.industriall-union.org\/fr\/industriall-condamne-la-repression-des-syndicalistes-thailandais\/\" \/>\n<meta property=\"og:locale\" content=\"fr_FR\" \/>\n<meta property=\"og:type\" content=\"article\" \/>\n<meta property=\"og:title\" content=\"IndustriALL condamne la r\u00e9pression des syndicalistes tha\u00eflandais\" \/>\n<meta property=\"og:description\" content=\"Il s&rsquo;agissait d&rsquo;un rassemblement de 500 travailleurs et travailleuses, lock-out\u00e9s par l&rsquo;\u00e9quipementier automobile japonais en pi\u00e8ces\" \/>\n<meta property=\"og:url\" content=\"https:\/\/admin.industriall-union.org\/fr\/industriall-condamne-la-repression-des-syndicalistes-thailandais\/\" \/>\n<meta property=\"og:site_name\" content=\"industriall-union\" \/>\n<meta property=\"article:modified_time\" content=\"2025-02-07T06:44:56+00:00\" \/>\n<meta name=\"twitter:card\" content=\"summary_large_image\" \/>\n<meta name=\"twitter:label1\" content=\"Est. reading time\" \/>\n\t<meta name=\"twitter:data1\" content=\"3 minutes\" \/>\n<script type=\"application\/ld+json\" class=\"yoast-schema-graph\">{\"@context\":\"https:\/\/schema.org\",\"@graph\":[{\"@type\":\"WebPage\",\"@id\":\"https:\/\/admin.industriall-union.org\/fr\/industriall-condamne-la-repression-des-syndicalistes-thailandais\/\",\"url\":\"https:\/\/admin.industriall-union.org\/fr\/industriall-condamne-la-repression-des-syndicalistes-thailandais\/\",\"name\":\"IndustriALL condamne la r\u00e9pression des syndicalistes tha\u00eflandais - industriall-union\",\"isPartOf\":{\"@id\":\"https:\/\/admin.industriall-union.org\/#website\"},\"datePublished\":\"2016-01-07T13:28:22+00:00\",\"dateModified\":\"2025-02-07T06:44:56+00:00\",\"description\":\"Il s&rsquo;agissait d&rsquo;un rassemblement de 500 travailleurs et travailleuses, lock-out\u00e9s par l&rsquo;\u00e9quipementier automobile japonais en pi\u00e8ces\",\"breadcrumb\":{\"@id\":\"https:\/\/admin.industriall-union.org\/fr\/industriall-condamne-la-repression-des-syndicalistes-thailandais\/#breadcrumb\"},\"inLanguage\":\"fr-FR\",\"potentialAction\":[{\"@type\":\"ReadAction\",\"target\":[\"https:\/\/admin.industriall-union.org\/fr\/industriall-condamne-la-repression-des-syndicalistes-thailandais\/\"]}]},{\"@type\":\"BreadcrumbList\",\"@id\":\"https:\/\/admin.industriall-union.org\/fr\/industriall-condamne-la-repression-des-syndicalistes-thailandais\/#breadcrumb\",\"itemListElement\":[{\"@type\":\"ListItem\",\"position\":1,\"name\":\"Home\",\"item\":\"https:\/\/admin.industriall-union.org\/\"},{\"@type\":\"ListItem\",\"position\":2,\"name\":\"Articles\",\"item\":\"https:\/\/admin.industriall-union.org\/article\/\"},{\"@type\":\"ListItem\",\"position\":3,\"name\":\"IndustriALL condamne la r\u00e9pression des syndicalistes tha\u00eflandais\"}]},{\"@type\":\"WebSite\",\"@id\":\"https:\/\/admin.industriall-union.org\/#website\",\"url\":\"https:\/\/admin.industriall-union.org\/\",\"name\":\"industriall-union\",\"description\":\"\",\"potentialAction\":[{\"@type\":\"SearchAction\",\"target\":{\"@type\":\"EntryPoint\",\"urlTemplate\":\"https:\/\/admin.industriall-union.org\/?s={search_term_string}\"},\"query-input\":{\"@type\":\"PropertyValueSpecification\",\"valueRequired\":true,\"valueName\":\"search_term_string\"}}],\"inLanguage\":\"fr-FR\"}]}<\/script>\n<!-- \/ Yoast SEO Premium plugin. -->","yoast_head_json":{"title":"IndustriALL condamne la r\u00e9pression des syndicalistes tha\u00eflandais - industriall-union","description":"Il s&rsquo;agissait d&rsquo;un rassemblement de 500 travailleurs et travailleuses, lock-out\u00e9s par l&rsquo;\u00e9quipementier automobile japonais en pi\u00e8ces","robots":{"index":"index","follow":"follow","max-snippet":"max-snippet:-1","max-image-preview":"max-image-preview:large","max-video-preview":"max-video-preview:-1"},"canonical":"https:\/\/admin.industriall-union.org\/fr\/industriall-condamne-la-repression-des-syndicalistes-thailandais\/","og_locale":"fr_FR","og_type":"article","og_title":"IndustriALL condamne la r\u00e9pression des syndicalistes tha\u00eflandais","og_description":"Il s&rsquo;agissait d&rsquo;un rassemblement de 500 travailleurs et travailleuses, lock-out\u00e9s par l&rsquo;\u00e9quipementier automobile japonais en pi\u00e8ces","og_url":"https:\/\/admin.industriall-union.org\/fr\/industriall-condamne-la-repression-des-syndicalistes-thailandais\/","og_site_name":"industriall-union","article_modified_time":"2025-02-07T06:44:56+00:00","twitter_card":"summary_large_image","twitter_misc":{"Est. reading time":"3 minutes"},"schema":{"@context":"https:\/\/schema.org","@graph":[{"@type":"WebPage","@id":"https:\/\/admin.industriall-union.org\/fr\/industriall-condamne-la-repression-des-syndicalistes-thailandais\/","url":"https:\/\/admin.industriall-union.org\/fr\/industriall-condamne-la-repression-des-syndicalistes-thailandais\/","name":"IndustriALL condamne la r\u00e9pression des syndicalistes tha\u00eflandais - industriall-union","isPartOf":{"@id":"https:\/\/admin.industriall-union.org\/#website"},"datePublished":"2016-01-07T13:28:22+00:00","dateModified":"2025-02-07T06:44:56+00:00","description":"Il s&rsquo;agissait d&rsquo;un rassemblement de 500 travailleurs et travailleuses, lock-out\u00e9s par l&rsquo;\u00e9quipementier automobile japonais en pi\u00e8ces","breadcrumb":{"@id":"https:\/\/admin.industriall-union.org\/fr\/industriall-condamne-la-repression-des-syndicalistes-thailandais\/#breadcrumb"},"inLanguage":"fr-FR","potentialAction":[{"@type":"ReadAction","target":["https:\/\/admin.industriall-union.org\/fr\/industriall-condamne-la-repression-des-syndicalistes-thailandais\/"]}]},{"@type":"BreadcrumbList","@id":"https:\/\/admin.industriall-union.org\/fr\/industriall-condamne-la-repression-des-syndicalistes-thailandais\/#breadcrumb","itemListElement":[{"@type":"ListItem","position":1,"name":"Home","item":"https:\/\/admin.industriall-union.org\/"},{"@type":"ListItem","position":2,"name":"Articles","item":"https:\/\/admin.industriall-union.org\/article\/"},{"@type":"ListItem","position":3,"name":"IndustriALL condamne la r\u00e9pression des syndicalistes tha\u00eflandais"}]},{"@type":"WebSite","@id":"https:\/\/admin.industriall-union.org\/#website","url":"https:\/\/admin.industriall-union.org\/","name":"industriall-union","description":"","potentialAction":[{"@type":"SearchAction","target":{"@type":"EntryPoint","urlTemplate":"https:\/\/admin.industriall-union.org\/?s={search_term_string}"},"query-input":{"@type":"PropertyValueSpecification","valueRequired":true,"valueName":"search_term_string"}}],"inLanguage":"fr-FR"}]}},"_links":{"self":[{"href":"https:\/\/admin.industriall-union.org\/fr\/wp-json\/wp\/v2\/article\/150797","targetHints":{"allow":["GET"]}}],"collection":[{"href":"https:\/\/admin.industriall-union.org\/fr\/wp-json\/wp\/v2\/article"}],"about":[{"href":"https:\/\/admin.industriall-union.org\/fr\/wp-json\/wp\/v2\/types\/article"}],"wp:attachment":[{"href":"https:\/\/admin.industriall-union.org\/fr\/wp-json\/wp\/v2\/media?parent=150797"}],"wp:term":[{"taxonomy":"issues","embeddable":true,"href":"https:\/\/admin.industriall-union.org\/fr\/wp-json\/wp\/v2\/issues?post=150797"},{"taxonomy":"companies","embeddable":true,"href":"https:\/\/admin.industriall-union.org\/fr\/wp-json\/wp\/v2\/companies?post=150797"},{"taxonomy":"regions","embeddable":true,"href":"https:\/\/admin.industriall-union.org\/fr\/wp-json\/wp\/v2\/regions?post=150797"},{"taxonomy":"sectors","embeddable":true,"href":"https:\/\/admin.industriall-union.org\/fr\/wp-json\/wp\/v2\/sectors?post=150797"},{"taxonomy":"article_tags","embeddable":true,"href":"https:\/\/admin.industriall-union.org\/fr\/wp-json\/wp\/v2\/article_tags?post=150797"}],"curies":[{"name":"wp","href":"https:\/\/api.w.org\/{rel}","templated":true}]}}