{"id":150769,"date":"2016-01-27T17:39:54","date_gmt":"2016-01-27T17:39:54","guid":{"rendered":"https:\/\/admin.industriall-union.org\/kirghizstan-victoire-des-mineurs-d-or\/"},"modified":"2025-02-07T06:28:14","modified_gmt":"2025-02-07T06:28:14","slug":"kirghizstan-victoire-des-mineurs-d-or","status":"publish","type":"article","link":"https:\/\/admin.industriall-union.org\/fr\/kirghizstan-victoire-des-mineurs-d-or\/","title":{"rendered":"Kirghizstan: victoire des mineurs d\u2019or"},"content":{"rendered":"<p>Environ 200 mineurs d&rsquo;or se sont mis en gr\u00e8ve le 21 janvier apr\u00e8s \u00eatre rest\u00e9s cinq jours sans r\u00e9ponse aux revendications adress\u00e9es par lettre \u00e0 la direction de l&rsquo;entreprise charg\u00e9e de l&rsquo;extraction mini\u00e8re, Vertex Gold.<\/p><p>Les revendications des mineurs portaient sur une r\u00e9vision des plans de production excessifs, l&rsquo;augmentation de 20 pour cent de leur salaire, et un suppl\u00e9ment de r\u00e9mun\u00e9ration pour les heures suppl\u00e9mentaires, le travail de nuit et pendant les jours de cong\u00e9, du fait que ces paiements n&rsquo;ont jamais \u00e9t\u00e9 vers\u00e9s aux mineurs, en infraction \u00e0 la l\u00e9gislation du Kirghizstan.<\/p><p>Le salaire moyen \u00e0 la mine d&rsquo;or de Zhamgyr, situ\u00e9e \u00e0 3.300 m\u00e8tres d&rsquo;altitude, est d&rsquo;environ 19.000&nbsp;KGS (250 USD), et il n&rsquo;a pas \u00e9t\u00e9 augment\u00e9 ni index\u00e9 depuis 2013.<\/p><p>Le 23 janvier, les mineurs et le syndicat des mineurs et des m\u00e9tallurgistes du Kirghizstan (MMTUK) affili\u00e9 \u00e0 IndustriALL Global Union, ont r\u00e9ussi \u00e0 n\u00e9gocier une hausse salariale de 15 pour cent avec la direction. En outre, 5 pour cent suppl\u00e9mentaires pourraient s&rsquo;ajouter \u00e0 cette somme apr\u00e8s consultation avec l&rsquo;investisseur. L&rsquo;activit\u00e9 a repris le jour m\u00eame \u00e0 la mine d&rsquo;or.<\/p><p>La direction a \u00e9galement consenti \u00e0 verser un suppl\u00e9ment salarial dans le cas o\u00f9 les mineurs augmenteraient la production, et promis de r\u00e9soudre d&rsquo;ici un mois toutes les questions en suspens, notamment la fourniture d&rsquo;\u00e9quipement de protection individuelle appropri\u00e9, ainsi que de meilleures conditions de travail.<\/p><p>L&rsquo;autre syndicat \u00e0 la mine, qui est contr\u00f4l\u00e9 par la direction, n&rsquo;a pas r\u00e9ussi \u00e0 assurer la protection des droits des travailleurs et travailleuses, ce qui a conduit 85 membres d&rsquo;une \u00e9quipe de mineurs \u00e0 demander son adh\u00e9sion au MMTUK le 19 janvier. On s&rsquo;attend \u00e0 ce que les mineurs d&rsquo;une autre \u00e9quipe fassent de m\u00eame.<\/p><p>Le secr\u00e9taire g\u00e9n\u00e9ral adjoint de IndustriALL, Kemal \u00d6zkan, a d\u00e9clar\u00e9:&nbsp;<\/p><blockquote><p>&ldquo;IndustriALL f\u00e9licite les mineurs de Zhamgyr de leur victoire. Nous nous f\u00e9licitons \u00e9galement de la d\u00e9cision prise librement par les mineurs de rejoindre le syndicat des mineurs et des m\u00e9tallurgistes du Kirghizstan, affili\u00e9 \u00e0 IndustriALL. C&rsquo;est une bonne d\u00e9cision tant pour la main-d&rsquo;\u0153uvre que pour l&rsquo;entreprise, car un bon syndicat actif est \u00e0 m\u00eame de garantir le bien-\u00eatre des travailleurs et travailleuses, une solide relation industrielle et le succ\u00e8s de l&rsquo;entreprise.&rdquo;<\/p><\/blockquote>","protected":false},"featured_media":0,"template":"","issues":[],"companies":[],"regions":[],"sectors":[],"article_tags":[],"class_list":["post-150769","article","type-article","status-publish","hentry"],"acf":[],"yoast_head":"<!-- This site is optimized with the Yoast SEO Premium plugin v27.1 (Yoast SEO v27.1) - https:\/\/yoast.com\/product\/yoast-seo-premium-wordpress\/ -->\n<title>Kirghizstan: victoire des mineurs d\u2019or - industriall-union<\/title>\n<meta name=\"description\" content=\"Environ 200 mineurs d&rsquo;or se sont mis en gr\u00e8ve le 21 janvier apr\u00e8s \u00eatre rest\u00e9s cinq jours sans r\u00e9ponse aux revendications adress\u00e9es par lettre \u00e0 la\" \/>\n<meta name=\"robots\" content=\"index, follow, max-snippet:-1, max-image-preview:large, max-video-preview:-1\" \/>\n<link rel=\"canonical\" href=\"https:\/\/admin.industriall-union.org\/fr\/kirghizstan-victoire-des-mineurs-d-or\/\" \/>\n<meta property=\"og:locale\" content=\"fr_FR\" \/>\n<meta property=\"og:type\" content=\"article\" \/>\n<meta property=\"og:title\" content=\"Kirghizstan: victoire des mineurs d\u2019or\" \/>\n<meta property=\"og:description\" content=\"Environ 200 mineurs d&rsquo;or se sont mis en gr\u00e8ve le 21 janvier apr\u00e8s \u00eatre rest\u00e9s cinq jours sans r\u00e9ponse aux revendications adress\u00e9es par lettre \u00e0 la\" \/>\n<meta property=\"og:url\" content=\"https:\/\/admin.industriall-union.org\/fr\/kirghizstan-victoire-des-mineurs-d-or\/\" \/>\n<meta property=\"og:site_name\" content=\"industriall-union\" \/>\n<meta property=\"article:modified_time\" content=\"2025-02-07T06:28:14+00:00\" \/>\n<meta name=\"twitter:card\" content=\"summary_large_image\" \/>\n<meta name=\"twitter:label1\" content=\"Est. reading time\" \/>\n\t<meta name=\"twitter:data1\" content=\"2 minutes\" \/>\n<script type=\"application\/ld+json\" class=\"yoast-schema-graph\">{\"@context\":\"https:\/\/schema.org\",\"@graph\":[{\"@type\":\"WebPage\",\"@id\":\"https:\/\/admin.industriall-union.org\/fr\/kirghizstan-victoire-des-mineurs-d-or\/\",\"url\":\"https:\/\/admin.industriall-union.org\/fr\/kirghizstan-victoire-des-mineurs-d-or\/\",\"name\":\"Kirghizstan: victoire des mineurs d\u2019or - industriall-union\",\"isPartOf\":{\"@id\":\"https:\/\/admin.industriall-union.org\/ru\/#website\"},\"datePublished\":\"2016-01-27T17:39:54+00:00\",\"dateModified\":\"2025-02-07T06:28:14+00:00\",\"description\":\"Environ 200 mineurs d&rsquo;or se sont mis en gr\u00e8ve le 21 janvier apr\u00e8s \u00eatre rest\u00e9s cinq jours sans r\u00e9ponse aux revendications adress\u00e9es par lettre \u00e0 la\",\"breadcrumb\":{\"@id\":\"https:\/\/admin.industriall-union.org\/fr\/kirghizstan-victoire-des-mineurs-d-or\/#breadcrumb\"},\"inLanguage\":\"fr-FR\",\"potentialAction\":[{\"@type\":\"ReadAction\",\"target\":[\"https:\/\/admin.industriall-union.org\/fr\/kirghizstan-victoire-des-mineurs-d-or\/\"]}]},{\"@type\":\"BreadcrumbList\",\"@id\":\"https:\/\/admin.industriall-union.org\/fr\/kirghizstan-victoire-des-mineurs-d-or\/#breadcrumb\",\"itemListElement\":[{\"@type\":\"ListItem\",\"position\":1,\"name\":\"Home\",\"item\":\"https:\/\/admin.industriall-union.org\/ru\/\"},{\"@type\":\"ListItem\",\"position\":2,\"name\":\"Articles\",\"item\":\"https:\/\/admin.industriall-union.org\/ru\/article\/\"},{\"@type\":\"ListItem\",\"position\":3,\"name\":\"Kirghizstan: victoire des mineurs d\u2019or\"}]},{\"@type\":\"WebSite\",\"@id\":\"https:\/\/admin.industriall-union.org\/ru\/#website\",\"url\":\"https:\/\/admin.industriall-union.org\/ru\/\",\"name\":\"industriall-union\",\"description\":\"\",\"potentialAction\":[{\"@type\":\"SearchAction\",\"target\":{\"@type\":\"EntryPoint\",\"urlTemplate\":\"https:\/\/admin.industriall-union.org\/ru\/?s={search_term_string}\"},\"query-input\":{\"@type\":\"PropertyValueSpecification\",\"valueRequired\":true,\"valueName\":\"search_term_string\"}}],\"inLanguage\":\"fr-FR\"}]}<\/script>\n<!-- \/ Yoast SEO Premium plugin. -->","yoast_head_json":{"title":"Kirghizstan: victoire des mineurs d\u2019or - industriall-union","description":"Environ 200 mineurs d&rsquo;or se sont mis en gr\u00e8ve le 21 janvier apr\u00e8s \u00eatre rest\u00e9s cinq jours sans r\u00e9ponse aux revendications adress\u00e9es par lettre \u00e0 la","robots":{"index":"index","follow":"follow","max-snippet":"max-snippet:-1","max-image-preview":"max-image-preview:large","max-video-preview":"max-video-preview:-1"},"canonical":"https:\/\/admin.industriall-union.org\/fr\/kirghizstan-victoire-des-mineurs-d-or\/","og_locale":"fr_FR","og_type":"article","og_title":"Kirghizstan: victoire des mineurs d\u2019or","og_description":"Environ 200 mineurs d&rsquo;or se sont mis en gr\u00e8ve le 21 janvier apr\u00e8s \u00eatre rest\u00e9s cinq jours sans r\u00e9ponse aux revendications adress\u00e9es par lettre \u00e0 la","og_url":"https:\/\/admin.industriall-union.org\/fr\/kirghizstan-victoire-des-mineurs-d-or\/","og_site_name":"industriall-union","article_modified_time":"2025-02-07T06:28:14+00:00","twitter_card":"summary_large_image","twitter_misc":{"Est. reading time":"2 minutes"},"schema":{"@context":"https:\/\/schema.org","@graph":[{"@type":"WebPage","@id":"https:\/\/admin.industriall-union.org\/fr\/kirghizstan-victoire-des-mineurs-d-or\/","url":"https:\/\/admin.industriall-union.org\/fr\/kirghizstan-victoire-des-mineurs-d-or\/","name":"Kirghizstan: victoire des mineurs d\u2019or - industriall-union","isPartOf":{"@id":"https:\/\/admin.industriall-union.org\/ru\/#website"},"datePublished":"2016-01-27T17:39:54+00:00","dateModified":"2025-02-07T06:28:14+00:00","description":"Environ 200 mineurs d&rsquo;or se sont mis en gr\u00e8ve le 21 janvier apr\u00e8s \u00eatre rest\u00e9s cinq jours sans r\u00e9ponse aux revendications adress\u00e9es par lettre \u00e0 la","breadcrumb":{"@id":"https:\/\/admin.industriall-union.org\/fr\/kirghizstan-victoire-des-mineurs-d-or\/#breadcrumb"},"inLanguage":"fr-FR","potentialAction":[{"@type":"ReadAction","target":["https:\/\/admin.industriall-union.org\/fr\/kirghizstan-victoire-des-mineurs-d-or\/"]}]},{"@type":"BreadcrumbList","@id":"https:\/\/admin.industriall-union.org\/fr\/kirghizstan-victoire-des-mineurs-d-or\/#breadcrumb","itemListElement":[{"@type":"ListItem","position":1,"name":"Home","item":"https:\/\/admin.industriall-union.org\/ru\/"},{"@type":"ListItem","position":2,"name":"Articles","item":"https:\/\/admin.industriall-union.org\/ru\/article\/"},{"@type":"ListItem","position":3,"name":"Kirghizstan: victoire des mineurs d\u2019or"}]},{"@type":"WebSite","@id":"https:\/\/admin.industriall-union.org\/ru\/#website","url":"https:\/\/admin.industriall-union.org\/ru\/","name":"industriall-union","description":"","potentialAction":[{"@type":"SearchAction","target":{"@type":"EntryPoint","urlTemplate":"https:\/\/admin.industriall-union.org\/ru\/?s={search_term_string}"},"query-input":{"@type":"PropertyValueSpecification","valueRequired":true,"valueName":"search_term_string"}}],"inLanguage":"fr-FR"}]}},"_links":{"self":[{"href":"https:\/\/admin.industriall-union.org\/fr\/wp-json\/wp\/v2\/article\/150769","targetHints":{"allow":["GET"]}}],"collection":[{"href":"https:\/\/admin.industriall-union.org\/fr\/wp-json\/wp\/v2\/article"}],"about":[{"href":"https:\/\/admin.industriall-union.org\/fr\/wp-json\/wp\/v2\/types\/article"}],"wp:attachment":[{"href":"https:\/\/admin.industriall-union.org\/fr\/wp-json\/wp\/v2\/media?parent=150769"}],"wp:term":[{"taxonomy":"issues","embeddable":true,"href":"https:\/\/admin.industriall-union.org\/fr\/wp-json\/wp\/v2\/issues?post=150769"},{"taxonomy":"companies","embeddable":true,"href":"https:\/\/admin.industriall-union.org\/fr\/wp-json\/wp\/v2\/companies?post=150769"},{"taxonomy":"regions","embeddable":true,"href":"https:\/\/admin.industriall-union.org\/fr\/wp-json\/wp\/v2\/regions?post=150769"},{"taxonomy":"sectors","embeddable":true,"href":"https:\/\/admin.industriall-union.org\/fr\/wp-json\/wp\/v2\/sectors?post=150769"},{"taxonomy":"article_tags","embeddable":true,"href":"https:\/\/admin.industriall-union.org\/fr\/wp-json\/wp\/v2\/article_tags?post=150769"}],"curies":[{"name":"wp","href":"https:\/\/api.w.org\/{rel}","templated":true}]}}