{"id":150752,"date":"2016-02-01T09:25:52","date_gmt":"2016-02-01T09:25:52","guid":{"rendered":"https:\/\/admin.industriall-union.org\/luttes-syndicales-pour-le-renforcement-du-travail-decent-chez-rio-tinto\/"},"modified":"2025-02-07T06:18:29","modified_gmt":"2025-02-07T06:18:29","slug":"luttes-syndicales-pour-le-renforcement-du-travail-decent-chez-rio-tinto","status":"publish","type":"article","link":"https:\/\/admin.industriall-union.org\/fr\/luttes-syndicales-pour-le-renforcement-du-travail-decent-chez-rio-tinto\/","title":{"rendered":"Luttes syndicales pour le renforcement du travail d\u00e9cent chez Rio Tinto"},"content":{"rendered":"<p>En Namibie, la direction de la mine d&rsquo;uranium Rio Tinto R\u00f6ssing, a finalement rencontr\u00e9&nbsp; le syndicat des mineurs de Namibie (MUN), le 28 janvier, pr\u00e8s de quatre mois apr\u00e8s <a href=\"http:\/\/www.industriall-union.org\/fr\/une-greve-des-gardiens-attire-lattention-sur-un-probleme-mondial-chez-rio-tinto\" target=\"_blank\">le rassemblement des travailleurs et travailleuses et leur demande de dialogue<\/a> pour mettre fin \u00e0 l&rsquo;exploitation du personnel en sous-traitance. Les personnes employ\u00e9es en sous-traitance ont des salaires qui ne sont que le septi\u00e8me du salaire vers\u00e9 au personnel r\u00e9gulier, ce qui les forcent \u00e0 travailler plus longtemps avec moins de s\u00e9curit\u00e9 au travail, ainsi que des brimades \u00e0 l&rsquo;encontre des membres du syndicat.<\/p><p>&ldquo;Rio Tinto dit que la libert\u00e9 syndicale est l&rsquo;une de ses priorit\u00e9s en mati\u00e8re de droits de la personne,&rdquo; a d\u00e9clar\u00e9 le secr\u00e9taire g\u00e9n\u00e9ral adjoint de IndustriALL, Kemal \u00d6zkan. &ldquo;L&rsquo;entreprise doit donc assumer sa responsabilit\u00e9 pour son personnel namibien employ\u00e9 en sous-traitance qui se voit refuser ce droit.&rdquo;<\/p><p>Bien que sous la pression continue de MUN, la direction de Rio Tinto ait \u00e9t\u00e9 forc\u00e9e d&rsquo;accepter la tenue d&rsquo;une r\u00e9union, l&rsquo;entreprise a annonc\u00e9 r\u00e9cemment son intention d&rsquo;externaliser tous ses travaux de maintenance du convoyeur. MUN pr\u00e9voit de maintenir la pression sur l&rsquo;entreprise dans l&rsquo;attente d&rsquo;une r\u00e9ponse \u00e0 ses revendications.<\/p><p>En Islande, les syndicats se sont trouv\u00e9s pendant plus d&rsquo;un an sans convention collective. Ils r\u00e9sistent au projet de Rio Tinto d&rsquo;externaliser une grande partie de l&rsquo;effectif de la fonderie d&rsquo;aluminium \u00e0 des sous-traitants avec des salaires nettement inf\u00e9rieurs \u00e0 ceux vers\u00e9s \u00e0 ses salari\u00e9s r\u00e9guliers. L&rsquo;entreprise a refus\u00e9 d&rsquo;accepter que les emplois externalis\u00e9s aient le m\u00eame salaire que ceux relevant directement de l&rsquo;entreprise.<\/p><p>Les syndicats islandais poursuivent les discussions avec l&rsquo;entreprise et sont r\u00e9cemment intervenus sur le r\u00e9seau syndical mondial de Rio Tinto pour \u00e9laborer une strat\u00e9gie.<\/p><p>En Australie, the syndicat maritime d&rsquo;Australie (MUA) a organis\u00e9 un <a href=\"http:\/\/www.industriall-union.org\/fr\/une-greve-des-gardiens-attire-lattention-sur-un-probleme-mondial-chez-rio-tinto\" target=\"_blank\">rassemblement le 29 janvier<\/a> pour protester contre le remplacement par Rio Tinto d&rsquo;un navire dont l&rsquo;\u00e9quipage \u00e9tait syndiqu\u00e9 au MUA par un autre o\u00f9 les salaires et les conditions sont tr\u00e8s inf\u00e9rieurs. Ce navire assure le transport de l&rsquo;alumine depuis une raffinerie de Rio Tinto jusqu&rsquo;\u00e0 une fonderie d&rsquo;aluminium de Rio Tinto.<\/p><p>Rio Tinto pr\u00e9voit maintenant d&rsquo;affr\u00e9ter un navire grec, sous pavillon lib\u00e9rien avec un \u00e9quipage enti\u00e8rement philippin.<\/p><p>&ldquo;Nous sommes remplac\u00e9s par les travailleurs les plus exploit\u00e9s au monde. Des travailleurs qui n&rsquo;ont pas voix au chapitre, des travailleurs qui ne peuvent pas s&rsquo;adresser au patron pour lui dire &lsquo;Non, je ne vais pas faire ce travail qui est dangereux,&rsquo;&rdquo; a dit le secr\u00e9taire national adjoint de MUA, Warren Smith.<\/p><p>Les syndicats repr\u00e9sentant les salari\u00e9s de Rio Tinto dans quatorze pays ont envoy\u00e9 une <a href=\"\/wp-content\/uploads\/documents\/Jyrki_Letters\/rio_tinto_global_union_network_demands_rio_tinto_limit_precarious_work_improve_conditions_precarious_workers_07-10-2015.pdf\" target=\"_blank\">lettre au directeur g\u00e9n\u00e9ral de Rio Tinto<\/a>, le 7 octobre, en demandant de collaborer avec l&rsquo;entreprise pour s&rsquo;attaquer aux probl\u00e8mes li\u00e9s \u00e0 l&rsquo;utilisation croissante de main-d&rsquo;\u0153uvre pr\u00e9caire<\/p><p>&ldquo;Les conflits en cours chez Rio Tinto en Australie, en Islande et en Namibie rel\u00e8vent d&rsquo;un probl\u00e8me mondial,&rdquo; a dit Kemal \u00d6zkan. &ldquo;Nous sommes pr\u00eats \u00e0 travailler avec l&rsquo;entreprise pour rechercher une solution mondiale.&rdquo;<\/p>","protected":false},"featured_media":0,"template":"","issues":[410,415],"companies":[],"regions":[157,222,341],"sectors":[495],"article_tags":[],"class_list":["post-150752","article","type-article","status-publish","hentry","issues-rio-tinto","issues-stop-precarious-work","regions-australia","regions-iceland","regions-namibia","sectors-mining"],"acf":[],"yoast_head":"<!-- This site is optimized with the Yoast SEO Premium plugin v27.1 (Yoast SEO v27.1) - https:\/\/yoast.com\/product\/yoast-seo-premium-wordpress\/ -->\n<title>Luttes syndicales pour le renforcement du travail d\u00e9cent chez Rio Tinto - industriall-union<\/title>\n<meta name=\"description\" content=\"En Namibie, la direction de la mine d&rsquo;uranium Rio Tinto R\u00f6ssing, a finalement rencontr\u00e9&nbsp; le syndicat des mineurs de Namibie (MUN), le 28\" \/>\n<meta name=\"robots\" content=\"index, follow, max-snippet:-1, max-image-preview:large, max-video-preview:-1\" \/>\n<link rel=\"canonical\" href=\"https:\/\/admin.industriall-union.org\/fr\/luttes-syndicales-pour-le-renforcement-du-travail-decent-chez-rio-tinto\/\" \/>\n<meta property=\"og:locale\" content=\"fr_FR\" \/>\n<meta property=\"og:type\" content=\"article\" \/>\n<meta property=\"og:title\" content=\"Luttes syndicales pour le renforcement du travail d\u00e9cent chez Rio Tinto\" \/>\n<meta property=\"og:description\" content=\"En Namibie, la direction de la mine d&rsquo;uranium Rio Tinto R\u00f6ssing, a finalement rencontr\u00e9&nbsp; le syndicat des mineurs de Namibie (MUN), le 28\" \/>\n<meta property=\"og:url\" content=\"https:\/\/admin.industriall-union.org\/fr\/luttes-syndicales-pour-le-renforcement-du-travail-decent-chez-rio-tinto\/\" \/>\n<meta property=\"og:site_name\" content=\"industriall-union\" \/>\n<meta property=\"article:modified_time\" content=\"2025-02-07T06:18:29+00:00\" \/>\n<meta name=\"twitter:card\" content=\"summary_large_image\" \/>\n<meta name=\"twitter:label1\" content=\"Est. reading time\" \/>\n\t<meta name=\"twitter:data1\" content=\"3 minutes\" \/>\n<script type=\"application\/ld+json\" class=\"yoast-schema-graph\">{\"@context\":\"https:\/\/schema.org\",\"@graph\":[{\"@type\":\"WebPage\",\"@id\":\"https:\/\/admin.industriall-union.org\/fr\/luttes-syndicales-pour-le-renforcement-du-travail-decent-chez-rio-tinto\/\",\"url\":\"https:\/\/admin.industriall-union.org\/fr\/luttes-syndicales-pour-le-renforcement-du-travail-decent-chez-rio-tinto\/\",\"name\":\"Luttes syndicales pour le renforcement du travail d\u00e9cent chez Rio Tinto - industriall-union\",\"isPartOf\":{\"@id\":\"https:\/\/admin.industriall-union.org\/#website\"},\"datePublished\":\"2016-02-01T09:25:52+00:00\",\"dateModified\":\"2025-02-07T06:18:29+00:00\",\"description\":\"En Namibie, la direction de la mine d&rsquo;uranium Rio Tinto R\u00f6ssing, a finalement rencontr\u00e9&nbsp; le syndicat des mineurs de Namibie (MUN), le 28\",\"breadcrumb\":{\"@id\":\"https:\/\/admin.industriall-union.org\/fr\/luttes-syndicales-pour-le-renforcement-du-travail-decent-chez-rio-tinto\/#breadcrumb\"},\"inLanguage\":\"fr-FR\",\"potentialAction\":[{\"@type\":\"ReadAction\",\"target\":[\"https:\/\/admin.industriall-union.org\/fr\/luttes-syndicales-pour-le-renforcement-du-travail-decent-chez-rio-tinto\/\"]}]},{\"@type\":\"BreadcrumbList\",\"@id\":\"https:\/\/admin.industriall-union.org\/fr\/luttes-syndicales-pour-le-renforcement-du-travail-decent-chez-rio-tinto\/#breadcrumb\",\"itemListElement\":[{\"@type\":\"ListItem\",\"position\":1,\"name\":\"Home\",\"item\":\"https:\/\/admin.industriall-union.org\/\"},{\"@type\":\"ListItem\",\"position\":2,\"name\":\"Articles\",\"item\":\"https:\/\/admin.industriall-union.org\/article\/\"},{\"@type\":\"ListItem\",\"position\":3,\"name\":\"Luttes syndicales pour le renforcement du travail d\u00e9cent chez Rio Tinto\"}]},{\"@type\":\"WebSite\",\"@id\":\"https:\/\/admin.industriall-union.org\/#website\",\"url\":\"https:\/\/admin.industriall-union.org\/\",\"name\":\"industriall-union\",\"description\":\"\",\"potentialAction\":[{\"@type\":\"SearchAction\",\"target\":{\"@type\":\"EntryPoint\",\"urlTemplate\":\"https:\/\/admin.industriall-union.org\/?s={search_term_string}\"},\"query-input\":{\"@type\":\"PropertyValueSpecification\",\"valueRequired\":true,\"valueName\":\"search_term_string\"}}],\"inLanguage\":\"fr-FR\"}]}<\/script>\n<!-- \/ Yoast SEO Premium plugin. -->","yoast_head_json":{"title":"Luttes syndicales pour le renforcement du travail d\u00e9cent chez Rio Tinto - industriall-union","description":"En Namibie, la direction de la mine d&rsquo;uranium Rio Tinto R\u00f6ssing, a finalement rencontr\u00e9&nbsp; le syndicat des mineurs de Namibie (MUN), le 28","robots":{"index":"index","follow":"follow","max-snippet":"max-snippet:-1","max-image-preview":"max-image-preview:large","max-video-preview":"max-video-preview:-1"},"canonical":"https:\/\/admin.industriall-union.org\/fr\/luttes-syndicales-pour-le-renforcement-du-travail-decent-chez-rio-tinto\/","og_locale":"fr_FR","og_type":"article","og_title":"Luttes syndicales pour le renforcement du travail d\u00e9cent chez Rio Tinto","og_description":"En Namibie, la direction de la mine d&rsquo;uranium Rio Tinto R\u00f6ssing, a finalement rencontr\u00e9&nbsp; le syndicat des mineurs de Namibie (MUN), le 28","og_url":"https:\/\/admin.industriall-union.org\/fr\/luttes-syndicales-pour-le-renforcement-du-travail-decent-chez-rio-tinto\/","og_site_name":"industriall-union","article_modified_time":"2025-02-07T06:18:29+00:00","twitter_card":"summary_large_image","twitter_misc":{"Est. reading time":"3 minutes"},"schema":{"@context":"https:\/\/schema.org","@graph":[{"@type":"WebPage","@id":"https:\/\/admin.industriall-union.org\/fr\/luttes-syndicales-pour-le-renforcement-du-travail-decent-chez-rio-tinto\/","url":"https:\/\/admin.industriall-union.org\/fr\/luttes-syndicales-pour-le-renforcement-du-travail-decent-chez-rio-tinto\/","name":"Luttes syndicales pour le renforcement du travail d\u00e9cent chez Rio Tinto - industriall-union","isPartOf":{"@id":"https:\/\/admin.industriall-union.org\/#website"},"datePublished":"2016-02-01T09:25:52+00:00","dateModified":"2025-02-07T06:18:29+00:00","description":"En Namibie, la direction de la mine d&rsquo;uranium Rio Tinto R\u00f6ssing, a finalement rencontr\u00e9&nbsp; le syndicat des mineurs de Namibie (MUN), le 28","breadcrumb":{"@id":"https:\/\/admin.industriall-union.org\/fr\/luttes-syndicales-pour-le-renforcement-du-travail-decent-chez-rio-tinto\/#breadcrumb"},"inLanguage":"fr-FR","potentialAction":[{"@type":"ReadAction","target":["https:\/\/admin.industriall-union.org\/fr\/luttes-syndicales-pour-le-renforcement-du-travail-decent-chez-rio-tinto\/"]}]},{"@type":"BreadcrumbList","@id":"https:\/\/admin.industriall-union.org\/fr\/luttes-syndicales-pour-le-renforcement-du-travail-decent-chez-rio-tinto\/#breadcrumb","itemListElement":[{"@type":"ListItem","position":1,"name":"Home","item":"https:\/\/admin.industriall-union.org\/"},{"@type":"ListItem","position":2,"name":"Articles","item":"https:\/\/admin.industriall-union.org\/article\/"},{"@type":"ListItem","position":3,"name":"Luttes syndicales pour le renforcement du travail d\u00e9cent chez Rio Tinto"}]},{"@type":"WebSite","@id":"https:\/\/admin.industriall-union.org\/#website","url":"https:\/\/admin.industriall-union.org\/","name":"industriall-union","description":"","potentialAction":[{"@type":"SearchAction","target":{"@type":"EntryPoint","urlTemplate":"https:\/\/admin.industriall-union.org\/?s={search_term_string}"},"query-input":{"@type":"PropertyValueSpecification","valueRequired":true,"valueName":"search_term_string"}}],"inLanguage":"fr-FR"}]}},"_links":{"self":[{"href":"https:\/\/admin.industriall-union.org\/fr\/wp-json\/wp\/v2\/article\/150752","targetHints":{"allow":["GET"]}}],"collection":[{"href":"https:\/\/admin.industriall-union.org\/fr\/wp-json\/wp\/v2\/article"}],"about":[{"href":"https:\/\/admin.industriall-union.org\/fr\/wp-json\/wp\/v2\/types\/article"}],"wp:attachment":[{"href":"https:\/\/admin.industriall-union.org\/fr\/wp-json\/wp\/v2\/media?parent=150752"}],"wp:term":[{"taxonomy":"issues","embeddable":true,"href":"https:\/\/admin.industriall-union.org\/fr\/wp-json\/wp\/v2\/issues?post=150752"},{"taxonomy":"companies","embeddable":true,"href":"https:\/\/admin.industriall-union.org\/fr\/wp-json\/wp\/v2\/companies?post=150752"},{"taxonomy":"regions","embeddable":true,"href":"https:\/\/admin.industriall-union.org\/fr\/wp-json\/wp\/v2\/regions?post=150752"},{"taxonomy":"sectors","embeddable":true,"href":"https:\/\/admin.industriall-union.org\/fr\/wp-json\/wp\/v2\/sectors?post=150752"},{"taxonomy":"article_tags","embeddable":true,"href":"https:\/\/admin.industriall-union.org\/fr\/wp-json\/wp\/v2\/article_tags?post=150752"}],"curies":[{"name":"wp","href":"https:\/\/api.w.org\/{rel}","templated":true}]}}