{"id":150739,"date":"2016-02-03T11:06:28","date_gmt":"2016-02-03T11:06:28","guid":{"rendered":"https:\/\/admin.industriall-union.org\/industriall-exige-la-liberation-des-travailleurs-iraniens\/"},"modified":"2025-02-07T06:13:29","modified_gmt":"2025-02-07T06:13:29","slug":"industriall-exige-la-liberation-des-travailleurs-iraniens","status":"publish","type":"article","link":"https:\/\/admin.industriall-union.org\/fr\/industriall-exige-la-liberation-des-travailleurs-iraniens\/","title":{"rendered":"IndustriALL exige la lib\u00e9ration des travailleurs iraniens"},"content":{"rendered":"<p>Des travailleurs des mines de cuivre de Khatounabad ont \u00e9t\u00e9 arr\u00eat\u00e9s apr\u00e8s avoir pris part \u00e0 une manifestation pacifique qui revendiquait la r\u00e9int\u00e9gration de 170 travailleurs en sous-traitance \u00e0 qui ont avait promis des postes permanents.<\/p><p>Selon nos informations, on a pas de nouvelles des personnes d\u00e9tenues depuis leur arrestation il y a une semaine.<\/p><p>Les mines de cuivre de Khatounabad, propri\u00e9t\u00e9 de la Compagnie nationale iranienne des industries du cuivre, font partie d&rsquo;un important complexe industriel contr\u00f4l\u00e9 par l&rsquo;\u00c9tat. <a href=\"\/wp-content\/uploads\/documents\/2016\/industriall_global_union_letter_to_iranian_president_rouhani_re_khatoon_abad_copper_mines_02-02-2016.pdf\">Dans une lettre<\/a> au Pr\u00e9sident d&rsquo;Iran Hassan Rouhani, le Secr\u00e9taire g\u00e9n\u00e9ral d&rsquo;IndustriALL Jyrki Raina, \u00e9crit&nbsp;:<\/p><p>&ldquo;IndustriALL Global Union exhorte votre administration \u00e0 faire en sorte d&rsquo;assurer la lib\u00e9ration rapide et inconditionnelle des 28 travailleurs. De plus, nous vous appelons \u00e0 donner ordre \u00e0 la Compagnie nationale iranienne des industries du cuivre, propri\u00e9taire des mines de cuivre de Khatounabad, de r\u00e9int\u00e9grer les 170 travailleurs en sous-traitance qui ont r\u00e9cemment \u00e9t\u00e9 mis \u00e0 pied.&rdquo;<\/p><p>De nombreux travailleurs de Khatounabad sont sous contrat temporaire depuis plusieurs ann\u00e9es et leurs efforts visant \u00e0 obtenir une plus grande s\u00e9curit\u00e9 d&rsquo;emploi et de meilleurs salaires n&rsquo;ont men\u00e9 qu&rsquo;\u00e0 de maigres r\u00e9sultats.<\/p><p>&ldquo;Il est \u00e9galement imp\u00e9ratif que la Compagnie nationale iranienne des industries du cuivre accorde \u00e0 ces travailleurs en sous-traitance les emplois permanents promis. Les travailleurs ne devraient pas \u00eatre soumis \u00e0 des conditions de travail pr\u00e9caires. En cons\u00e9quence, nous invitons le Gouvernement d&rsquo;Iran \u00e0 obliger l&rsquo;entreprise \u00e0 y appliquer les droits fondamentaux du travail,&rdquo; a ajout\u00e9 Jyrki Raina \u00e0 l&rsquo;adresse du dirigeant de la R\u00e9publique d&rsquo;Iran.<\/p><p>En Iran, les travailleurs sont particuli\u00e8rement vuln\u00e9rables aux attaques, car les syndicats sont interdits dans le pays.<\/p>","protected":false},"featured_media":0,"template":"","issues":[425],"companies":[],"regions":[292],"sectors":[494],"article_tags":[],"class_list":["post-150739","article","type-article","status-publish","hentry","issues-workers-rights","regions-iran","sectors-mining-and-dgojp"],"acf":[],"yoast_head":"<!-- This site is optimized with the Yoast SEO Premium plugin v27.1 (Yoast SEO v27.1) - https:\/\/yoast.com\/product\/yoast-seo-premium-wordpress\/ -->\n<title>IndustriALL exige la lib\u00e9ration des travailleurs iraniens - industriall-union<\/title>\n<meta name=\"description\" content=\"Des travailleurs des mines de cuivre de Khatounabad ont \u00e9t\u00e9 arr\u00eat\u00e9s apr\u00e8s avoir pris part \u00e0 une manifestation pacifique qui revendiquait la r\u00e9int\u00e9gration\" \/>\n<meta name=\"robots\" content=\"index, follow, max-snippet:-1, max-image-preview:large, max-video-preview:-1\" \/>\n<link rel=\"canonical\" href=\"https:\/\/admin.industriall-union.org\/fr\/industriall-exige-la-liberation-des-travailleurs-iraniens\/\" \/>\n<meta property=\"og:locale\" content=\"fr_FR\" \/>\n<meta property=\"og:type\" content=\"article\" \/>\n<meta property=\"og:title\" content=\"IndustriALL exige la lib\u00e9ration des travailleurs iraniens\" \/>\n<meta property=\"og:description\" content=\"Des travailleurs des mines de cuivre de Khatounabad ont \u00e9t\u00e9 arr\u00eat\u00e9s apr\u00e8s avoir pris part \u00e0 une manifestation pacifique qui revendiquait la r\u00e9int\u00e9gration\" \/>\n<meta property=\"og:url\" content=\"https:\/\/admin.industriall-union.org\/fr\/industriall-exige-la-liberation-des-travailleurs-iraniens\/\" \/>\n<meta property=\"og:site_name\" content=\"industriall-union\" \/>\n<meta property=\"article:modified_time\" content=\"2025-02-07T06:13:29+00:00\" \/>\n<meta name=\"twitter:card\" content=\"summary_large_image\" \/>\n<meta name=\"twitter:label1\" content=\"Est. reading time\" \/>\n\t<meta name=\"twitter:data1\" content=\"2 minutes\" \/>\n<script type=\"application\/ld+json\" class=\"yoast-schema-graph\">{\"@context\":\"https:\/\/schema.org\",\"@graph\":[{\"@type\":\"WebPage\",\"@id\":\"https:\/\/admin.industriall-union.org\/fr\/industriall-exige-la-liberation-des-travailleurs-iraniens\/\",\"url\":\"https:\/\/admin.industriall-union.org\/fr\/industriall-exige-la-liberation-des-travailleurs-iraniens\/\",\"name\":\"IndustriALL exige la lib\u00e9ration des travailleurs iraniens - industriall-union\",\"isPartOf\":{\"@id\":\"https:\/\/admin.industriall-union.org\/#website\"},\"datePublished\":\"2016-02-03T11:06:28+00:00\",\"dateModified\":\"2025-02-07T06:13:29+00:00\",\"description\":\"Des travailleurs des mines de cuivre de Khatounabad ont \u00e9t\u00e9 arr\u00eat\u00e9s apr\u00e8s avoir pris part \u00e0 une manifestation pacifique qui revendiquait la r\u00e9int\u00e9gration\",\"breadcrumb\":{\"@id\":\"https:\/\/admin.industriall-union.org\/fr\/industriall-exige-la-liberation-des-travailleurs-iraniens\/#breadcrumb\"},\"inLanguage\":\"fr-FR\",\"potentialAction\":[{\"@type\":\"ReadAction\",\"target\":[\"https:\/\/admin.industriall-union.org\/fr\/industriall-exige-la-liberation-des-travailleurs-iraniens\/\"]}]},{\"@type\":\"BreadcrumbList\",\"@id\":\"https:\/\/admin.industriall-union.org\/fr\/industriall-exige-la-liberation-des-travailleurs-iraniens\/#breadcrumb\",\"itemListElement\":[{\"@type\":\"ListItem\",\"position\":1,\"name\":\"Home\",\"item\":\"https:\/\/admin.industriall-union.org\/\"},{\"@type\":\"ListItem\",\"position\":2,\"name\":\"Articles\",\"item\":\"https:\/\/admin.industriall-union.org\/article\/\"},{\"@type\":\"ListItem\",\"position\":3,\"name\":\"IndustriALL exige la lib\u00e9ration des travailleurs iraniens\"}]},{\"@type\":\"WebSite\",\"@id\":\"https:\/\/admin.industriall-union.org\/#website\",\"url\":\"https:\/\/admin.industriall-union.org\/\",\"name\":\"industriall-union\",\"description\":\"\",\"potentialAction\":[{\"@type\":\"SearchAction\",\"target\":{\"@type\":\"EntryPoint\",\"urlTemplate\":\"https:\/\/admin.industriall-union.org\/?s={search_term_string}\"},\"query-input\":{\"@type\":\"PropertyValueSpecification\",\"valueRequired\":true,\"valueName\":\"search_term_string\"}}],\"inLanguage\":\"fr-FR\"}]}<\/script>\n<!-- \/ Yoast SEO Premium plugin. -->","yoast_head_json":{"title":"IndustriALL exige la lib\u00e9ration des travailleurs iraniens - industriall-union","description":"Des travailleurs des mines de cuivre de Khatounabad ont \u00e9t\u00e9 arr\u00eat\u00e9s apr\u00e8s avoir pris part \u00e0 une manifestation pacifique qui revendiquait la r\u00e9int\u00e9gration","robots":{"index":"index","follow":"follow","max-snippet":"max-snippet:-1","max-image-preview":"max-image-preview:large","max-video-preview":"max-video-preview:-1"},"canonical":"https:\/\/admin.industriall-union.org\/fr\/industriall-exige-la-liberation-des-travailleurs-iraniens\/","og_locale":"fr_FR","og_type":"article","og_title":"IndustriALL exige la lib\u00e9ration des travailleurs iraniens","og_description":"Des travailleurs des mines de cuivre de Khatounabad ont \u00e9t\u00e9 arr\u00eat\u00e9s apr\u00e8s avoir pris part \u00e0 une manifestation pacifique qui revendiquait la r\u00e9int\u00e9gration","og_url":"https:\/\/admin.industriall-union.org\/fr\/industriall-exige-la-liberation-des-travailleurs-iraniens\/","og_site_name":"industriall-union","article_modified_time":"2025-02-07T06:13:29+00:00","twitter_card":"summary_large_image","twitter_misc":{"Est. reading time":"2 minutes"},"schema":{"@context":"https:\/\/schema.org","@graph":[{"@type":"WebPage","@id":"https:\/\/admin.industriall-union.org\/fr\/industriall-exige-la-liberation-des-travailleurs-iraniens\/","url":"https:\/\/admin.industriall-union.org\/fr\/industriall-exige-la-liberation-des-travailleurs-iraniens\/","name":"IndustriALL exige la lib\u00e9ration des travailleurs iraniens - industriall-union","isPartOf":{"@id":"https:\/\/admin.industriall-union.org\/#website"},"datePublished":"2016-02-03T11:06:28+00:00","dateModified":"2025-02-07T06:13:29+00:00","description":"Des travailleurs des mines de cuivre de Khatounabad ont \u00e9t\u00e9 arr\u00eat\u00e9s apr\u00e8s avoir pris part \u00e0 une manifestation pacifique qui revendiquait la r\u00e9int\u00e9gration","breadcrumb":{"@id":"https:\/\/admin.industriall-union.org\/fr\/industriall-exige-la-liberation-des-travailleurs-iraniens\/#breadcrumb"},"inLanguage":"fr-FR","potentialAction":[{"@type":"ReadAction","target":["https:\/\/admin.industriall-union.org\/fr\/industriall-exige-la-liberation-des-travailleurs-iraniens\/"]}]},{"@type":"BreadcrumbList","@id":"https:\/\/admin.industriall-union.org\/fr\/industriall-exige-la-liberation-des-travailleurs-iraniens\/#breadcrumb","itemListElement":[{"@type":"ListItem","position":1,"name":"Home","item":"https:\/\/admin.industriall-union.org\/"},{"@type":"ListItem","position":2,"name":"Articles","item":"https:\/\/admin.industriall-union.org\/article\/"},{"@type":"ListItem","position":3,"name":"IndustriALL exige la lib\u00e9ration des travailleurs iraniens"}]},{"@type":"WebSite","@id":"https:\/\/admin.industriall-union.org\/#website","url":"https:\/\/admin.industriall-union.org\/","name":"industriall-union","description":"","potentialAction":[{"@type":"SearchAction","target":{"@type":"EntryPoint","urlTemplate":"https:\/\/admin.industriall-union.org\/?s={search_term_string}"},"query-input":{"@type":"PropertyValueSpecification","valueRequired":true,"valueName":"search_term_string"}}],"inLanguage":"fr-FR"}]}},"_links":{"self":[{"href":"https:\/\/admin.industriall-union.org\/fr\/wp-json\/wp\/v2\/article\/150739","targetHints":{"allow":["GET"]}}],"collection":[{"href":"https:\/\/admin.industriall-union.org\/fr\/wp-json\/wp\/v2\/article"}],"about":[{"href":"https:\/\/admin.industriall-union.org\/fr\/wp-json\/wp\/v2\/types\/article"}],"wp:attachment":[{"href":"https:\/\/admin.industriall-union.org\/fr\/wp-json\/wp\/v2\/media?parent=150739"}],"wp:term":[{"taxonomy":"issues","embeddable":true,"href":"https:\/\/admin.industriall-union.org\/fr\/wp-json\/wp\/v2\/issues?post=150739"},{"taxonomy":"companies","embeddable":true,"href":"https:\/\/admin.industriall-union.org\/fr\/wp-json\/wp\/v2\/companies?post=150739"},{"taxonomy":"regions","embeddable":true,"href":"https:\/\/admin.industriall-union.org\/fr\/wp-json\/wp\/v2\/regions?post=150739"},{"taxonomy":"sectors","embeddable":true,"href":"https:\/\/admin.industriall-union.org\/fr\/wp-json\/wp\/v2\/sectors?post=150739"},{"taxonomy":"article_tags","embeddable":true,"href":"https:\/\/admin.industriall-union.org\/fr\/wp-json\/wp\/v2\/article_tags?post=150739"}],"curies":[{"name":"wp","href":"https:\/\/api.w.org\/{rel}","templated":true}]}}