{"id":150726,"date":"2016-02-05T15:14:03","date_gmt":"2016-02-05T15:14:03","guid":{"rendered":"https:\/\/admin.industriall-union.org\/les-travailleurs-d-une-verrerie-en-greve-en-georgie\/"},"modified":"2025-02-07T06:07:52","modified_gmt":"2025-02-07T06:07:52","slug":"les-travailleurs-d-une-verrerie-en-greve-en-georgie","status":"publish","type":"article","link":"https:\/\/admin.industriall-union.org\/fr\/les-travailleurs-d-une-verrerie-en-greve-en-georgie\/","title":{"rendered":"Les travailleurs d\u2019une verrerie en gr\u00e8ve en G\u00e9orgie"},"content":{"rendered":"<p>Depuis septembre 2015, notre affili\u00e9, le Syndicat des travailleurs de la m\u00e9tallurgie, la mine et l&#039;industrie chimique de G\u00e9orgie (TUMMCIWG), essaye de convaincre la direction d&#039;entamer la n\u00e9gociation d&#039;une convention collective et d&#039;une hausse des salaires. Mais ces mois d&#039;efforts sont rest\u00e9s sans effet.<\/p><p>Pr\u00eat \u00e0 lancer la gr\u00e8ve, le syndicat a d&#039;abord entam\u00e9 une proc\u00e9dure de conciliation, comme l&#039;y oblige la l\u00e9gislation g\u00e9orgienne. Deux r\u00e9unions ont eu lieu entre le syndicat et la direction, en pr\u00e9sence d&#039;un m\u00e9diateur d\u00e9sign\u00e9 par l&#039;\u00c9tat.<\/p><p>Le 30 novembre, la direction avait promis de donner r\u00e9ponse, pour le 15 janvier 2016, aux revendications des travailleurs et du syndicat, \u00e0 savoir :<\/p><ul><li>Annoncer la hausse du salaire moyen due au 1<sup>er<\/sup> janvier 2016. Celui-ci est de 750 lari g\u00e9orgiens (300 $) et le syndicat r\u00e9clame une augmentation de 30 pour cent.<\/li><\/ul><ul><li>Proposer un calendrier devant aboutir \u00e0 la signature de la convention collective.<\/li><\/ul><ul><li>Mettre des locaux \u00e0 la disposition du syndicat.<\/li><\/ul><p>La r\u00e9union suivante \u00e9tait fix\u00e9e au 15 janvier, mais la direction l&#039;a report\u00e9e au 28 janvier. Lorsque le Directeur g\u00e9n\u00e9ral a balay\u00e9 de la main les questions en suspens qui avaient fait l&#039;objet d&#039;un accord en novembre, le syndicat a ordonn\u00e9 une gr\u00e8ve &quot;au finish&quot;.<\/p><p>L&#039;usine de verre d&#039;emballage de Ksani (JSC MINA) est la propri\u00e9t\u00e9 du groupe turc \u015ei\u015fecam pr\u00e9sent dans 13 pays, qui emploie 20.000 personnes et exporte vers 150 pays.<\/p><p>Le Secr\u00e9taire g\u00e9n\u00e9ral adjoint d&#039;IndustriALL Global Union, Kemal \u00d6zkan, d\u00e9clare :<\/p><blockquote><p>&quot;Nous appuyons les revendications de notre affili\u00e9 g\u00e9orgien et exhortons l&#039;entreprise \u00e0 entamer au plus t\u00f4t avec ce syndicat un dialogue social qui porte ses fruits et \u00e0 signer une convention collective afin de p\u00e9renniser l&#039;activit\u00e9 de la verrerie.&quot;<\/p><\/blockquote>","protected":false},"featured_media":0,"template":"","issues":[396,420,425],"companies":[],"regions":[218],"sectors":[487],"article_tags":[529],"class_list":["post-150726","article","type-article","status-publish","hentry","issues-building-strong-unions","issues-solidarity","issues-workers-rights","regions-georgia","sectors-glass","article_tags-strike"],"acf":[],"yoast_head":"<!-- This site is optimized with the Yoast SEO Premium plugin v27.1 (Yoast SEO v27.1) - https:\/\/yoast.com\/product\/yoast-seo-premium-wordpress\/ -->\n<title>Les travailleurs d\u2019une verrerie en gr\u00e8ve en G\u00e9orgie - industriall-union<\/title>\n<meta name=\"description\" content=\"Depuis septembre 2015, notre affili\u00e9, le Syndicat des travailleurs de la m\u00e9tallurgie, la mine et l&#039;industrie chimique de G\u00e9orgie (TUMMCIWG), essaye\" \/>\n<meta name=\"robots\" content=\"index, follow, max-snippet:-1, max-image-preview:large, max-video-preview:-1\" \/>\n<link rel=\"canonical\" href=\"https:\/\/admin.industriall-union.org\/fr\/les-travailleurs-d-une-verrerie-en-greve-en-georgie\/\" \/>\n<meta property=\"og:locale\" content=\"fr_FR\" \/>\n<meta property=\"og:type\" content=\"article\" \/>\n<meta property=\"og:title\" content=\"Les travailleurs d\u2019une verrerie en gr\u00e8ve en G\u00e9orgie\" \/>\n<meta property=\"og:description\" content=\"Depuis septembre 2015, notre affili\u00e9, le Syndicat des travailleurs de la m\u00e9tallurgie, la mine et l&#039;industrie chimique de G\u00e9orgie (TUMMCIWG), essaye\" \/>\n<meta property=\"og:url\" content=\"https:\/\/admin.industriall-union.org\/fr\/les-travailleurs-d-une-verrerie-en-greve-en-georgie\/\" \/>\n<meta property=\"og:site_name\" content=\"industriall-union\" \/>\n<meta property=\"article:modified_time\" content=\"2025-02-07T06:07:52+00:00\" \/>\n<meta name=\"twitter:card\" content=\"summary_large_image\" \/>\n<meta name=\"twitter:label1\" content=\"Est. reading time\" \/>\n\t<meta name=\"twitter:data1\" content=\"2 minutes\" \/>\n<script type=\"application\/ld+json\" class=\"yoast-schema-graph\">{\"@context\":\"https:\/\/schema.org\",\"@graph\":[{\"@type\":\"WebPage\",\"@id\":\"https:\/\/admin.industriall-union.org\/fr\/les-travailleurs-d-une-verrerie-en-greve-en-georgie\/\",\"url\":\"https:\/\/admin.industriall-union.org\/fr\/les-travailleurs-d-une-verrerie-en-greve-en-georgie\/\",\"name\":\"Les travailleurs d\u2019une verrerie en gr\u00e8ve en G\u00e9orgie - industriall-union\",\"isPartOf\":{\"@id\":\"https:\/\/admin.industriall-union.org\/#website\"},\"datePublished\":\"2016-02-05T15:14:03+00:00\",\"dateModified\":\"2025-02-07T06:07:52+00:00\",\"description\":\"Depuis septembre 2015, notre affili\u00e9, le Syndicat des travailleurs de la m\u00e9tallurgie, la mine et l&#039;industrie chimique de G\u00e9orgie (TUMMCIWG), essaye\",\"breadcrumb\":{\"@id\":\"https:\/\/admin.industriall-union.org\/fr\/les-travailleurs-d-une-verrerie-en-greve-en-georgie\/#breadcrumb\"},\"inLanguage\":\"fr-FR\",\"potentialAction\":[{\"@type\":\"ReadAction\",\"target\":[\"https:\/\/admin.industriall-union.org\/fr\/les-travailleurs-d-une-verrerie-en-greve-en-georgie\/\"]}]},{\"@type\":\"BreadcrumbList\",\"@id\":\"https:\/\/admin.industriall-union.org\/fr\/les-travailleurs-d-une-verrerie-en-greve-en-georgie\/#breadcrumb\",\"itemListElement\":[{\"@type\":\"ListItem\",\"position\":1,\"name\":\"Home\",\"item\":\"https:\/\/admin.industriall-union.org\/\"},{\"@type\":\"ListItem\",\"position\":2,\"name\":\"Articles\",\"item\":\"https:\/\/admin.industriall-union.org\/article\/\"},{\"@type\":\"ListItem\",\"position\":3,\"name\":\"Les travailleurs d\u2019une verrerie en gr\u00e8ve en G\u00e9orgie\"}]},{\"@type\":\"WebSite\",\"@id\":\"https:\/\/admin.industriall-union.org\/#website\",\"url\":\"https:\/\/admin.industriall-union.org\/\",\"name\":\"industriall-union\",\"description\":\"\",\"potentialAction\":[{\"@type\":\"SearchAction\",\"target\":{\"@type\":\"EntryPoint\",\"urlTemplate\":\"https:\/\/admin.industriall-union.org\/?s={search_term_string}\"},\"query-input\":{\"@type\":\"PropertyValueSpecification\",\"valueRequired\":true,\"valueName\":\"search_term_string\"}}],\"inLanguage\":\"fr-FR\"}]}<\/script>\n<!-- \/ Yoast SEO Premium plugin. -->","yoast_head_json":{"title":"Les travailleurs d\u2019une verrerie en gr\u00e8ve en G\u00e9orgie - industriall-union","description":"Depuis septembre 2015, notre affili\u00e9, le Syndicat des travailleurs de la m\u00e9tallurgie, la mine et l&#039;industrie chimique de G\u00e9orgie (TUMMCIWG), essaye","robots":{"index":"index","follow":"follow","max-snippet":"max-snippet:-1","max-image-preview":"max-image-preview:large","max-video-preview":"max-video-preview:-1"},"canonical":"https:\/\/admin.industriall-union.org\/fr\/les-travailleurs-d-une-verrerie-en-greve-en-georgie\/","og_locale":"fr_FR","og_type":"article","og_title":"Les travailleurs d\u2019une verrerie en gr\u00e8ve en G\u00e9orgie","og_description":"Depuis septembre 2015, notre affili\u00e9, le Syndicat des travailleurs de la m\u00e9tallurgie, la mine et l&#039;industrie chimique de G\u00e9orgie (TUMMCIWG), essaye","og_url":"https:\/\/admin.industriall-union.org\/fr\/les-travailleurs-d-une-verrerie-en-greve-en-georgie\/","og_site_name":"industriall-union","article_modified_time":"2025-02-07T06:07:52+00:00","twitter_card":"summary_large_image","twitter_misc":{"Est. reading time":"2 minutes"},"schema":{"@context":"https:\/\/schema.org","@graph":[{"@type":"WebPage","@id":"https:\/\/admin.industriall-union.org\/fr\/les-travailleurs-d-une-verrerie-en-greve-en-georgie\/","url":"https:\/\/admin.industriall-union.org\/fr\/les-travailleurs-d-une-verrerie-en-greve-en-georgie\/","name":"Les travailleurs d\u2019une verrerie en gr\u00e8ve en G\u00e9orgie - industriall-union","isPartOf":{"@id":"https:\/\/admin.industriall-union.org\/#website"},"datePublished":"2016-02-05T15:14:03+00:00","dateModified":"2025-02-07T06:07:52+00:00","description":"Depuis septembre 2015, notre affili\u00e9, le Syndicat des travailleurs de la m\u00e9tallurgie, la mine et l&#039;industrie chimique de G\u00e9orgie (TUMMCIWG), essaye","breadcrumb":{"@id":"https:\/\/admin.industriall-union.org\/fr\/les-travailleurs-d-une-verrerie-en-greve-en-georgie\/#breadcrumb"},"inLanguage":"fr-FR","potentialAction":[{"@type":"ReadAction","target":["https:\/\/admin.industriall-union.org\/fr\/les-travailleurs-d-une-verrerie-en-greve-en-georgie\/"]}]},{"@type":"BreadcrumbList","@id":"https:\/\/admin.industriall-union.org\/fr\/les-travailleurs-d-une-verrerie-en-greve-en-georgie\/#breadcrumb","itemListElement":[{"@type":"ListItem","position":1,"name":"Home","item":"https:\/\/admin.industriall-union.org\/"},{"@type":"ListItem","position":2,"name":"Articles","item":"https:\/\/admin.industriall-union.org\/article\/"},{"@type":"ListItem","position":3,"name":"Les travailleurs d\u2019une verrerie en gr\u00e8ve en G\u00e9orgie"}]},{"@type":"WebSite","@id":"https:\/\/admin.industriall-union.org\/#website","url":"https:\/\/admin.industriall-union.org\/","name":"industriall-union","description":"","potentialAction":[{"@type":"SearchAction","target":{"@type":"EntryPoint","urlTemplate":"https:\/\/admin.industriall-union.org\/?s={search_term_string}"},"query-input":{"@type":"PropertyValueSpecification","valueRequired":true,"valueName":"search_term_string"}}],"inLanguage":"fr-FR"}]}},"_links":{"self":[{"href":"https:\/\/admin.industriall-union.org\/fr\/wp-json\/wp\/v2\/article\/150726","targetHints":{"allow":["GET"]}}],"collection":[{"href":"https:\/\/admin.industriall-union.org\/fr\/wp-json\/wp\/v2\/article"}],"about":[{"href":"https:\/\/admin.industriall-union.org\/fr\/wp-json\/wp\/v2\/types\/article"}],"wp:attachment":[{"href":"https:\/\/admin.industriall-union.org\/fr\/wp-json\/wp\/v2\/media?parent=150726"}],"wp:term":[{"taxonomy":"issues","embeddable":true,"href":"https:\/\/admin.industriall-union.org\/fr\/wp-json\/wp\/v2\/issues?post=150726"},{"taxonomy":"companies","embeddable":true,"href":"https:\/\/admin.industriall-union.org\/fr\/wp-json\/wp\/v2\/companies?post=150726"},{"taxonomy":"regions","embeddable":true,"href":"https:\/\/admin.industriall-union.org\/fr\/wp-json\/wp\/v2\/regions?post=150726"},{"taxonomy":"sectors","embeddable":true,"href":"https:\/\/admin.industriall-union.org\/fr\/wp-json\/wp\/v2\/sectors?post=150726"},{"taxonomy":"article_tags","embeddable":true,"href":"https:\/\/admin.industriall-union.org\/fr\/wp-json\/wp\/v2\/article_tags?post=150726"}],"curies":[{"name":"wp","href":"https:\/\/api.w.org\/{rel}","templated":true}]}}