{"id":150725,"date":"2016-02-09T12:58:43","date_gmt":"2016-02-09T12:58:43","guid":{"rendered":"https:\/\/admin.industriall-union.org\/espagne-des-milliers-a-madrid-manifestent-contre-le-proces-des-syndicalistes\/"},"modified":"2025-02-07T06:04:18","modified_gmt":"2025-02-07T06:04:18","slug":"espagne-des-milliers-a-madrid-manifestent-contre-le-proces-des-syndicalistes","status":"publish","type":"article","link":"https:\/\/admin.industriall-union.org\/fr\/espagne-des-milliers-a-madrid-manifestent-contre-le-proces-des-syndicalistes\/","title":{"rendered":"Espagne: Des milliers \u00e0 Madrid manifestent  contre le proc\u00e8s des syndicalistes"},"content":{"rendered":"<p>Les huit travailleurs, qui appartiennent aux affili\u00e9s de IndustriALL Global Union, CC.OO de Industria et MCA-UGT, sont accus\u00e9s d&rsquo;avoir rejoint un piquet de gr\u00e8ve \u00e0 l&rsquo;entr\u00e9e d&rsquo;Airbus \u00e0 Getafe, dans la banlieue de Madrid, dans le cadre d&rsquo;une gr\u00e8ve g\u00e9n\u00e9rale le 29 septembre 2010.<\/p><p>Alors que le proc\u00e8s commen\u00e7ait aujourd&rsquo;hui, IndustriALL a rejoint les syndicats espagnols, avec IndustriALL Europe et des membres des syndicats d&rsquo;Airbus unions en Belgique et en France, dans une marche anim\u00e9e jusqu&rsquo;aux tribunaux de Getafe pour soutenir &lsquo;Airbus 8&rsquo;.<\/p><p>Il s&rsquo;agit du d\u00e9but d&rsquo;une s\u00e9rie de manifestations pr\u00e9vues pour les quatre jours du proc\u00e8s qui doit se terminer vendredi.<\/p><p>La s\u00e9v\u00e9rit\u00e9 de la sanction demand\u00e9e par le procureur,&nbsp; qui est de huit ans et trois mois de prison pour chaque travailleur, est jug\u00e9e tout autant comme une attaque des autorit\u00e9s espagnoles sur les syndicats et le droit de gr\u00e8ve.<\/p><p>Les huit syndicalistes, Tom\u00e1s Garc\u00eda, Enrique Gil, Rodolfo Malo, Jos\u00e9 Alcazar, Ra\u00fal Fern\u00e1ndez, Armando Barco, Jer\u00f3nimo Mart\u00edn et Edgar Mart\u00edn,&nbsp;sont tous inculp\u00e9s selon l&rsquo;article 315.3 du code p\u00e9nal espagnol, qui pr\u00e9voit une peine de prison pour participation \u00e0 un piquet syndical de gr\u00e8ve.<\/p><p>Plus de 300 syndicalistes font face actuellement \u00e0 des peines de prison en Espagne en vertu de la m\u00eame loi, qui n&rsquo;avait servi jusque-l\u00e0 que du temps de la dictature du g\u00e9n\u00e9ral Franco.<\/p><p>Le secr\u00e9taire g\u00e9n\u00e9ral de IndustriALL, Jyrki Raina, a d\u00e9clar\u00e9:<\/p><p>&ldquo;Il est incroyable que l&rsquo;Espagne puisse avoir recours \u00e0 une l\u00e9gislation obsol\u00e8te et oppressive pour emprisonner des travailleurs qui ne font qu&rsquo;exercer leur droit de gr\u00e8ve fondamental. Les tentatives des autorit\u00e9s espagnoles pour r\u00e9duire au silence les syndicats et intimider les travailleurs et travailleuses sont un triste retour en arri\u00e8re pour la d\u00e9mocratie.&rdquo; &nbsp;<\/p><p>Les huit accus\u00e9s ont \u00e9t\u00e9 rejoints par plusieurs centaines de travailleurs et travailleuses devant Airbus qui protestaient contre les mesures anti-aust\u00e9rit\u00e9 et les changements apport\u00e9s au code du travail dans le cadre de la gr\u00e8ve g\u00e9n\u00e9rale en Espagne. La protestation pacifique a pris fin dans la panique quand les forces de police anti-\u00e9meute ont tir\u00e9 des coups de feu en l&rsquo;air provoquant la fuite des gens pour se mettre \u00e0 l&rsquo;abri et que plusieurs personnes ont \u00e9t\u00e9 bless\u00e9es dans la cohue. Les huit hommes nient fermement les accusations port\u00e9es contre eux &lsquo;d&rsquo;action violente&rsquo; et &lsquo;d&rsquo;attaque au droit de travailler&rsquo;.<\/p><p>La marche organis\u00e9e aujourd&rsquo;hui \u00e9tait conduite par le secr\u00e9taire g\u00e9n\u00e9ral de la conf\u00e9d\u00e9ration espagnole CCOO, Ignacio Fern\u00e1ndez Toxo, et par le secr\u00e9taire g\u00e9n\u00e9ral de la conf\u00e9d\u00e9ration UGT, C\u00e1ndido Mendez. La manifestation a co\u00efncid\u00e9 avec une puissante campagne des m\u00e9dias sociaux sur le th\u00e8me &ldquo;Faire gr\u00e8ve n&rsquo;est pas un crime&rdquo; (#LaHuelgaNoEsDelita) et &ldquo;Ils ne sont pas 8, nous sommes des milliers&rdquo; (No son 8, somos miles).<\/p>","protected":false},"featured_media":0,"template":"","issues":[424],"companies":[],"regions":[246],"sectors":[488],"article_tags":[529],"class_list":["post-150725","article","type-article","status-publish","hentry","issues-violation","regions-spain","sectors-aerospace","article_tags-strike"],"acf":[],"yoast_head":"<!-- This site is optimized with the Yoast SEO Premium plugin v27.1 (Yoast SEO v27.1) - https:\/\/yoast.com\/product\/yoast-seo-premium-wordpress\/ -->\n<title>Espagne: Des milliers \u00e0 Madrid manifestent contre le proc\u00e8s des syndicalistes - industriall-union<\/title>\n<meta name=\"description\" content=\"Les huit travailleurs, qui appartiennent aux affili\u00e9s de IndustriALL Global Union, CC.OO de Industria et MCA-UGT, sont accus\u00e9s d&rsquo;avoir rejoint un\" \/>\n<meta name=\"robots\" content=\"index, follow, max-snippet:-1, max-image-preview:large, max-video-preview:-1\" \/>\n<link rel=\"canonical\" href=\"https:\/\/admin.industriall-union.org\/fr\/espagne-des-milliers-a-madrid-manifestent-contre-le-proces-des-syndicalistes\/\" \/>\n<meta property=\"og:locale\" content=\"fr_FR\" \/>\n<meta property=\"og:type\" content=\"article\" \/>\n<meta property=\"og:title\" content=\"Espagne: Des milliers \u00e0 Madrid manifestent contre le proc\u00e8s des syndicalistes\" \/>\n<meta property=\"og:description\" content=\"Les huit travailleurs, qui appartiennent aux affili\u00e9s de IndustriALL Global Union, CC.OO de Industria et MCA-UGT, sont accus\u00e9s d&rsquo;avoir rejoint un\" \/>\n<meta property=\"og:url\" content=\"https:\/\/admin.industriall-union.org\/fr\/espagne-des-milliers-a-madrid-manifestent-contre-le-proces-des-syndicalistes\/\" \/>\n<meta property=\"og:site_name\" content=\"industriall-union\" \/>\n<meta property=\"article:modified_time\" content=\"2025-02-07T06:04:18+00:00\" \/>\n<meta name=\"twitter:card\" content=\"summary_large_image\" \/>\n<meta name=\"twitter:label1\" content=\"Est. reading time\" \/>\n\t<meta name=\"twitter:data1\" content=\"3 minutes\" \/>\n<script type=\"application\/ld+json\" class=\"yoast-schema-graph\">{\"@context\":\"https:\/\/schema.org\",\"@graph\":[{\"@type\":\"WebPage\",\"@id\":\"https:\/\/admin.industriall-union.org\/fr\/espagne-des-milliers-a-madrid-manifestent-contre-le-proces-des-syndicalistes\/\",\"url\":\"https:\/\/admin.industriall-union.org\/fr\/espagne-des-milliers-a-madrid-manifestent-contre-le-proces-des-syndicalistes\/\",\"name\":\"Espagne: Des milliers \u00e0 Madrid manifestent contre le proc\u00e8s des syndicalistes - industriall-union\",\"isPartOf\":{\"@id\":\"https:\/\/admin.industriall-union.org\/#website\"},\"datePublished\":\"2016-02-09T12:58:43+00:00\",\"dateModified\":\"2025-02-07T06:04:18+00:00\",\"description\":\"Les huit travailleurs, qui appartiennent aux affili\u00e9s de IndustriALL Global Union, CC.OO de Industria et MCA-UGT, sont accus\u00e9s d&rsquo;avoir rejoint un\",\"breadcrumb\":{\"@id\":\"https:\/\/admin.industriall-union.org\/fr\/espagne-des-milliers-a-madrid-manifestent-contre-le-proces-des-syndicalistes\/#breadcrumb\"},\"inLanguage\":\"fr-FR\",\"potentialAction\":[{\"@type\":\"ReadAction\",\"target\":[\"https:\/\/admin.industriall-union.org\/fr\/espagne-des-milliers-a-madrid-manifestent-contre-le-proces-des-syndicalistes\/\"]}]},{\"@type\":\"BreadcrumbList\",\"@id\":\"https:\/\/admin.industriall-union.org\/fr\/espagne-des-milliers-a-madrid-manifestent-contre-le-proces-des-syndicalistes\/#breadcrumb\",\"itemListElement\":[{\"@type\":\"ListItem\",\"position\":1,\"name\":\"Home\",\"item\":\"https:\/\/admin.industriall-union.org\/\"},{\"@type\":\"ListItem\",\"position\":2,\"name\":\"Articles\",\"item\":\"https:\/\/admin.industriall-union.org\/article\/\"},{\"@type\":\"ListItem\",\"position\":3,\"name\":\"Espagne: Des milliers \u00e0 Madrid manifestent contre le proc\u00e8s des syndicalistes\"}]},{\"@type\":\"WebSite\",\"@id\":\"https:\/\/admin.industriall-union.org\/#website\",\"url\":\"https:\/\/admin.industriall-union.org\/\",\"name\":\"industriall-union\",\"description\":\"\",\"potentialAction\":[{\"@type\":\"SearchAction\",\"target\":{\"@type\":\"EntryPoint\",\"urlTemplate\":\"https:\/\/admin.industriall-union.org\/?s={search_term_string}\"},\"query-input\":{\"@type\":\"PropertyValueSpecification\",\"valueRequired\":true,\"valueName\":\"search_term_string\"}}],\"inLanguage\":\"fr-FR\"}]}<\/script>\n<!-- \/ Yoast SEO Premium plugin. -->","yoast_head_json":{"title":"Espagne: Des milliers \u00e0 Madrid manifestent contre le proc\u00e8s des syndicalistes - industriall-union","description":"Les huit travailleurs, qui appartiennent aux affili\u00e9s de IndustriALL Global Union, CC.OO de Industria et MCA-UGT, sont accus\u00e9s d&rsquo;avoir rejoint un","robots":{"index":"index","follow":"follow","max-snippet":"max-snippet:-1","max-image-preview":"max-image-preview:large","max-video-preview":"max-video-preview:-1"},"canonical":"https:\/\/admin.industriall-union.org\/fr\/espagne-des-milliers-a-madrid-manifestent-contre-le-proces-des-syndicalistes\/","og_locale":"fr_FR","og_type":"article","og_title":"Espagne: Des milliers \u00e0 Madrid manifestent contre le proc\u00e8s des syndicalistes","og_description":"Les huit travailleurs, qui appartiennent aux affili\u00e9s de IndustriALL Global Union, CC.OO de Industria et MCA-UGT, sont accus\u00e9s d&rsquo;avoir rejoint un","og_url":"https:\/\/admin.industriall-union.org\/fr\/espagne-des-milliers-a-madrid-manifestent-contre-le-proces-des-syndicalistes\/","og_site_name":"industriall-union","article_modified_time":"2025-02-07T06:04:18+00:00","twitter_card":"summary_large_image","twitter_misc":{"Est. reading time":"3 minutes"},"schema":{"@context":"https:\/\/schema.org","@graph":[{"@type":"WebPage","@id":"https:\/\/admin.industriall-union.org\/fr\/espagne-des-milliers-a-madrid-manifestent-contre-le-proces-des-syndicalistes\/","url":"https:\/\/admin.industriall-union.org\/fr\/espagne-des-milliers-a-madrid-manifestent-contre-le-proces-des-syndicalistes\/","name":"Espagne: Des milliers \u00e0 Madrid manifestent contre le proc\u00e8s des syndicalistes - industriall-union","isPartOf":{"@id":"https:\/\/admin.industriall-union.org\/#website"},"datePublished":"2016-02-09T12:58:43+00:00","dateModified":"2025-02-07T06:04:18+00:00","description":"Les huit travailleurs, qui appartiennent aux affili\u00e9s de IndustriALL Global Union, CC.OO de Industria et MCA-UGT, sont accus\u00e9s d&rsquo;avoir rejoint un","breadcrumb":{"@id":"https:\/\/admin.industriall-union.org\/fr\/espagne-des-milliers-a-madrid-manifestent-contre-le-proces-des-syndicalistes\/#breadcrumb"},"inLanguage":"fr-FR","potentialAction":[{"@type":"ReadAction","target":["https:\/\/admin.industriall-union.org\/fr\/espagne-des-milliers-a-madrid-manifestent-contre-le-proces-des-syndicalistes\/"]}]},{"@type":"BreadcrumbList","@id":"https:\/\/admin.industriall-union.org\/fr\/espagne-des-milliers-a-madrid-manifestent-contre-le-proces-des-syndicalistes\/#breadcrumb","itemListElement":[{"@type":"ListItem","position":1,"name":"Home","item":"https:\/\/admin.industriall-union.org\/"},{"@type":"ListItem","position":2,"name":"Articles","item":"https:\/\/admin.industriall-union.org\/article\/"},{"@type":"ListItem","position":3,"name":"Espagne: Des milliers \u00e0 Madrid manifestent contre le proc\u00e8s des syndicalistes"}]},{"@type":"WebSite","@id":"https:\/\/admin.industriall-union.org\/#website","url":"https:\/\/admin.industriall-union.org\/","name":"industriall-union","description":"","potentialAction":[{"@type":"SearchAction","target":{"@type":"EntryPoint","urlTemplate":"https:\/\/admin.industriall-union.org\/?s={search_term_string}"},"query-input":{"@type":"PropertyValueSpecification","valueRequired":true,"valueName":"search_term_string"}}],"inLanguage":"fr-FR"}]}},"_links":{"self":[{"href":"https:\/\/admin.industriall-union.org\/fr\/wp-json\/wp\/v2\/article\/150725","targetHints":{"allow":["GET"]}}],"collection":[{"href":"https:\/\/admin.industriall-union.org\/fr\/wp-json\/wp\/v2\/article"}],"about":[{"href":"https:\/\/admin.industriall-union.org\/fr\/wp-json\/wp\/v2\/types\/article"}],"wp:attachment":[{"href":"https:\/\/admin.industriall-union.org\/fr\/wp-json\/wp\/v2\/media?parent=150725"}],"wp:term":[{"taxonomy":"issues","embeddable":true,"href":"https:\/\/admin.industriall-union.org\/fr\/wp-json\/wp\/v2\/issues?post=150725"},{"taxonomy":"companies","embeddable":true,"href":"https:\/\/admin.industriall-union.org\/fr\/wp-json\/wp\/v2\/companies?post=150725"},{"taxonomy":"regions","embeddable":true,"href":"https:\/\/admin.industriall-union.org\/fr\/wp-json\/wp\/v2\/regions?post=150725"},{"taxonomy":"sectors","embeddable":true,"href":"https:\/\/admin.industriall-union.org\/fr\/wp-json\/wp\/v2\/sectors?post=150725"},{"taxonomy":"article_tags","embeddable":true,"href":"https:\/\/admin.industriall-union.org\/fr\/wp-json\/wp\/v2\/article_tags?post=150725"}],"curies":[{"name":"wp","href":"https:\/\/api.w.org\/{rel}","templated":true}]}}