{"id":150672,"date":"2016-02-23T15:25:16","date_gmt":"2016-02-23T15:25:16","guid":{"rendered":"https:\/\/admin.industriall-union.org\/les-syndicats-europeens-en-lutte-pour-le-droit-de-greve\/"},"modified":"2025-02-07T05:20:30","modified_gmt":"2025-02-07T05:20:30","slug":"les-syndicats-europeens-en-lutte-pour-le-droit-de-greve","status":"publish","type":"article","link":"https:\/\/admin.industriall-union.org\/fr\/les-syndicats-europeens-en-lutte-pour-le-droit-de-greve\/","title":{"rendered":"Les syndicats europ\u00e9ens en lutte pour le droit de gr\u00e8ve"},"content":{"rendered":"<p>Pendant trois ans, le groupe des employeurs a paralys\u00e9 les travaux de l&#039;Organisation internationale du travail (OIT) en pr\u00e9tendant que le droit de gr\u00e8ve ne rel\u00e8ve pas du droit international alors que, pendant des d\u00e9cennies, cela \u00e9tait universellement reconnu par les gouvernements, les travailleurs et les employeurs eux-m\u00eames. Apr\u00e8s une <a href=\"http:\/\/www.industriall-union.org\/fr\/ne-touchez-pas-a-notre-droit-de-greve\">campagne syndicale mondiale<\/a>, les&nbsp;<a href=\"http:\/\/www.industriall-union.org\/fr\/le-droit-de-greve-confirme-a-loit\">employeurs ont finalement fait machine arri\u00e8re<\/a> en f\u00e9vrier 2015.<\/p><p>Mais la bataille n&#039;est pas gagn\u00e9e pour autant. En novembre, le gouvernement conservateur britannique a pr\u00e9sent\u00e9 un <a href=\"https:\/\/www.tuc.org.uk\/about-bill\">projet de loi sur les syndicats<\/a> qui remet gravement en cause le droit de gr\u00e8ve. Outre les restrictions qu&#039;il impose aux piquets de gr\u00e8ve et aux actions de protestation, ce projet autorise le recours \u00e0 des int\u00e9rimaires pour remplacer du personnel permanent pendant les gr\u00e8ves. Dans les services publics, il faudrait que 50% des adh\u00e9rents participent au scrutin et que 40% de la totalit\u00e9 votent la gr\u00e8ve, ce qui revient \u00e0 imposer un seuil de 80%.<\/p><p>En f\u00e9vrier, les syndicats britanniques ont touch\u00e9 des millions de personnes avec une campagne innovante, intitul\u00e9e <a href=\"http:\/\/heartunions.org\/\">#heartunions<\/a>, qui met en avant tous les acquis obtenus par les syndicats et leurs membres sur les lieux de travail et dans la soci\u00e9t\u00e9 et rejette les tentatives du gouvernement pour les remettre en question.<\/p><p>En Espagne aussi, <a href=\"http:\/\/www.industriall-union.org\/spain-thousands-join-madrid-march-against-trade-unionist-trial-0\">les syndicats ont d\u00fb agir<\/a> parce les autorit\u00e9s ont ressorti une vielle loi de l&#039;\u00e9poque de la dictature franquiste pour poursuivre des gr\u00e9vistes. Le 16 f\u00e9vrier, <a href=\"http:\/\/www.industriall-union.org\/fr\/espagne-acquittement-des-8-dairbus\">un tribunal espagnol a acquitt\u00e9 8 employ\u00e9s d&#039;Airbus<\/a> menac\u00e9s de peines de prison de huit ans et trois mois chacun pour avoir particip\u00e9 \u00e0 une gr\u00e8ve pacifique en 2010.<\/p><p>Mais le combat pour l&#039;abrogation de l&#039;article 315.3 du code p\u00e9nal espagnol continue, et aussi pour que des proc\u00e8s similaires ne se r\u00e9p\u00e8tent pas.<\/p><p>Il faut rester vigilants parce que ces attaques contre le droit de gr\u00e8ve pourraient s&#039;\u00e9tendre \u00e0 d&#039;autres pays.<\/p><p>La crise \u00e9conomique mondiale a d\u00e9j\u00e0 offert un pr\u00e9texte \u00e0 plusieurs gouvernements de droite pour limiter les droits des travailleurs et amputer la protection sociale. La Roumanie a connu la destruction de droits la plus massive lorsque, en 2011, le Fonds mon\u00e9taire international (FMI) a pouss\u00e9 le gouvernement \u00e0 <a href=\"http:\/\/www.industriall-union.org\/fr\/les-syndicats-roumains-demandent-le-retablissement-des-droits-du-travail\">court-circuiter le parlement<\/a> pour g\u00e9n\u00e9raliser le travail pr\u00e9caire, abolir la n\u00e9gociation collective et restreindre le droit de gr\u00e8ve.<\/p><p>La n\u00e9gociation collective a \u00e9galement \u00e9t\u00e9 bannie en Irlande, au Portugal, en Espagne, en Gr\u00e8ce et \u00e0 Chypre pendant les pires ann\u00e9es de la crise. Depuis, les gouvernements irlandais et espagnol ont accept\u00e9 de r\u00e9tablir les m\u00e9canismes de n\u00e9gociation.<\/p><p>Ces exemples montrent que les droits syndicaux ne vont pas de soi, m\u00eame en Europe o\u00f9 est n\u00e9 le mouvement syndical. Les attaques contre les droits syndicaux ont une dimension incontestablement id\u00e9ologique et sont le fait de gouvernements plus attentifs aux consultants qu&#039;\u00e0 leur population. Et trop souvent, ces conseillers d&#039;affaires pr\u00e9f\u00e8rent une main-d&rsquo;\u0153uvre docile, silencieuse et qui dit ce qu&#039;on lui dit de faire, plut\u00f4t que de s&#039;emp\u00eatrer dans des n\u00e9gociations lourdes.<\/p><p>La garantie des droits syndicaux donnera toujours lieu \u00e0 un affrontement sur les valeurs et la volont\u00e9 politique de construire des soci\u00e9t\u00e9s fond\u00e9es sur la d\u00e9mocratie et la justice sociale. Dans ce combat, il nous faut continuer \u00e0 organiser et mobiliser les travailleurs pour construire des syndicats forts.<\/p><p><em>Jyrki Raina,<\/em><\/p><p><em>Secr\u00e9taire g\u00e9n\u00e9ral<\/em><\/p>","protected":false},"featured_media":0,"template":"","issues":[396],"companies":[],"regions":[],"sectors":[],"article_tags":[510],"class_list":["post-150672","article","type-article","status-publish","hentry","issues-building-strong-unions","article_tags-gs-corner"],"acf":[],"yoast_head":"<!-- This site is optimized with the Yoast SEO Premium plugin v27.1 (Yoast SEO v27.1) - https:\/\/yoast.com\/product\/yoast-seo-premium-wordpress\/ -->\n<title>Les syndicats europ\u00e9ens en lutte pour le droit de gr\u00e8ve - industriall-union<\/title>\n<meta name=\"description\" content=\"Pendant trois ans, le groupe des employeurs a paralys\u00e9 les travaux de l&#039;Organisation internationale du travail (OIT) en pr\u00e9tendant que le droit de\" \/>\n<meta name=\"robots\" content=\"index, follow, max-snippet:-1, max-image-preview:large, max-video-preview:-1\" \/>\n<link rel=\"canonical\" href=\"https:\/\/admin.industriall-union.org\/fr\/les-syndicats-europeens-en-lutte-pour-le-droit-de-greve\/\" \/>\n<meta property=\"og:locale\" content=\"fr_FR\" \/>\n<meta property=\"og:type\" content=\"article\" \/>\n<meta property=\"og:title\" content=\"Les syndicats europ\u00e9ens en lutte pour le droit de gr\u00e8ve\" \/>\n<meta property=\"og:description\" content=\"Pendant trois ans, le groupe des employeurs a paralys\u00e9 les travaux de l&#039;Organisation internationale du travail (OIT) en pr\u00e9tendant que le droit de\" \/>\n<meta property=\"og:url\" content=\"https:\/\/admin.industriall-union.org\/fr\/les-syndicats-europeens-en-lutte-pour-le-droit-de-greve\/\" \/>\n<meta property=\"og:site_name\" content=\"industriall-union\" \/>\n<meta property=\"article:modified_time\" content=\"2025-02-07T05:20:30+00:00\" \/>\n<meta name=\"twitter:card\" content=\"summary_large_image\" \/>\n<meta name=\"twitter:label1\" content=\"Est. reading time\" \/>\n\t<meta name=\"twitter:data1\" content=\"3 minutes\" \/>\n<script type=\"application\/ld+json\" class=\"yoast-schema-graph\">{\"@context\":\"https:\/\/schema.org\",\"@graph\":[{\"@type\":\"WebPage\",\"@id\":\"https:\/\/admin.industriall-union.org\/fr\/les-syndicats-europeens-en-lutte-pour-le-droit-de-greve\/\",\"url\":\"https:\/\/admin.industriall-union.org\/fr\/les-syndicats-europeens-en-lutte-pour-le-droit-de-greve\/\",\"name\":\"Les syndicats europ\u00e9ens en lutte pour le droit de gr\u00e8ve - industriall-union\",\"isPartOf\":{\"@id\":\"https:\/\/admin.industriall-union.org\/#website\"},\"datePublished\":\"2016-02-23T15:25:16+00:00\",\"dateModified\":\"2025-02-07T05:20:30+00:00\",\"description\":\"Pendant trois ans, le groupe des employeurs a paralys\u00e9 les travaux de l&#039;Organisation internationale du travail (OIT) en pr\u00e9tendant que le droit de\",\"breadcrumb\":{\"@id\":\"https:\/\/admin.industriall-union.org\/fr\/les-syndicats-europeens-en-lutte-pour-le-droit-de-greve\/#breadcrumb\"},\"inLanguage\":\"fr-FR\",\"potentialAction\":[{\"@type\":\"ReadAction\",\"target\":[\"https:\/\/admin.industriall-union.org\/fr\/les-syndicats-europeens-en-lutte-pour-le-droit-de-greve\/\"]}]},{\"@type\":\"BreadcrumbList\",\"@id\":\"https:\/\/admin.industriall-union.org\/fr\/les-syndicats-europeens-en-lutte-pour-le-droit-de-greve\/#breadcrumb\",\"itemListElement\":[{\"@type\":\"ListItem\",\"position\":1,\"name\":\"Home\",\"item\":\"https:\/\/admin.industriall-union.org\/\"},{\"@type\":\"ListItem\",\"position\":2,\"name\":\"Articles\",\"item\":\"https:\/\/admin.industriall-union.org\/article\/\"},{\"@type\":\"ListItem\",\"position\":3,\"name\":\"Les syndicats europ\u00e9ens en lutte pour le droit de gr\u00e8ve\"}]},{\"@type\":\"WebSite\",\"@id\":\"https:\/\/admin.industriall-union.org\/#website\",\"url\":\"https:\/\/admin.industriall-union.org\/\",\"name\":\"industriall-union\",\"description\":\"\",\"potentialAction\":[{\"@type\":\"SearchAction\",\"target\":{\"@type\":\"EntryPoint\",\"urlTemplate\":\"https:\/\/admin.industriall-union.org\/?s={search_term_string}\"},\"query-input\":{\"@type\":\"PropertyValueSpecification\",\"valueRequired\":true,\"valueName\":\"search_term_string\"}}],\"inLanguage\":\"fr-FR\"}]}<\/script>\n<!-- \/ Yoast SEO Premium plugin. -->","yoast_head_json":{"title":"Les syndicats europ\u00e9ens en lutte pour le droit de gr\u00e8ve - industriall-union","description":"Pendant trois ans, le groupe des employeurs a paralys\u00e9 les travaux de l&#039;Organisation internationale du travail (OIT) en pr\u00e9tendant que le droit de","robots":{"index":"index","follow":"follow","max-snippet":"max-snippet:-1","max-image-preview":"max-image-preview:large","max-video-preview":"max-video-preview:-1"},"canonical":"https:\/\/admin.industriall-union.org\/fr\/les-syndicats-europeens-en-lutte-pour-le-droit-de-greve\/","og_locale":"fr_FR","og_type":"article","og_title":"Les syndicats europ\u00e9ens en lutte pour le droit de gr\u00e8ve","og_description":"Pendant trois ans, le groupe des employeurs a paralys\u00e9 les travaux de l&#039;Organisation internationale du travail (OIT) en pr\u00e9tendant que le droit de","og_url":"https:\/\/admin.industriall-union.org\/fr\/les-syndicats-europeens-en-lutte-pour-le-droit-de-greve\/","og_site_name":"industriall-union","article_modified_time":"2025-02-07T05:20:30+00:00","twitter_card":"summary_large_image","twitter_misc":{"Est. reading time":"3 minutes"},"schema":{"@context":"https:\/\/schema.org","@graph":[{"@type":"WebPage","@id":"https:\/\/admin.industriall-union.org\/fr\/les-syndicats-europeens-en-lutte-pour-le-droit-de-greve\/","url":"https:\/\/admin.industriall-union.org\/fr\/les-syndicats-europeens-en-lutte-pour-le-droit-de-greve\/","name":"Les syndicats europ\u00e9ens en lutte pour le droit de gr\u00e8ve - industriall-union","isPartOf":{"@id":"https:\/\/admin.industriall-union.org\/#website"},"datePublished":"2016-02-23T15:25:16+00:00","dateModified":"2025-02-07T05:20:30+00:00","description":"Pendant trois ans, le groupe des employeurs a paralys\u00e9 les travaux de l&#039;Organisation internationale du travail (OIT) en pr\u00e9tendant que le droit de","breadcrumb":{"@id":"https:\/\/admin.industriall-union.org\/fr\/les-syndicats-europeens-en-lutte-pour-le-droit-de-greve\/#breadcrumb"},"inLanguage":"fr-FR","potentialAction":[{"@type":"ReadAction","target":["https:\/\/admin.industriall-union.org\/fr\/les-syndicats-europeens-en-lutte-pour-le-droit-de-greve\/"]}]},{"@type":"BreadcrumbList","@id":"https:\/\/admin.industriall-union.org\/fr\/les-syndicats-europeens-en-lutte-pour-le-droit-de-greve\/#breadcrumb","itemListElement":[{"@type":"ListItem","position":1,"name":"Home","item":"https:\/\/admin.industriall-union.org\/"},{"@type":"ListItem","position":2,"name":"Articles","item":"https:\/\/admin.industriall-union.org\/article\/"},{"@type":"ListItem","position":3,"name":"Les syndicats europ\u00e9ens en lutte pour le droit de gr\u00e8ve"}]},{"@type":"WebSite","@id":"https:\/\/admin.industriall-union.org\/#website","url":"https:\/\/admin.industriall-union.org\/","name":"industriall-union","description":"","potentialAction":[{"@type":"SearchAction","target":{"@type":"EntryPoint","urlTemplate":"https:\/\/admin.industriall-union.org\/?s={search_term_string}"},"query-input":{"@type":"PropertyValueSpecification","valueRequired":true,"valueName":"search_term_string"}}],"inLanguage":"fr-FR"}]}},"_links":{"self":[{"href":"https:\/\/admin.industriall-union.org\/fr\/wp-json\/wp\/v2\/article\/150672","targetHints":{"allow":["GET"]}}],"collection":[{"href":"https:\/\/admin.industriall-union.org\/fr\/wp-json\/wp\/v2\/article"}],"about":[{"href":"https:\/\/admin.industriall-union.org\/fr\/wp-json\/wp\/v2\/types\/article"}],"wp:attachment":[{"href":"https:\/\/admin.industriall-union.org\/fr\/wp-json\/wp\/v2\/media?parent=150672"}],"wp:term":[{"taxonomy":"issues","embeddable":true,"href":"https:\/\/admin.industriall-union.org\/fr\/wp-json\/wp\/v2\/issues?post=150672"},{"taxonomy":"companies","embeddable":true,"href":"https:\/\/admin.industriall-union.org\/fr\/wp-json\/wp\/v2\/companies?post=150672"},{"taxonomy":"regions","embeddable":true,"href":"https:\/\/admin.industriall-union.org\/fr\/wp-json\/wp\/v2\/regions?post=150672"},{"taxonomy":"sectors","embeddable":true,"href":"https:\/\/admin.industriall-union.org\/fr\/wp-json\/wp\/v2\/sectors?post=150672"},{"taxonomy":"article_tags","embeddable":true,"href":"https:\/\/admin.industriall-union.org\/fr\/wp-json\/wp\/v2\/article_tags?post=150672"}],"curies":[{"name":"wp","href":"https:\/\/api.w.org\/{rel}","templated":true}]}}