{"id":150615,"date":"2016-03-14T14:59:56","date_gmt":"2016-03-14T14:59:56","guid":{"rendered":"https:\/\/admin.industriall-union.org\/georgie-victoire-syndicale-apres-une-greve-d-039-un-mois-dans-le-secteur-du-verre\/"},"modified":"2025-02-07T04:36:50","modified_gmt":"2025-02-07T04:36:50","slug":"georgie-victoire-syndicale-apres-une-greve-d-039-un-mois-dans-le-secteur-du-verre","status":"publish","type":"article","link":"https:\/\/admin.industriall-union.org\/fr\/georgie-victoire-syndicale-apres-une-greve-d-039-un-mois-dans-le-secteur-du-verre\/","title":{"rendered":"G\u00e9orgie : victoire syndicale apr\u00e8s une gr\u00e8ve d&#039;un mois dans le secteur du verre"},"content":{"rendered":"<p>L&#039;employeur a accept\u00e9 d&#039;augmenter les salaires de 7,5 pour cent \u00e0 dater du 1<sup>er<\/sup> janvier 2016, d&#039;entamer la n\u00e9gociation d&#039;une convention collective en avril 2016 devant entrer en vigueur au 1<sup>er<\/sup> janvier 2017, et de mettre des locaux \u00e0 la disposition de la section locale du Syndicat des travailleurs de la m\u00e9tallurgie, la mine et la chimie de G\u00e9orgie (TUMMCIWG), affili\u00e9 \u00e0 IndustriALL Global Union.<\/p><p>Une campagne de solidarit\u00e9 internationale a \u00e9galement contribu\u00e9 \u00e0 cette victoire syndicale. Le Pr\u00e9sident du TUMMCIWG, Tamaz Dolaberidze, a remerci\u00e9 IndustriALL et toutes les organisations syndicales, y compris les affili\u00e9s d&#039;IndustriALL de la CEI, qui ont envoy\u00e9 des lettres de protestation \u00e0 la direction de l&#039;usine et \u00e0 la soci\u00e9t\u00e9 turque \u015ei\u015fecam Group, propri\u00e9taire de l&#039;usine de Ksani (JSC MINA).<\/p><p>&quot;Cette campagne de solidarit\u00e9 internationale fait une fois de plus la preuve de son importance, car chaque lettre d&#039;un syndicat a incit\u00e9 les gr\u00e9vistes \u00e0 poursuivre leur combat, les a renforc\u00e9s, et tout cela a conduit \u00e0 la victoire&quot;, a d\u00e9clar\u00e9 Tamaz Dolaberidze.<\/p><p>Les travailleurs de l&#039;usine de verre d&#039;emballage de Ksani ont lanc\u00e9 leur gr\u00e8ve le 5 f\u00e9vrier, apr\u00e8s que la direction ait une fois de plus rejet\u00e9 les revendications du TUMMCIWG qui r\u00e9clamait une convention collective et des hausses de salaires.<\/p><p>Le Secr\u00e9taire g\u00e9n\u00e9ral adjoint d&#039;IndustriALL Kemal \u00d6zkan a d\u00e9clar\u00e9 : &quot;Nous f\u00e9licitons notre affili\u00e9 g\u00e9orgien pour cette excellente victoire pour les travailleurs de Ksani. Nous attendons maintenant de l&#039;entreprise qu&#039;elle remplisse ses obligations et respecte les \u00e9ch\u00e9ances qui ont \u00e9t\u00e9 fix\u00e9es.&quot;<\/p>","protected":false},"featured_media":0,"template":"","issues":[],"companies":[],"regions":[218],"sectors":[487],"article_tags":[529],"class_list":["post-150615","article","type-article","status-publish","hentry","regions-georgia","sectors-glass","article_tags-strike"],"acf":[],"yoast_head":"<!-- This site is optimized with the Yoast SEO Premium plugin v27.1 (Yoast SEO v27.1) - https:\/\/yoast.com\/product\/yoast-seo-premium-wordpress\/ -->\n<title>G\u00e9orgie : victoire syndicale apr\u00e8s une gr\u00e8ve d&#039;un mois dans le secteur du verre - industriall-union<\/title>\n<meta name=\"description\" content=\"L&#039;employeur a accept\u00e9 d&#039;augmenter les salaires de 7,5 pour cent \u00e0 dater du 1er janvier 2016, d&#039;entamer la n\u00e9gociation d&#039;une convention\" \/>\n<meta name=\"robots\" content=\"index, follow, max-snippet:-1, max-image-preview:large, max-video-preview:-1\" \/>\n<link rel=\"canonical\" href=\"https:\/\/admin.industriall-union.org\/fr\/georgie-victoire-syndicale-apres-une-greve-d-039-un-mois-dans-le-secteur-du-verre\/\" \/>\n<meta property=\"og:locale\" content=\"fr_FR\" \/>\n<meta property=\"og:type\" content=\"article\" \/>\n<meta property=\"og:title\" content=\"G\u00e9orgie : victoire syndicale apr\u00e8s une gr\u00e8ve d&#039;un mois dans le secteur du verre\" \/>\n<meta property=\"og:description\" content=\"L&#039;employeur a accept\u00e9 d&#039;augmenter les salaires de 7,5 pour cent \u00e0 dater du 1er janvier 2016, d&#039;entamer la n\u00e9gociation d&#039;une convention\" \/>\n<meta property=\"og:url\" content=\"https:\/\/admin.industriall-union.org\/fr\/georgie-victoire-syndicale-apres-une-greve-d-039-un-mois-dans-le-secteur-du-verre\/\" \/>\n<meta property=\"og:site_name\" content=\"industriall-union\" \/>\n<meta property=\"article:modified_time\" content=\"2025-02-07T04:36:50+00:00\" \/>\n<meta name=\"twitter:card\" content=\"summary_large_image\" \/>\n<meta name=\"twitter:label1\" content=\"Est. reading time\" \/>\n\t<meta name=\"twitter:data1\" content=\"1 minute\" \/>\n<script type=\"application\/ld+json\" class=\"yoast-schema-graph\">{\"@context\":\"https:\/\/schema.org\",\"@graph\":[{\"@type\":\"WebPage\",\"@id\":\"https:\/\/admin.industriall-union.org\/fr\/georgie-victoire-syndicale-apres-une-greve-d-039-un-mois-dans-le-secteur-du-verre\/\",\"url\":\"https:\/\/admin.industriall-union.org\/fr\/georgie-victoire-syndicale-apres-une-greve-d-039-un-mois-dans-le-secteur-du-verre\/\",\"name\":\"G\u00e9orgie : victoire syndicale apr\u00e8s une gr\u00e8ve d&#039;un mois dans le secteur du verre - industriall-union\",\"isPartOf\":{\"@id\":\"https:\/\/admin.industriall-union.org\/#website\"},\"datePublished\":\"2016-03-14T14:59:56+00:00\",\"dateModified\":\"2025-02-07T04:36:50+00:00\",\"description\":\"L&#039;employeur a accept\u00e9 d&#039;augmenter les salaires de 7,5 pour cent \u00e0 dater du 1er janvier 2016, d&#039;entamer la n\u00e9gociation d&#039;une convention\",\"breadcrumb\":{\"@id\":\"https:\/\/admin.industriall-union.org\/fr\/georgie-victoire-syndicale-apres-une-greve-d-039-un-mois-dans-le-secteur-du-verre\/#breadcrumb\"},\"inLanguage\":\"fr-FR\",\"potentialAction\":[{\"@type\":\"ReadAction\",\"target\":[\"https:\/\/admin.industriall-union.org\/fr\/georgie-victoire-syndicale-apres-une-greve-d-039-un-mois-dans-le-secteur-du-verre\/\"]}]},{\"@type\":\"BreadcrumbList\",\"@id\":\"https:\/\/admin.industriall-union.org\/fr\/georgie-victoire-syndicale-apres-une-greve-d-039-un-mois-dans-le-secteur-du-verre\/#breadcrumb\",\"itemListElement\":[{\"@type\":\"ListItem\",\"position\":1,\"name\":\"Home\",\"item\":\"https:\/\/admin.industriall-union.org\/\"},{\"@type\":\"ListItem\",\"position\":2,\"name\":\"Articles\",\"item\":\"https:\/\/admin.industriall-union.org\/article\/\"},{\"@type\":\"ListItem\",\"position\":3,\"name\":\"G\u00e9orgie : victoire syndicale apr\u00e8s une gr\u00e8ve d&#039;un mois dans le secteur du verre\"}]},{\"@type\":\"WebSite\",\"@id\":\"https:\/\/admin.industriall-union.org\/#website\",\"url\":\"https:\/\/admin.industriall-union.org\/\",\"name\":\"industriall-union\",\"description\":\"\",\"potentialAction\":[{\"@type\":\"SearchAction\",\"target\":{\"@type\":\"EntryPoint\",\"urlTemplate\":\"https:\/\/admin.industriall-union.org\/?s={search_term_string}\"},\"query-input\":{\"@type\":\"PropertyValueSpecification\",\"valueRequired\":true,\"valueName\":\"search_term_string\"}}],\"inLanguage\":\"fr-FR\"}]}<\/script>\n<!-- \/ Yoast SEO Premium plugin. -->","yoast_head_json":{"title":"G\u00e9orgie : victoire syndicale apr\u00e8s une gr\u00e8ve d&#039;un mois dans le secteur du verre - industriall-union","description":"L&#039;employeur a accept\u00e9 d&#039;augmenter les salaires de 7,5 pour cent \u00e0 dater du 1er janvier 2016, d&#039;entamer la n\u00e9gociation d&#039;une convention","robots":{"index":"index","follow":"follow","max-snippet":"max-snippet:-1","max-image-preview":"max-image-preview:large","max-video-preview":"max-video-preview:-1"},"canonical":"https:\/\/admin.industriall-union.org\/fr\/georgie-victoire-syndicale-apres-une-greve-d-039-un-mois-dans-le-secteur-du-verre\/","og_locale":"fr_FR","og_type":"article","og_title":"G\u00e9orgie : victoire syndicale apr\u00e8s une gr\u00e8ve d&#039;un mois dans le secteur du verre","og_description":"L&#039;employeur a accept\u00e9 d&#039;augmenter les salaires de 7,5 pour cent \u00e0 dater du 1er janvier 2016, d&#039;entamer la n\u00e9gociation d&#039;une convention","og_url":"https:\/\/admin.industriall-union.org\/fr\/georgie-victoire-syndicale-apres-une-greve-d-039-un-mois-dans-le-secteur-du-verre\/","og_site_name":"industriall-union","article_modified_time":"2025-02-07T04:36:50+00:00","twitter_card":"summary_large_image","twitter_misc":{"Est. reading time":"1 minute"},"schema":{"@context":"https:\/\/schema.org","@graph":[{"@type":"WebPage","@id":"https:\/\/admin.industriall-union.org\/fr\/georgie-victoire-syndicale-apres-une-greve-d-039-un-mois-dans-le-secteur-du-verre\/","url":"https:\/\/admin.industriall-union.org\/fr\/georgie-victoire-syndicale-apres-une-greve-d-039-un-mois-dans-le-secteur-du-verre\/","name":"G\u00e9orgie : victoire syndicale apr\u00e8s une gr\u00e8ve d&#039;un mois dans le secteur du verre - industriall-union","isPartOf":{"@id":"https:\/\/admin.industriall-union.org\/#website"},"datePublished":"2016-03-14T14:59:56+00:00","dateModified":"2025-02-07T04:36:50+00:00","description":"L&#039;employeur a accept\u00e9 d&#039;augmenter les salaires de 7,5 pour cent \u00e0 dater du 1er janvier 2016, d&#039;entamer la n\u00e9gociation d&#039;une convention","breadcrumb":{"@id":"https:\/\/admin.industriall-union.org\/fr\/georgie-victoire-syndicale-apres-une-greve-d-039-un-mois-dans-le-secteur-du-verre\/#breadcrumb"},"inLanguage":"fr-FR","potentialAction":[{"@type":"ReadAction","target":["https:\/\/admin.industriall-union.org\/fr\/georgie-victoire-syndicale-apres-une-greve-d-039-un-mois-dans-le-secteur-du-verre\/"]}]},{"@type":"BreadcrumbList","@id":"https:\/\/admin.industriall-union.org\/fr\/georgie-victoire-syndicale-apres-une-greve-d-039-un-mois-dans-le-secteur-du-verre\/#breadcrumb","itemListElement":[{"@type":"ListItem","position":1,"name":"Home","item":"https:\/\/admin.industriall-union.org\/"},{"@type":"ListItem","position":2,"name":"Articles","item":"https:\/\/admin.industriall-union.org\/article\/"},{"@type":"ListItem","position":3,"name":"G\u00e9orgie : victoire syndicale apr\u00e8s une gr\u00e8ve d&#039;un mois dans le secteur du verre"}]},{"@type":"WebSite","@id":"https:\/\/admin.industriall-union.org\/#website","url":"https:\/\/admin.industriall-union.org\/","name":"industriall-union","description":"","potentialAction":[{"@type":"SearchAction","target":{"@type":"EntryPoint","urlTemplate":"https:\/\/admin.industriall-union.org\/?s={search_term_string}"},"query-input":{"@type":"PropertyValueSpecification","valueRequired":true,"valueName":"search_term_string"}}],"inLanguage":"fr-FR"}]}},"_links":{"self":[{"href":"https:\/\/admin.industriall-union.org\/fr\/wp-json\/wp\/v2\/article\/150615","targetHints":{"allow":["GET"]}}],"collection":[{"href":"https:\/\/admin.industriall-union.org\/fr\/wp-json\/wp\/v2\/article"}],"about":[{"href":"https:\/\/admin.industriall-union.org\/fr\/wp-json\/wp\/v2\/types\/article"}],"wp:attachment":[{"href":"https:\/\/admin.industriall-union.org\/fr\/wp-json\/wp\/v2\/media?parent=150615"}],"wp:term":[{"taxonomy":"issues","embeddable":true,"href":"https:\/\/admin.industriall-union.org\/fr\/wp-json\/wp\/v2\/issues?post=150615"},{"taxonomy":"companies","embeddable":true,"href":"https:\/\/admin.industriall-union.org\/fr\/wp-json\/wp\/v2\/companies?post=150615"},{"taxonomy":"regions","embeddable":true,"href":"https:\/\/admin.industriall-union.org\/fr\/wp-json\/wp\/v2\/regions?post=150615"},{"taxonomy":"sectors","embeddable":true,"href":"https:\/\/admin.industriall-union.org\/fr\/wp-json\/wp\/v2\/sectors?post=150615"},{"taxonomy":"article_tags","embeddable":true,"href":"https:\/\/admin.industriall-union.org\/fr\/wp-json\/wp\/v2\/article_tags?post=150615"}],"curies":[{"name":"wp","href":"https:\/\/api.w.org\/{rel}","templated":true}]}}