{"id":150584,"date":"2016-03-18T16:06:22","date_gmt":"2016-03-18T16:06:22","guid":{"rendered":"https:\/\/admin.industriall-union.org\/crown-expulse-des-travailleurs-d-une-usine-marocaine\/"},"modified":"2025-02-07T04:18:23","modified_gmt":"2025-02-07T04:18:23","slug":"crown-expulse-des-travailleurs-d-une-usine-marocaine","status":"publish","type":"article","link":"https:\/\/admin.industriall-union.org\/fr\/crown-expulse-des-travailleurs-d-une-usine-marocaine\/","title":{"rendered":"Crown expulse des travailleurs d\u2019une usine marocaine"},"content":{"rendered":"<p>La police a commenc\u00e9 \u00e0 expulser les travailleurs du site de l&rsquo;entreprise \u00e0 Agadir le 15 mars, selon l&rsquo;Union Marocaine du Travail (UMT). Les travailleurs \u00e9taient en gr\u00e8ve au sein des deux usines de Crown Packaging Maroc \u00e0 Casablanca et Agadir depuis le 2 mars.<\/p><p>La gr\u00e8ve avait \u00e9t\u00e9 lanc\u00e9e \u00e0 la suite d&rsquo;une s\u00e9rie d&rsquo;annonces faites par la direction en l&rsquo;absence de n\u00e9gociation et de concertation avec les repr\u00e9sentants des travailleurs.<\/p><p>Ceux-ci sont particuli\u00e8rement inquiets du manque de dialogue significatif avec la direction, le d\u00e9placement de mat\u00e9riel hors des usines sans concertation pr\u00e9alable et la non-application d&rsquo;un accord pr\u00e9alablement sign\u00e9 en novembre 2014.<\/p><p>Les autres pr\u00e9occupations concernent 60 licenciements annonc\u00e9s sans concertation pr\u00e9alable avec le syndicat, la pression mise sur les travailleurs pour qu&rsquo;ils prestent plus de 10 heures par jour et la limitation de l&rsquo;acc\u00e8s des travailleurs \u00e0 certaines prestations sociales.<\/p><p>Dans un courrier adress\u00e9 \u00e0 la direction de Crown Holding Inc, \u00e0 Philadelphie, aux \u00c9tats-Unis, Jyrki Raina, Secr\u00e9taire g\u00e9n\u00e9ral d&rsquo;IndustriALL, s&rsquo;aligne sur les revendications des travailleurs et \u00e9crit&nbsp;:<\/p><p>&ldquo;Il est imp\u00e9ratif que Crown Packaging Maroc prenne en consid\u00e9ration les revendications l\u00e9gitimes de l&rsquo;Union Marocaine du Travail. Crown doit engager un dialogue social digne de ce nom avec le syndicat et respecter les droits fondamentaux des travailleurs \u00e0 la libert\u00e9 syndicale et \u00e0 la n\u00e9gociation collective.&rdquo;<\/p>","protected":false},"featured_media":0,"template":"","issues":[424,425],"companies":[30],"regions":[300],"sectors":[481],"article_tags":[],"class_list":["post-150584","article","type-article","status-publish","hentry","issues-violation","issues-workers-rights","companies-crown","regions-morocco","sectors-base-metals"],"acf":[],"yoast_head":"<!-- This site is optimized with the Yoast SEO Premium plugin v27.1 (Yoast SEO v27.1) - https:\/\/yoast.com\/product\/yoast-seo-premium-wordpress\/ -->\n<title>Crown expulse des travailleurs d\u2019une usine marocaine - industriall-union<\/title>\n<meta name=\"description\" content=\"La police a commenc\u00e9 \u00e0 expulser les travailleurs du site de l&rsquo;entreprise \u00e0 Agadir le 15 mars, selon l&rsquo;Union Marocaine du Travail (UMT). Les\" \/>\n<meta name=\"robots\" content=\"index, follow, max-snippet:-1, max-image-preview:large, max-video-preview:-1\" \/>\n<link rel=\"canonical\" href=\"https:\/\/admin.industriall-union.org\/fr\/crown-expulse-des-travailleurs-d-une-usine-marocaine\/\" \/>\n<meta property=\"og:locale\" content=\"fr_FR\" \/>\n<meta property=\"og:type\" content=\"article\" \/>\n<meta property=\"og:title\" content=\"Crown expulse des travailleurs d\u2019une usine marocaine\" \/>\n<meta property=\"og:description\" content=\"La police a commenc\u00e9 \u00e0 expulser les travailleurs du site de l&rsquo;entreprise \u00e0 Agadir le 15 mars, selon l&rsquo;Union Marocaine du Travail (UMT). Les\" \/>\n<meta property=\"og:url\" content=\"https:\/\/admin.industriall-union.org\/fr\/crown-expulse-des-travailleurs-d-une-usine-marocaine\/\" \/>\n<meta property=\"og:site_name\" content=\"industriall-union\" \/>\n<meta property=\"article:modified_time\" content=\"2025-02-07T04:18:23+00:00\" \/>\n<meta name=\"twitter:card\" content=\"summary_large_image\" \/>\n<meta name=\"twitter:label1\" content=\"Est. reading time\" \/>\n\t<meta name=\"twitter:data1\" content=\"1 minute\" \/>\n<script type=\"application\/ld+json\" class=\"yoast-schema-graph\">{\"@context\":\"https:\/\/schema.org\",\"@graph\":[{\"@type\":\"WebPage\",\"@id\":\"https:\/\/admin.industriall-union.org\/fr\/crown-expulse-des-travailleurs-d-une-usine-marocaine\/\",\"url\":\"https:\/\/admin.industriall-union.org\/fr\/crown-expulse-des-travailleurs-d-une-usine-marocaine\/\",\"name\":\"Crown expulse des travailleurs d\u2019une usine marocaine - industriall-union\",\"isPartOf\":{\"@id\":\"https:\/\/admin.industriall-union.org\/ru\/#website\"},\"datePublished\":\"2016-03-18T16:06:22+00:00\",\"dateModified\":\"2025-02-07T04:18:23+00:00\",\"description\":\"La police a commenc\u00e9 \u00e0 expulser les travailleurs du site de l&rsquo;entreprise \u00e0 Agadir le 15 mars, selon l&rsquo;Union Marocaine du Travail (UMT). Les\",\"breadcrumb\":{\"@id\":\"https:\/\/admin.industriall-union.org\/fr\/crown-expulse-des-travailleurs-d-une-usine-marocaine\/#breadcrumb\"},\"inLanguage\":\"fr-FR\",\"potentialAction\":[{\"@type\":\"ReadAction\",\"target\":[\"https:\/\/admin.industriall-union.org\/fr\/crown-expulse-des-travailleurs-d-une-usine-marocaine\/\"]}]},{\"@type\":\"BreadcrumbList\",\"@id\":\"https:\/\/admin.industriall-union.org\/fr\/crown-expulse-des-travailleurs-d-une-usine-marocaine\/#breadcrumb\",\"itemListElement\":[{\"@type\":\"ListItem\",\"position\":1,\"name\":\"Home\",\"item\":\"https:\/\/admin.industriall-union.org\/ru\/\"},{\"@type\":\"ListItem\",\"position\":2,\"name\":\"Articles\",\"item\":\"https:\/\/admin.industriall-union.org\/ru\/article\/\"},{\"@type\":\"ListItem\",\"position\":3,\"name\":\"Crown expulse des travailleurs d\u2019une usine marocaine\"}]},{\"@type\":\"WebSite\",\"@id\":\"https:\/\/admin.industriall-union.org\/ru\/#website\",\"url\":\"https:\/\/admin.industriall-union.org\/ru\/\",\"name\":\"industriall-union\",\"description\":\"\",\"potentialAction\":[{\"@type\":\"SearchAction\",\"target\":{\"@type\":\"EntryPoint\",\"urlTemplate\":\"https:\/\/admin.industriall-union.org\/ru\/?s={search_term_string}\"},\"query-input\":{\"@type\":\"PropertyValueSpecification\",\"valueRequired\":true,\"valueName\":\"search_term_string\"}}],\"inLanguage\":\"fr-FR\"}]}<\/script>\n<!-- \/ Yoast SEO Premium plugin. -->","yoast_head_json":{"title":"Crown expulse des travailleurs d\u2019une usine marocaine - industriall-union","description":"La police a commenc\u00e9 \u00e0 expulser les travailleurs du site de l&rsquo;entreprise \u00e0 Agadir le 15 mars, selon l&rsquo;Union Marocaine du Travail (UMT). Les","robots":{"index":"index","follow":"follow","max-snippet":"max-snippet:-1","max-image-preview":"max-image-preview:large","max-video-preview":"max-video-preview:-1"},"canonical":"https:\/\/admin.industriall-union.org\/fr\/crown-expulse-des-travailleurs-d-une-usine-marocaine\/","og_locale":"fr_FR","og_type":"article","og_title":"Crown expulse des travailleurs d\u2019une usine marocaine","og_description":"La police a commenc\u00e9 \u00e0 expulser les travailleurs du site de l&rsquo;entreprise \u00e0 Agadir le 15 mars, selon l&rsquo;Union Marocaine du Travail (UMT). Les","og_url":"https:\/\/admin.industriall-union.org\/fr\/crown-expulse-des-travailleurs-d-une-usine-marocaine\/","og_site_name":"industriall-union","article_modified_time":"2025-02-07T04:18:23+00:00","twitter_card":"summary_large_image","twitter_misc":{"Est. reading time":"1 minute"},"schema":{"@context":"https:\/\/schema.org","@graph":[{"@type":"WebPage","@id":"https:\/\/admin.industriall-union.org\/fr\/crown-expulse-des-travailleurs-d-une-usine-marocaine\/","url":"https:\/\/admin.industriall-union.org\/fr\/crown-expulse-des-travailleurs-d-une-usine-marocaine\/","name":"Crown expulse des travailleurs d\u2019une usine marocaine - industriall-union","isPartOf":{"@id":"https:\/\/admin.industriall-union.org\/ru\/#website"},"datePublished":"2016-03-18T16:06:22+00:00","dateModified":"2025-02-07T04:18:23+00:00","description":"La police a commenc\u00e9 \u00e0 expulser les travailleurs du site de l&rsquo;entreprise \u00e0 Agadir le 15 mars, selon l&rsquo;Union Marocaine du Travail (UMT). Les","breadcrumb":{"@id":"https:\/\/admin.industriall-union.org\/fr\/crown-expulse-des-travailleurs-d-une-usine-marocaine\/#breadcrumb"},"inLanguage":"fr-FR","potentialAction":[{"@type":"ReadAction","target":["https:\/\/admin.industriall-union.org\/fr\/crown-expulse-des-travailleurs-d-une-usine-marocaine\/"]}]},{"@type":"BreadcrumbList","@id":"https:\/\/admin.industriall-union.org\/fr\/crown-expulse-des-travailleurs-d-une-usine-marocaine\/#breadcrumb","itemListElement":[{"@type":"ListItem","position":1,"name":"Home","item":"https:\/\/admin.industriall-union.org\/ru\/"},{"@type":"ListItem","position":2,"name":"Articles","item":"https:\/\/admin.industriall-union.org\/ru\/article\/"},{"@type":"ListItem","position":3,"name":"Crown expulse des travailleurs d\u2019une usine marocaine"}]},{"@type":"WebSite","@id":"https:\/\/admin.industriall-union.org\/ru\/#website","url":"https:\/\/admin.industriall-union.org\/ru\/","name":"industriall-union","description":"","potentialAction":[{"@type":"SearchAction","target":{"@type":"EntryPoint","urlTemplate":"https:\/\/admin.industriall-union.org\/ru\/?s={search_term_string}"},"query-input":{"@type":"PropertyValueSpecification","valueRequired":true,"valueName":"search_term_string"}}],"inLanguage":"fr-FR"}]}},"_links":{"self":[{"href":"https:\/\/admin.industriall-union.org\/fr\/wp-json\/wp\/v2\/article\/150584","targetHints":{"allow":["GET"]}}],"collection":[{"href":"https:\/\/admin.industriall-union.org\/fr\/wp-json\/wp\/v2\/article"}],"about":[{"href":"https:\/\/admin.industriall-union.org\/fr\/wp-json\/wp\/v2\/types\/article"}],"wp:attachment":[{"href":"https:\/\/admin.industriall-union.org\/fr\/wp-json\/wp\/v2\/media?parent=150584"}],"wp:term":[{"taxonomy":"issues","embeddable":true,"href":"https:\/\/admin.industriall-union.org\/fr\/wp-json\/wp\/v2\/issues?post=150584"},{"taxonomy":"companies","embeddable":true,"href":"https:\/\/admin.industriall-union.org\/fr\/wp-json\/wp\/v2\/companies?post=150584"},{"taxonomy":"regions","embeddable":true,"href":"https:\/\/admin.industriall-union.org\/fr\/wp-json\/wp\/v2\/regions?post=150584"},{"taxonomy":"sectors","embeddable":true,"href":"https:\/\/admin.industriall-union.org\/fr\/wp-json\/wp\/v2\/sectors?post=150584"},{"taxonomy":"article_tags","embeddable":true,"href":"https:\/\/admin.industriall-union.org\/fr\/wp-json\/wp\/v2\/article_tags?post=150584"}],"curies":[{"name":"wp","href":"https:\/\/api.w.org\/{rel}","templated":true}]}}