{"id":150562,"date":"2016-03-24T10:21:42","date_gmt":"2016-03-24T10:21:42","guid":{"rendered":"https:\/\/admin.industriall-union.org\/whirlpool-signe-un-accord-cadre-avec-les-travailleurs-en-europe\/"},"modified":"2025-02-07T04:07:37","modified_gmt":"2025-02-07T04:07:37","slug":"whirlpool-signe-un-accord-cadre-avec-les-travailleurs-en-europe","status":"publish","type":"article","link":"https:\/\/admin.industriall-union.org\/fr\/whirlpool-signe-un-accord-cadre-avec-les-travailleurs-en-europe\/","title":{"rendered":"Whirlpool signe un accord-cadre avec les travailleurs en Europe"},"content":{"rendered":"<p>Lors d&rsquo;une r\u00e9union \u00e0 Rome le 18 mars 2016, des repr\u00e9sentants des travailleurs de Whirlpool et Indesit en Europe ont conclu un accord avec la direction de l&rsquo;entreprise pour la mise en place d&rsquo;un Conseil d&rsquo;entreprise pour l&rsquo;Europe, le Moyen-Orient et l&rsquo;Afrique. L&rsquo;accord entre en vigueur le 1er juillet 2016.<\/p><p>La direction a accept\u00e9 d&rsquo;incorporer tous les amendements \u00e0 l&rsquo;accord soumis par le comit\u00e9 sp\u00e9cial de n\u00e9gociation du Comit\u00e9 europ\u00e9en des salari\u00e9s de Whirpool (Whirlpool European Employee Committee &#8211; WEEC), augurant d&rsquo;une nouvelle \u00e8re de collaboration sociale au sein de l&rsquo;entreprise.<\/p><p>La soci\u00e9t\u00e9 am\u00e9ricaine Whirlpool a acquis 100% des actions du g\u00e9ant italien de l&rsquo;\u00e9lectro-m\u00e9nager Indesit fin 2014, doublant ainsi sa pr\u00e9sence en Europe, au Moyen-Orient et en Afrique. L&rsquo;entreprise fabrique des appareils tels que des r\u00e9frig\u00e9rateurs et cong\u00e9lateurs, des machines \u00e0 laver et des plaques de cuisson.<\/p><p>Cette acquisition a conduit \u00e0 une s\u00e9rie de licenciements, en particulier en Italie, et Whirlpool et Indesit ont \u00e9t\u00e9 soumis \u00e0 des actions de gr\u00e8ve de la part des syndicats. Apr\u00e8s qu&rsquo;un accord sur le plan industriel pour l&rsquo;Italie a \u00e9t\u00e9 sign\u00e9 le 24 juillet 2015 par le gouvernement, les syndicats et Whirlpool, les relations avec l&rsquo;entreprise ont connu une am\u00e9lioration.<\/p><p>Kan Matsuzaki, Directeur d&rsquo;IndustriALL pour les secteurs de l&rsquo;informatique, \u00e9lectricit\u00e9 et \u00e9lectronique ainsi que de la construction navale et la d\u00e9molition des navires a d\u00e9clar\u00e9&nbsp;:<\/p><blockquote><p>&ldquo;C&rsquo;est un pas dans la bonne direction qu&rsquo;a accompli l&rsquo;entreprise en signant l&rsquo;accord et en adoptant les amendements propos\u00e9s par le WEEC. La p\u00e9riode qui a suivi l&rsquo;acquisition d&rsquo;Indesit a \u00e9t\u00e9 difficile et a men\u00e9 \u00e0 des conflits sur les licenciements. Je suis convaincu que cet accord signifie que l&rsquo;entreprise reconna\u00eet le r\u00f4le des syndicats et que l&rsquo;on aboutira \u00e0 une meilleure communication.&rdquo;<\/p><\/blockquote><p>Le coordinateur europ\u00e9en d&rsquo;IndustriALL au WEEC, Gianni Alioti, a indiqu\u00e9&nbsp;:<\/p><blockquote><p>&ldquo;Nous sommes heureux de la formulation de l&rsquo;accord, qui est conforme aux Directives europ\u00e9ennes concern\u00e9es. Il comporte un certain nombre d&rsquo;avantages par rapport \u00e0 de nombreux autres accords de CEE. Celui-ci pr\u00e9voit la participation pleine et enti\u00e8re des repr\u00e9sentants des travailleurs, y compris ceux de Russie, d&rsquo;Afrique du Sud et de Turquie. Ceci va promouvoir l&rsquo;int\u00e9gration des diff\u00e9rentes cultures des salari\u00e9s de Whirlpool&rdquo;<\/p><\/blockquote>","protected":false},"featured_media":0,"template":"","issues":[407],"companies":[147],"regions":[224],"sectors":[490],"article_tags":[],"class_list":["post-150562","article","type-article","status-publish","hentry","issues-global-framework-agreements","companies-whirlpool","regions-italy","sectors-ict-electrical-and-electronics"],"acf":[],"yoast_head":"<!-- This site is optimized with the Yoast SEO Premium plugin v27.1 (Yoast SEO v27.1) - https:\/\/yoast.com\/product\/yoast-seo-premium-wordpress\/ -->\n<title>Whirlpool signe un accord-cadre avec les travailleurs en Europe - industriall-union<\/title>\n<meta name=\"description\" content=\"Lors d&rsquo;une r\u00e9union \u00e0 Rome le 18 mars 2016, des repr\u00e9sentants des travailleurs de Whirlpool et Indesit en Europe ont conclu un accord avec la\" \/>\n<meta name=\"robots\" content=\"index, follow, max-snippet:-1, max-image-preview:large, max-video-preview:-1\" \/>\n<link rel=\"canonical\" href=\"https:\/\/admin.industriall-union.org\/fr\/whirlpool-signe-un-accord-cadre-avec-les-travailleurs-en-europe\/\" \/>\n<meta property=\"og:locale\" content=\"fr_FR\" \/>\n<meta property=\"og:type\" content=\"article\" \/>\n<meta property=\"og:title\" content=\"Whirlpool signe un accord-cadre avec les travailleurs en Europe\" \/>\n<meta property=\"og:description\" content=\"Lors d&rsquo;une r\u00e9union \u00e0 Rome le 18 mars 2016, des repr\u00e9sentants des travailleurs de Whirlpool et Indesit en Europe ont conclu un accord avec la\" \/>\n<meta property=\"og:url\" content=\"https:\/\/admin.industriall-union.org\/fr\/whirlpool-signe-un-accord-cadre-avec-les-travailleurs-en-europe\/\" \/>\n<meta property=\"og:site_name\" content=\"industriall-union\" \/>\n<meta property=\"article:modified_time\" content=\"2025-02-07T04:07:37+00:00\" \/>\n<meta name=\"twitter:card\" content=\"summary_large_image\" \/>\n<meta name=\"twitter:label1\" content=\"Est. reading time\" \/>\n\t<meta name=\"twitter:data1\" content=\"2 minutes\" \/>\n<script type=\"application\/ld+json\" class=\"yoast-schema-graph\">{\"@context\":\"https:\/\/schema.org\",\"@graph\":[{\"@type\":\"WebPage\",\"@id\":\"https:\/\/admin.industriall-union.org\/fr\/whirlpool-signe-un-accord-cadre-avec-les-travailleurs-en-europe\/\",\"url\":\"https:\/\/admin.industriall-union.org\/fr\/whirlpool-signe-un-accord-cadre-avec-les-travailleurs-en-europe\/\",\"name\":\"Whirlpool signe un accord-cadre avec les travailleurs en Europe - industriall-union\",\"isPartOf\":{\"@id\":\"https:\/\/admin.industriall-union.org\/#website\"},\"datePublished\":\"2016-03-24T10:21:42+00:00\",\"dateModified\":\"2025-02-07T04:07:37+00:00\",\"description\":\"Lors d&rsquo;une r\u00e9union \u00e0 Rome le 18 mars 2016, des repr\u00e9sentants des travailleurs de Whirlpool et Indesit en Europe ont conclu un accord avec la\",\"breadcrumb\":{\"@id\":\"https:\/\/admin.industriall-union.org\/fr\/whirlpool-signe-un-accord-cadre-avec-les-travailleurs-en-europe\/#breadcrumb\"},\"inLanguage\":\"fr-FR\",\"potentialAction\":[{\"@type\":\"ReadAction\",\"target\":[\"https:\/\/admin.industriall-union.org\/fr\/whirlpool-signe-un-accord-cadre-avec-les-travailleurs-en-europe\/\"]}]},{\"@type\":\"BreadcrumbList\",\"@id\":\"https:\/\/admin.industriall-union.org\/fr\/whirlpool-signe-un-accord-cadre-avec-les-travailleurs-en-europe\/#breadcrumb\",\"itemListElement\":[{\"@type\":\"ListItem\",\"position\":1,\"name\":\"Home\",\"item\":\"https:\/\/admin.industriall-union.org\/\"},{\"@type\":\"ListItem\",\"position\":2,\"name\":\"Articles\",\"item\":\"https:\/\/admin.industriall-union.org\/article\/\"},{\"@type\":\"ListItem\",\"position\":3,\"name\":\"Whirlpool signe un accord-cadre avec les travailleurs en Europe\"}]},{\"@type\":\"WebSite\",\"@id\":\"https:\/\/admin.industriall-union.org\/#website\",\"url\":\"https:\/\/admin.industriall-union.org\/\",\"name\":\"industriall-union\",\"description\":\"\",\"potentialAction\":[{\"@type\":\"SearchAction\",\"target\":{\"@type\":\"EntryPoint\",\"urlTemplate\":\"https:\/\/admin.industriall-union.org\/?s={search_term_string}\"},\"query-input\":{\"@type\":\"PropertyValueSpecification\",\"valueRequired\":true,\"valueName\":\"search_term_string\"}}],\"inLanguage\":\"fr-FR\"}]}<\/script>\n<!-- \/ Yoast SEO Premium plugin. -->","yoast_head_json":{"title":"Whirlpool signe un accord-cadre avec les travailleurs en Europe - industriall-union","description":"Lors d&rsquo;une r\u00e9union \u00e0 Rome le 18 mars 2016, des repr\u00e9sentants des travailleurs de Whirlpool et Indesit en Europe ont conclu un accord avec la","robots":{"index":"index","follow":"follow","max-snippet":"max-snippet:-1","max-image-preview":"max-image-preview:large","max-video-preview":"max-video-preview:-1"},"canonical":"https:\/\/admin.industriall-union.org\/fr\/whirlpool-signe-un-accord-cadre-avec-les-travailleurs-en-europe\/","og_locale":"fr_FR","og_type":"article","og_title":"Whirlpool signe un accord-cadre avec les travailleurs en Europe","og_description":"Lors d&rsquo;une r\u00e9union \u00e0 Rome le 18 mars 2016, des repr\u00e9sentants des travailleurs de Whirlpool et Indesit en Europe ont conclu un accord avec la","og_url":"https:\/\/admin.industriall-union.org\/fr\/whirlpool-signe-un-accord-cadre-avec-les-travailleurs-en-europe\/","og_site_name":"industriall-union","article_modified_time":"2025-02-07T04:07:37+00:00","twitter_card":"summary_large_image","twitter_misc":{"Est. reading time":"2 minutes"},"schema":{"@context":"https:\/\/schema.org","@graph":[{"@type":"WebPage","@id":"https:\/\/admin.industriall-union.org\/fr\/whirlpool-signe-un-accord-cadre-avec-les-travailleurs-en-europe\/","url":"https:\/\/admin.industriall-union.org\/fr\/whirlpool-signe-un-accord-cadre-avec-les-travailleurs-en-europe\/","name":"Whirlpool signe un accord-cadre avec les travailleurs en Europe - industriall-union","isPartOf":{"@id":"https:\/\/admin.industriall-union.org\/#website"},"datePublished":"2016-03-24T10:21:42+00:00","dateModified":"2025-02-07T04:07:37+00:00","description":"Lors d&rsquo;une r\u00e9union \u00e0 Rome le 18 mars 2016, des repr\u00e9sentants des travailleurs de Whirlpool et Indesit en Europe ont conclu un accord avec la","breadcrumb":{"@id":"https:\/\/admin.industriall-union.org\/fr\/whirlpool-signe-un-accord-cadre-avec-les-travailleurs-en-europe\/#breadcrumb"},"inLanguage":"fr-FR","potentialAction":[{"@type":"ReadAction","target":["https:\/\/admin.industriall-union.org\/fr\/whirlpool-signe-un-accord-cadre-avec-les-travailleurs-en-europe\/"]}]},{"@type":"BreadcrumbList","@id":"https:\/\/admin.industriall-union.org\/fr\/whirlpool-signe-un-accord-cadre-avec-les-travailleurs-en-europe\/#breadcrumb","itemListElement":[{"@type":"ListItem","position":1,"name":"Home","item":"https:\/\/admin.industriall-union.org\/"},{"@type":"ListItem","position":2,"name":"Articles","item":"https:\/\/admin.industriall-union.org\/article\/"},{"@type":"ListItem","position":3,"name":"Whirlpool signe un accord-cadre avec les travailleurs en Europe"}]},{"@type":"WebSite","@id":"https:\/\/admin.industriall-union.org\/#website","url":"https:\/\/admin.industriall-union.org\/","name":"industriall-union","description":"","potentialAction":[{"@type":"SearchAction","target":{"@type":"EntryPoint","urlTemplate":"https:\/\/admin.industriall-union.org\/?s={search_term_string}"},"query-input":{"@type":"PropertyValueSpecification","valueRequired":true,"valueName":"search_term_string"}}],"inLanguage":"fr-FR"}]}},"_links":{"self":[{"href":"https:\/\/admin.industriall-union.org\/fr\/wp-json\/wp\/v2\/article\/150562","targetHints":{"allow":["GET"]}}],"collection":[{"href":"https:\/\/admin.industriall-union.org\/fr\/wp-json\/wp\/v2\/article"}],"about":[{"href":"https:\/\/admin.industriall-union.org\/fr\/wp-json\/wp\/v2\/types\/article"}],"wp:attachment":[{"href":"https:\/\/admin.industriall-union.org\/fr\/wp-json\/wp\/v2\/media?parent=150562"}],"wp:term":[{"taxonomy":"issues","embeddable":true,"href":"https:\/\/admin.industriall-union.org\/fr\/wp-json\/wp\/v2\/issues?post=150562"},{"taxonomy":"companies","embeddable":true,"href":"https:\/\/admin.industriall-union.org\/fr\/wp-json\/wp\/v2\/companies?post=150562"},{"taxonomy":"regions","embeddable":true,"href":"https:\/\/admin.industriall-union.org\/fr\/wp-json\/wp\/v2\/regions?post=150562"},{"taxonomy":"sectors","embeddable":true,"href":"https:\/\/admin.industriall-union.org\/fr\/wp-json\/wp\/v2\/sectors?post=150562"},{"taxonomy":"article_tags","embeddable":true,"href":"https:\/\/admin.industriall-union.org\/fr\/wp-json\/wp\/v2\/article_tags?post=150562"}],"curies":[{"name":"wp","href":"https:\/\/api.w.org\/{rel}","templated":true}]}}