{"id":150522,"date":"2016-04-12T19:34:59","date_gmt":"2016-04-12T19:34:59","guid":{"rendered":"https:\/\/admin.industriall-union.org\/les-siderurgistes-allemands-donnent-de-la-voix\/"},"modified":"2025-02-07T03:33:57","modified_gmt":"2025-02-07T03:33:57","slug":"les-siderurgistes-allemands-donnent-de-la-voix","status":"publish","type":"article","link":"https:\/\/admin.industriall-union.org\/fr\/les-siderurgistes-allemands-donnent-de-la-voix\/","title":{"rendered":"Les sid\u00e9rurgistes allemands donnent de la voix"},"content":{"rendered":"<p>L&rsquo;affili\u00e9 allemand d&rsquo;IndustriALL, IG Metall, a organis\u00e9 une s\u00e9rie d&rsquo;actions de masse sous le th\u00e8me &ldquo;L&rsquo;acier c&rsquo;est l&rsquo;avenir&rdquo;, pour faire passer le message que l&rsquo;industrie sid\u00e9rurgique europ\u00e9enne existe et a un avenir.<\/p><p>\u00c0 Duisburg, si\u00e8ge des plus grandes aci\u00e9ries de ThyssenKrupp, 16.000 sid\u00e9rurgistes sont venus montrer qu&rsquo;ils sont unis solidairement pour une industrie sid\u00e9rurgique forte en Europe et en Allemagne et qu&rsquo;ils n&rsquo;accepteront pas une d\u00e9sindustrialisation de l&rsquo;Europe.<\/p><p>Voici leurs principaux arguments&nbsp;:<\/p><ul><li>L&rsquo;acier est un produit de haute technologie, produit en Europe et en particulier en Allemagne selon les normes les plus \u00e9lev\u00e9es s&rsquo;agissant des conditions de travail, de la qualit\u00e9 et de la protection de l&rsquo;environnement<\/li><li>Les politiques europ\u00e9ennes doivent prendre en compte les r\u00e9ductions de CO<sup>2<\/sup> ant\u00e9rieures de ce secteur efficace au lieu de lui infliger de nouvelles contraintes<\/li><li>Les sid\u00e9rurgistes d&rsquo;Allemagne n&rsquo;accepteront pas une politique qui autorise le dumping sur les importations d&rsquo;un acier qui est subsidi\u00e9 abusivement et produit en dehors du respect des conditions fix\u00e9es en mati\u00e8re de CO<sup>2<\/sup>, de droits du travail, de salaires, etc.<\/li><\/ul><p>Il s&rsquo;agissait l\u00e0 d&rsquo;un signal fort donn\u00e9 aux responsables politiques allemands et europ\u00e9ens, qui exige un changement de politique et un arr\u00eat d&rsquo;une d\u00e9sindustrialisation qui est synonyme de pertes d&rsquo;emploi en Allemagne et en Europe, mais aussi d&rsquo;un niveau plus \u00e9lev\u00e9 d&rsquo;\u00e9missions de CO<sup>2<\/sup> ainsi que d&rsquo;une d\u00e9gradation des conditions de travail.<\/p><p>Le Vice-Chancelier et le Ministre des Affaires \u00e9conomique allemands \u00e9taient pr\u00e9sents lors du rassemblement et ont promis de se faire les porte-paroles de l&rsquo;industrie sid\u00e9rurgique et de ses travailleurs.<\/p><p>L&rsquo;ensemble de l&rsquo;Ex\u00e9cutif d&rsquo;IG Metall \u00e9tait \u00e9galement pr\u00e9sent \u00e0 Duisburg. Dans un discours passionn\u00e9 en soutien \u00e0 l&rsquo;avenir de la production sid\u00e9rurgique en Allemagne, le Pr\u00e9sident d&rsquo;IG Metall, J\u00f6rg Hofmann a dit&nbsp;:<\/p><p>&rdquo;Nous voulons un avenir pour nos emplois&nbsp;! Nous voulons un avenir pour nos familles&nbsp;! Nous voulons un avenir pour nos r\u00e9gions et pour la production manufacturi\u00e8re en Allemagne et en Europe et celle-ci n&rsquo;est pas possible sans acier&nbsp;!<\/p><p>&ldquo;L&rsquo;acier, c&rsquo;est l&rsquo;avenir et c&rsquo;est la raison pour laquelle nous sommes ici aujourd&rsquo;hui. Nous ne nous battons pas seulement pour les aci\u00e9ries allemandes, nous nous battons pour la survie du secteur manufacturier en Europe&nbsp;!&rdquo;<\/p><p>L&rsquo;ensemble du Comit\u00e9 international de ThyssenKrupp, au sein duquel IndustriALL est repr\u00e9sent\u00e9e, a montr\u00e9 sa solidarit\u00e9 et a scand\u00e9 en ch\u0153ur &ldquo;L&rsquo;acier c&rsquo;est l&rsquo;avenir&nbsp;!&rdquo;<\/p><p>Matthias Hartwich, Directeur d&rsquo;IndustriALL pour l&rsquo;ing\u00e9nierie m\u00e9canique et les industries des mat\u00e9riaux, membre du Comit\u00e9 international de ThyssenKrupp, a d\u00e9clar\u00e9&nbsp;:<\/p><p>&ldquo;Vous pouviez sentir battre le c\u0153ur de l&rsquo;acier au travers de ces 16.000 hommes et femmes rassembl\u00e9s ici aujourd&rsquo;hui \u00e0 Duisburg. J&rsquo;esp\u00e8re que ces battements de c\u0153ur ont \u00e9t\u00e9 entendus de Duisburg \u00e0 Berlin et m\u00eame jusqu&rsquo;\u00e0 Bruxelles de sorte que les acteurs politiques agissent contre cette malsaine d\u00e9sindustrialisation de l&rsquo;Europe. \u00c7a faisait chaud au c\u0153ur d&rsquo;\u00eatre ici aujourd&rsquo;hui.&ldquo;<\/p>","protected":false},"featured_media":0,"template":"","issues":[392],"companies":[],"regions":[202,219],"sectors":[481],"article_tags":[],"class_list":["post-150522","article","type-article","status-publish","hentry","issues-sustainable-industrial-policy","regions-europe","regions-germany","sectors-base-metals"],"acf":[],"yoast_head":"<!-- This site is optimized with the Yoast SEO Premium plugin v27.1 (Yoast SEO v27.1) - https:\/\/yoast.com\/product\/yoast-seo-premium-wordpress\/ -->\n<title>Les sid\u00e9rurgistes allemands donnent de la voix - industriall-union<\/title>\n<meta name=\"description\" content=\"L&rsquo;affili\u00e9 allemand d&rsquo;IndustriALL, IG Metall, a organis\u00e9 une s\u00e9rie d&rsquo;actions de masse sous le th\u00e8me &ldquo;L&rsquo;acier c&rsquo;est\" \/>\n<meta name=\"robots\" content=\"index, follow, max-snippet:-1, max-image-preview:large, max-video-preview:-1\" \/>\n<link rel=\"canonical\" href=\"https:\/\/admin.industriall-union.org\/fr\/les-siderurgistes-allemands-donnent-de-la-voix\/\" \/>\n<meta property=\"og:locale\" content=\"fr_FR\" \/>\n<meta property=\"og:type\" content=\"article\" \/>\n<meta property=\"og:title\" content=\"Les sid\u00e9rurgistes allemands donnent de la voix\" \/>\n<meta property=\"og:description\" content=\"L&rsquo;affili\u00e9 allemand d&rsquo;IndustriALL, IG Metall, a organis\u00e9 une s\u00e9rie d&rsquo;actions de masse sous le th\u00e8me &ldquo;L&rsquo;acier c&rsquo;est\" \/>\n<meta property=\"og:url\" content=\"https:\/\/admin.industriall-union.org\/fr\/les-siderurgistes-allemands-donnent-de-la-voix\/\" \/>\n<meta property=\"og:site_name\" content=\"industriall-union\" \/>\n<meta property=\"article:modified_time\" content=\"2025-02-07T03:33:57+00:00\" \/>\n<meta name=\"twitter:card\" content=\"summary_large_image\" \/>\n<meta name=\"twitter:label1\" content=\"Est. reading time\" \/>\n\t<meta name=\"twitter:data1\" content=\"3 minutes\" \/>\n<script type=\"application\/ld+json\" class=\"yoast-schema-graph\">{\"@context\":\"https:\/\/schema.org\",\"@graph\":[{\"@type\":\"WebPage\",\"@id\":\"https:\/\/admin.industriall-union.org\/fr\/les-siderurgistes-allemands-donnent-de-la-voix\/\",\"url\":\"https:\/\/admin.industriall-union.org\/fr\/les-siderurgistes-allemands-donnent-de-la-voix\/\",\"name\":\"Les sid\u00e9rurgistes allemands donnent de la voix - industriall-union\",\"isPartOf\":{\"@id\":\"https:\/\/admin.industriall-union.org\/#website\"},\"datePublished\":\"2016-04-12T19:34:59+00:00\",\"dateModified\":\"2025-02-07T03:33:57+00:00\",\"description\":\"L&rsquo;affili\u00e9 allemand d&rsquo;IndustriALL, IG Metall, a organis\u00e9 une s\u00e9rie d&rsquo;actions de masse sous le th\u00e8me &ldquo;L&rsquo;acier c&rsquo;est\",\"breadcrumb\":{\"@id\":\"https:\/\/admin.industriall-union.org\/fr\/les-siderurgistes-allemands-donnent-de-la-voix\/#breadcrumb\"},\"inLanguage\":\"fr-FR\",\"potentialAction\":[{\"@type\":\"ReadAction\",\"target\":[\"https:\/\/admin.industriall-union.org\/fr\/les-siderurgistes-allemands-donnent-de-la-voix\/\"]}]},{\"@type\":\"BreadcrumbList\",\"@id\":\"https:\/\/admin.industriall-union.org\/fr\/les-siderurgistes-allemands-donnent-de-la-voix\/#breadcrumb\",\"itemListElement\":[{\"@type\":\"ListItem\",\"position\":1,\"name\":\"Home\",\"item\":\"https:\/\/admin.industriall-union.org\/\"},{\"@type\":\"ListItem\",\"position\":2,\"name\":\"Articles\",\"item\":\"https:\/\/admin.industriall-union.org\/article\/\"},{\"@type\":\"ListItem\",\"position\":3,\"name\":\"Les sid\u00e9rurgistes allemands donnent de la voix\"}]},{\"@type\":\"WebSite\",\"@id\":\"https:\/\/admin.industriall-union.org\/#website\",\"url\":\"https:\/\/admin.industriall-union.org\/\",\"name\":\"industriall-union\",\"description\":\"\",\"potentialAction\":[{\"@type\":\"SearchAction\",\"target\":{\"@type\":\"EntryPoint\",\"urlTemplate\":\"https:\/\/admin.industriall-union.org\/?s={search_term_string}\"},\"query-input\":{\"@type\":\"PropertyValueSpecification\",\"valueRequired\":true,\"valueName\":\"search_term_string\"}}],\"inLanguage\":\"fr-FR\"}]}<\/script>\n<!-- \/ Yoast SEO Premium plugin. -->","yoast_head_json":{"title":"Les sid\u00e9rurgistes allemands donnent de la voix - industriall-union","description":"L&rsquo;affili\u00e9 allemand d&rsquo;IndustriALL, IG Metall, a organis\u00e9 une s\u00e9rie d&rsquo;actions de masse sous le th\u00e8me &ldquo;L&rsquo;acier c&rsquo;est","robots":{"index":"index","follow":"follow","max-snippet":"max-snippet:-1","max-image-preview":"max-image-preview:large","max-video-preview":"max-video-preview:-1"},"canonical":"https:\/\/admin.industriall-union.org\/fr\/les-siderurgistes-allemands-donnent-de-la-voix\/","og_locale":"fr_FR","og_type":"article","og_title":"Les sid\u00e9rurgistes allemands donnent de la voix","og_description":"L&rsquo;affili\u00e9 allemand d&rsquo;IndustriALL, IG Metall, a organis\u00e9 une s\u00e9rie d&rsquo;actions de masse sous le th\u00e8me &ldquo;L&rsquo;acier c&rsquo;est","og_url":"https:\/\/admin.industriall-union.org\/fr\/les-siderurgistes-allemands-donnent-de-la-voix\/","og_site_name":"industriall-union","article_modified_time":"2025-02-07T03:33:57+00:00","twitter_card":"summary_large_image","twitter_misc":{"Est. reading time":"3 minutes"},"schema":{"@context":"https:\/\/schema.org","@graph":[{"@type":"WebPage","@id":"https:\/\/admin.industriall-union.org\/fr\/les-siderurgistes-allemands-donnent-de-la-voix\/","url":"https:\/\/admin.industriall-union.org\/fr\/les-siderurgistes-allemands-donnent-de-la-voix\/","name":"Les sid\u00e9rurgistes allemands donnent de la voix - industriall-union","isPartOf":{"@id":"https:\/\/admin.industriall-union.org\/#website"},"datePublished":"2016-04-12T19:34:59+00:00","dateModified":"2025-02-07T03:33:57+00:00","description":"L&rsquo;affili\u00e9 allemand d&rsquo;IndustriALL, IG Metall, a organis\u00e9 une s\u00e9rie d&rsquo;actions de masse sous le th\u00e8me &ldquo;L&rsquo;acier c&rsquo;est","breadcrumb":{"@id":"https:\/\/admin.industriall-union.org\/fr\/les-siderurgistes-allemands-donnent-de-la-voix\/#breadcrumb"},"inLanguage":"fr-FR","potentialAction":[{"@type":"ReadAction","target":["https:\/\/admin.industriall-union.org\/fr\/les-siderurgistes-allemands-donnent-de-la-voix\/"]}]},{"@type":"BreadcrumbList","@id":"https:\/\/admin.industriall-union.org\/fr\/les-siderurgistes-allemands-donnent-de-la-voix\/#breadcrumb","itemListElement":[{"@type":"ListItem","position":1,"name":"Home","item":"https:\/\/admin.industriall-union.org\/"},{"@type":"ListItem","position":2,"name":"Articles","item":"https:\/\/admin.industriall-union.org\/article\/"},{"@type":"ListItem","position":3,"name":"Les sid\u00e9rurgistes allemands donnent de la voix"}]},{"@type":"WebSite","@id":"https:\/\/admin.industriall-union.org\/#website","url":"https:\/\/admin.industriall-union.org\/","name":"industriall-union","description":"","potentialAction":[{"@type":"SearchAction","target":{"@type":"EntryPoint","urlTemplate":"https:\/\/admin.industriall-union.org\/?s={search_term_string}"},"query-input":{"@type":"PropertyValueSpecification","valueRequired":true,"valueName":"search_term_string"}}],"inLanguage":"fr-FR"}]}},"_links":{"self":[{"href":"https:\/\/admin.industriall-union.org\/fr\/wp-json\/wp\/v2\/article\/150522","targetHints":{"allow":["GET"]}}],"collection":[{"href":"https:\/\/admin.industriall-union.org\/fr\/wp-json\/wp\/v2\/article"}],"about":[{"href":"https:\/\/admin.industriall-union.org\/fr\/wp-json\/wp\/v2\/types\/article"}],"wp:attachment":[{"href":"https:\/\/admin.industriall-union.org\/fr\/wp-json\/wp\/v2\/media?parent=150522"}],"wp:term":[{"taxonomy":"issues","embeddable":true,"href":"https:\/\/admin.industriall-union.org\/fr\/wp-json\/wp\/v2\/issues?post=150522"},{"taxonomy":"companies","embeddable":true,"href":"https:\/\/admin.industriall-union.org\/fr\/wp-json\/wp\/v2\/companies?post=150522"},{"taxonomy":"regions","embeddable":true,"href":"https:\/\/admin.industriall-union.org\/fr\/wp-json\/wp\/v2\/regions?post=150522"},{"taxonomy":"sectors","embeddable":true,"href":"https:\/\/admin.industriall-union.org\/fr\/wp-json\/wp\/v2\/sectors?post=150522"},{"taxonomy":"article_tags","embeddable":true,"href":"https:\/\/admin.industriall-union.org\/fr\/wp-json\/wp\/v2\/article_tags?post=150522"}],"curies":[{"name":"wp","href":"https:\/\/api.w.org\/{rel}","templated":true}]}}