{"id":150478,"date":"2016-04-26T08:11:46","date_gmt":"2016-04-26T08:11:46","guid":{"rendered":"https:\/\/admin.industriall-union.org\/les-travailleurs-exigent-la-justice-au-troisieme-anniversaire-de-l-effondrement-du-rana-plaza\/"},"modified":"2025-02-07T02:35:10","modified_gmt":"2025-02-07T02:35:10","slug":"les-travailleurs-exigent-la-justice-au-troisieme-anniversaire-de-l-effondrement-du-rana-plaza","status":"publish","type":"article","link":"https:\/\/admin.industriall-union.org\/fr\/les-travailleurs-exigent-la-justice-au-troisieme-anniversaire-de-l-effondrement-du-rana-plaza\/","title":{"rendered":"Les travailleurs exigent la justice au troisi\u00e8me anniversaire de l\u2019effondrement du Rana Plaza"},"content":{"rendered":"<p>Plus de 1.100 travailleurs et travailleuses ont p\u00e9ri et plus de 2.500 ont subi des blessures lors de l&rsquo;effondrement de l&rsquo;usine de l&rsquo;immeuble Rana Plaza de Dacca le 24 avril 2013.<\/p><p>Les affili\u00e9s d&rsquo;IndustriALL Global Union du secteur de la confection et du textile, ensemble avec ceux de la m\u00e9tallurgie, de la chimie et de la d\u00e9molition des navires, se sont r\u00e9unis sous la banni\u00e8re du Conseil d&rsquo;IndustriALL pour le Bangladesh (IBC) dans une cha\u00eene humaine et \u00e0 l&rsquo;occasion d&rsquo;une conf\u00e9rence de presse au Club national de la Presse \u00e0 Dacca.<\/p><p>Au Pakistan, l&rsquo;affili\u00e9 d&rsquo;IndustriALL, la centrale syndicale NTUF, a organis\u00e9 un rassemblement et une conf\u00e9rence de presse au Club de la presse de Karachi pour apporter sa solidarit\u00e9 et exiger la justice pour les victimes, \u00e0 la fois, du Rana Plaza et de l&rsquo;incendie de Ali Enterprises au Pakistan, qui a co\u00fbt\u00e9 la vie \u00e0 254 travailleurs et travailleuses le 11 septembre 2012.<\/p><p>Les travailleurs et travailleuses qui manifestaient \u00e0 Dacca ont fermement exig\u00e9 que le gouvernement du Bangladesh entame le proc\u00e8s du propri\u00e9taire du Rana Plaza, car la justice en faveur des victimes d\u00e9c\u00e9d\u00e9es et bless\u00e9es ne sera pleinement rendue que lorsque les personnes responsables auront \u00e9t\u00e9 condamn\u00e9es.<\/p><p>Les leaders syndicaux ont exprim\u00e9 de s\u00e9rieuses craintes quant au fait que de nombreuses usines de confection ne sont toujours pas en ordre de s\u00e9curit\u00e9. Bien que l&rsquo;Accord a livr\u00e9 de nombreuses am\u00e9liorations \u00e0 la s\u00e9curit\u00e9 des usines, il reste beaucoup \u00e0 faire de la part des propri\u00e9taires des usines, des enseignes et du gouvernement.<\/p><p>La Secr\u00e9taire r\u00e9gionale d&rsquo;IndustriALL pour l&rsquo;Asie du Sud, Apoorva Kaiwar, a dit aux syndicats r\u00e9unis qu&rsquo;il \u00e9tait inacceptable que, m\u00eame apr\u00e8s Rana Plaza, les travailleurs de la confection restent confront\u00e9s \u00e0 de s\u00e9rieux d\u00e9fis pour exercer leur droit \u00e0 la libert\u00e9 syndicale et souffrent de salaires extr\u00eamement bas et de conditions de travail m\u00e9diocres. &ldquo;IndustriALL se tiendra aux c\u00f4t\u00e9s de ses affili\u00e9s, en particulier dans le secteur du pr\u00eat-\u00e0-porter, et soutiendra de toutes les mani\u00e8res possibles les actions men\u00e9es par l&rsquo;IBC,&rdquo; a-t-elle dit.<\/p><p>Christina Hajagos-Clausen, la Directrice d&rsquo;IndustriALL pour le textile et la confection, a fait part de la solidarit\u00e9 des affili\u00e9s d&rsquo;IndustriALL des secteurs du textile et de la confection partout dans le monde et a appel\u00e9 les travailleurs et travailleuses \u00e0 renforcer leur unit\u00e9.<\/p><p>La Directrice politique Jenny Holdcroft a indiqu\u00e9&nbsp;: &ldquo;Nous ne tol\u00e9rerons jamais que ce qui s&rsquo;est pass\u00e9 au Rana Plaza soit oubli\u00e9. Gr\u00e2ce \u00e0 la solidarit\u00e9 de tous les syndicats de l&rsquo;IBC, non seulement ceux du secteur de la confection, mais aussi ceux de la sid\u00e9rurgie, de la d\u00e9molition des navires et de la chimie, nous sommes forts. La plupart des travailleurs et travailleuses de la confection n&rsquo;ont pas encore de syndicat et il est de notre responsabilit\u00e9 de les syndiquer.&rdquo;<\/p><p>Le Pr\u00e9sident de l&rsquo;IBC, Nazrul Islam Khan, a salu\u00e9 les efforts d&rsquo;IndustriALL visant \u00e0 faire indemniser les victimes ainsi que le soutien solidaire jamais d\u00e9menti pour obtenir justice en faveur des victimes du Rana Plaza et des droits syndicaux pour les travailleurs et travailleuses de la confection.<\/p>","protected":false},"featured_media":0,"template":"","issues":[414],"companies":[],"regions":[159,182],"sectors":[464],"article_tags":[],"class_list":["post-150478","article","type-article","status-publish","hentry","issues-action-on-bangladesh","regions-bangladesh","regions-pakistan","sectors-textile-leather-garment-shoes-and-textile-services"],"acf":[],"yoast_head":"<!-- This site is optimized with the Yoast SEO Premium plugin v27.1 (Yoast SEO v27.1) - https:\/\/yoast.com\/product\/yoast-seo-premium-wordpress\/ -->\n<title>Les travailleurs exigent la justice au troisi\u00e8me anniversaire de l\u2019effondrement du Rana Plaza - industriall-union<\/title>\n<meta name=\"description\" content=\"Plus de 1.100 travailleurs et travailleuses ont p\u00e9ri et plus de 2.500 ont subi des blessures lors de l&rsquo;effondrement de l&rsquo;usine de\" \/>\n<meta name=\"robots\" content=\"index, follow, max-snippet:-1, max-image-preview:large, max-video-preview:-1\" \/>\n<link rel=\"canonical\" href=\"https:\/\/admin.industriall-union.org\/fr\/les-travailleurs-exigent-la-justice-au-troisieme-anniversaire-de-l-effondrement-du-rana-plaza\/\" \/>\n<meta property=\"og:locale\" content=\"fr_FR\" \/>\n<meta property=\"og:type\" content=\"article\" \/>\n<meta property=\"og:title\" content=\"Les travailleurs exigent la justice au troisi\u00e8me anniversaire de l\u2019effondrement du Rana Plaza\" \/>\n<meta property=\"og:description\" content=\"Plus de 1.100 travailleurs et travailleuses ont p\u00e9ri et plus de 2.500 ont subi des blessures lors de l&rsquo;effondrement de l&rsquo;usine de\" \/>\n<meta property=\"og:url\" content=\"https:\/\/admin.industriall-union.org\/fr\/les-travailleurs-exigent-la-justice-au-troisieme-anniversaire-de-l-effondrement-du-rana-plaza\/\" \/>\n<meta property=\"og:site_name\" content=\"industriall-union\" \/>\n<meta property=\"article:modified_time\" content=\"2025-02-07T02:35:10+00:00\" \/>\n<meta name=\"twitter:card\" content=\"summary_large_image\" \/>\n<meta name=\"twitter:label1\" content=\"Est. reading time\" \/>\n\t<meta name=\"twitter:data1\" content=\"3 minutes\" \/>\n<script type=\"application\/ld+json\" class=\"yoast-schema-graph\">{\"@context\":\"https:\/\/schema.org\",\"@graph\":[{\"@type\":\"WebPage\",\"@id\":\"https:\/\/admin.industriall-union.org\/fr\/les-travailleurs-exigent-la-justice-au-troisieme-anniversaire-de-l-effondrement-du-rana-plaza\/\",\"url\":\"https:\/\/admin.industriall-union.org\/fr\/les-travailleurs-exigent-la-justice-au-troisieme-anniversaire-de-l-effondrement-du-rana-plaza\/\",\"name\":\"Les travailleurs exigent la justice au troisi\u00e8me anniversaire de l\u2019effondrement du Rana Plaza - industriall-union\",\"isPartOf\":{\"@id\":\"https:\/\/admin.industriall-union.org\/#website\"},\"datePublished\":\"2016-04-26T08:11:46+00:00\",\"dateModified\":\"2025-02-07T02:35:10+00:00\",\"description\":\"Plus de 1.100 travailleurs et travailleuses ont p\u00e9ri et plus de 2.500 ont subi des blessures lors de l&rsquo;effondrement de l&rsquo;usine de\",\"breadcrumb\":{\"@id\":\"https:\/\/admin.industriall-union.org\/fr\/les-travailleurs-exigent-la-justice-au-troisieme-anniversaire-de-l-effondrement-du-rana-plaza\/#breadcrumb\"},\"inLanguage\":\"fr-FR\",\"potentialAction\":[{\"@type\":\"ReadAction\",\"target\":[\"https:\/\/admin.industriall-union.org\/fr\/les-travailleurs-exigent-la-justice-au-troisieme-anniversaire-de-l-effondrement-du-rana-plaza\/\"]}]},{\"@type\":\"BreadcrumbList\",\"@id\":\"https:\/\/admin.industriall-union.org\/fr\/les-travailleurs-exigent-la-justice-au-troisieme-anniversaire-de-l-effondrement-du-rana-plaza\/#breadcrumb\",\"itemListElement\":[{\"@type\":\"ListItem\",\"position\":1,\"name\":\"Home\",\"item\":\"https:\/\/admin.industriall-union.org\/\"},{\"@type\":\"ListItem\",\"position\":2,\"name\":\"Articles\",\"item\":\"https:\/\/admin.industriall-union.org\/article\/\"},{\"@type\":\"ListItem\",\"position\":3,\"name\":\"Les travailleurs exigent la justice au troisi\u00e8me anniversaire de l\u2019effondrement du Rana Plaza\"}]},{\"@type\":\"WebSite\",\"@id\":\"https:\/\/admin.industriall-union.org\/#website\",\"url\":\"https:\/\/admin.industriall-union.org\/\",\"name\":\"industriall-union\",\"description\":\"\",\"potentialAction\":[{\"@type\":\"SearchAction\",\"target\":{\"@type\":\"EntryPoint\",\"urlTemplate\":\"https:\/\/admin.industriall-union.org\/?s={search_term_string}\"},\"query-input\":{\"@type\":\"PropertyValueSpecification\",\"valueRequired\":true,\"valueName\":\"search_term_string\"}}],\"inLanguage\":\"fr-FR\"}]}<\/script>\n<!-- \/ Yoast SEO Premium plugin. -->","yoast_head_json":{"title":"Les travailleurs exigent la justice au troisi\u00e8me anniversaire de l\u2019effondrement du Rana Plaza - industriall-union","description":"Plus de 1.100 travailleurs et travailleuses ont p\u00e9ri et plus de 2.500 ont subi des blessures lors de l&rsquo;effondrement de l&rsquo;usine de","robots":{"index":"index","follow":"follow","max-snippet":"max-snippet:-1","max-image-preview":"max-image-preview:large","max-video-preview":"max-video-preview:-1"},"canonical":"https:\/\/admin.industriall-union.org\/fr\/les-travailleurs-exigent-la-justice-au-troisieme-anniversaire-de-l-effondrement-du-rana-plaza\/","og_locale":"fr_FR","og_type":"article","og_title":"Les travailleurs exigent la justice au troisi\u00e8me anniversaire de l\u2019effondrement du Rana Plaza","og_description":"Plus de 1.100 travailleurs et travailleuses ont p\u00e9ri et plus de 2.500 ont subi des blessures lors de l&rsquo;effondrement de l&rsquo;usine de","og_url":"https:\/\/admin.industriall-union.org\/fr\/les-travailleurs-exigent-la-justice-au-troisieme-anniversaire-de-l-effondrement-du-rana-plaza\/","og_site_name":"industriall-union","article_modified_time":"2025-02-07T02:35:10+00:00","twitter_card":"summary_large_image","twitter_misc":{"Est. reading time":"3 minutes"},"schema":{"@context":"https:\/\/schema.org","@graph":[{"@type":"WebPage","@id":"https:\/\/admin.industriall-union.org\/fr\/les-travailleurs-exigent-la-justice-au-troisieme-anniversaire-de-l-effondrement-du-rana-plaza\/","url":"https:\/\/admin.industriall-union.org\/fr\/les-travailleurs-exigent-la-justice-au-troisieme-anniversaire-de-l-effondrement-du-rana-plaza\/","name":"Les travailleurs exigent la justice au troisi\u00e8me anniversaire de l\u2019effondrement du Rana Plaza - industriall-union","isPartOf":{"@id":"https:\/\/admin.industriall-union.org\/#website"},"datePublished":"2016-04-26T08:11:46+00:00","dateModified":"2025-02-07T02:35:10+00:00","description":"Plus de 1.100 travailleurs et travailleuses ont p\u00e9ri et plus de 2.500 ont subi des blessures lors de l&rsquo;effondrement de l&rsquo;usine de","breadcrumb":{"@id":"https:\/\/admin.industriall-union.org\/fr\/les-travailleurs-exigent-la-justice-au-troisieme-anniversaire-de-l-effondrement-du-rana-plaza\/#breadcrumb"},"inLanguage":"fr-FR","potentialAction":[{"@type":"ReadAction","target":["https:\/\/admin.industriall-union.org\/fr\/les-travailleurs-exigent-la-justice-au-troisieme-anniversaire-de-l-effondrement-du-rana-plaza\/"]}]},{"@type":"BreadcrumbList","@id":"https:\/\/admin.industriall-union.org\/fr\/les-travailleurs-exigent-la-justice-au-troisieme-anniversaire-de-l-effondrement-du-rana-plaza\/#breadcrumb","itemListElement":[{"@type":"ListItem","position":1,"name":"Home","item":"https:\/\/admin.industriall-union.org\/"},{"@type":"ListItem","position":2,"name":"Articles","item":"https:\/\/admin.industriall-union.org\/article\/"},{"@type":"ListItem","position":3,"name":"Les travailleurs exigent la justice au troisi\u00e8me anniversaire de l\u2019effondrement du Rana Plaza"}]},{"@type":"WebSite","@id":"https:\/\/admin.industriall-union.org\/#website","url":"https:\/\/admin.industriall-union.org\/","name":"industriall-union","description":"","potentialAction":[{"@type":"SearchAction","target":{"@type":"EntryPoint","urlTemplate":"https:\/\/admin.industriall-union.org\/?s={search_term_string}"},"query-input":{"@type":"PropertyValueSpecification","valueRequired":true,"valueName":"search_term_string"}}],"inLanguage":"fr-FR"}]}},"_links":{"self":[{"href":"https:\/\/admin.industriall-union.org\/fr\/wp-json\/wp\/v2\/article\/150478","targetHints":{"allow":["GET"]}}],"collection":[{"href":"https:\/\/admin.industriall-union.org\/fr\/wp-json\/wp\/v2\/article"}],"about":[{"href":"https:\/\/admin.industriall-union.org\/fr\/wp-json\/wp\/v2\/types\/article"}],"wp:attachment":[{"href":"https:\/\/admin.industriall-union.org\/fr\/wp-json\/wp\/v2\/media?parent=150478"}],"wp:term":[{"taxonomy":"issues","embeddable":true,"href":"https:\/\/admin.industriall-union.org\/fr\/wp-json\/wp\/v2\/issues?post=150478"},{"taxonomy":"companies","embeddable":true,"href":"https:\/\/admin.industriall-union.org\/fr\/wp-json\/wp\/v2\/companies?post=150478"},{"taxonomy":"regions","embeddable":true,"href":"https:\/\/admin.industriall-union.org\/fr\/wp-json\/wp\/v2\/regions?post=150478"},{"taxonomy":"sectors","embeddable":true,"href":"https:\/\/admin.industriall-union.org\/fr\/wp-json\/wp\/v2\/sectors?post=150478"},{"taxonomy":"article_tags","embeddable":true,"href":"https:\/\/admin.industriall-union.org\/fr\/wp-json\/wp\/v2\/article_tags?post=150478"}],"curies":[{"name":"wp","href":"https:\/\/api.w.org\/{rel}","templated":true}]}}