{"id":150456,"date":"2016-05-05T10:01:52","date_gmt":"2016-05-05T10:01:52","guid":{"rendered":"https:\/\/admin.industriall-union.org\/les-syndicats-de-rio-tinto-tissent-des-liens-de-solidarite-face-a-l-ouverture-de-la-compagnie-a-leur-egard\/"},"modified":"2025-02-07T02:22:13","modified_gmt":"2025-02-07T02:22:13","slug":"les-syndicats-de-rio-tinto-tissent-des-liens-de-solidarite-face-a-l-ouverture-de-la-compagnie-a-leur-egard","status":"publish","type":"article","link":"https:\/\/admin.industriall-union.org\/fr\/les-syndicats-de-rio-tinto-tissent-des-liens-de-solidarite-face-a-l-ouverture-de-la-compagnie-a-leur-egard\/","title":{"rendered":"Les syndicats de Rio Tinto tissent des liens de solidarit\u00e9 face \u00e0 l\u2019ouverture de la compagnie \u00e0 leur \u00e9gard"},"content":{"rendered":"<p>Les participants ont inform\u00e9 le r\u00e9seau sur les luttes en cours.<\/p><p>Les repr\u00e9sentants des syndicats de la France et de l&rsquo;Islande ont \u00e9voqu\u00e9 les gr\u00e8ves qu&rsquo;ils ont men\u00e9es r\u00e9cemment \u00e0 Rio Tinto. Les syndicats islandais ont remerci\u00e9 le r\u00e9seau pour son soutien durant les <a href=\"http:\/\/www.industriall-union.org\/fr\/rio-tinto-sape-le-droit-de-greve\" target=\"_self\">gr\u00e8ves qu&rsquo;ils ont organis\u00e9es plus t\u00f4t dans l&rsquo;ann\u00e9e<\/a>.<\/p><p>Les syndicats de tous les pays ont d\u00e9nonc\u00e9 une utilisation excessive des emplois pr\u00e9caires dans les sites d&rsquo;activit\u00e9s de Rio Tinto. Les repr\u00e9sentants du Canada, de l&rsquo;Islande, de Madagascar et de la Namibie ont \u00e9voqu\u00e9 leurs <a href=\"http:\/\/www.industriall-union.org\/fr\/luttes-syndicales-pour-le-renforcement-du-travail-decent-chez-rio-tinto\" target=\"_self\">conflits r\u00e9cents avec Rio Tinto <\/a>sur cette question et l&rsquo;absence de protection de ces travailleurs.<\/p><p>Le r\u00e9seau a visionn\u00e9 <a href=\"https:\/\/www.youtube.com\/watch?v=teInWHgfYfc&amp;feature=youtu.be\" target=\"_blank\">un t\u00e9moignage d\u00e9chirant<\/a> sur les luttes des travailleurs pr\u00e9caires \u00e0 Rio Tinto \u00e0 Madagascar, o\u00f9 ceux-ci continuent de travailler dans de mauvaises conditions bien que la compagnie ait investi des milliards de dollars. &nbsp;<\/p><p>Le r\u00e9seau s&rsquo;est engag\u00e9 dans un programme de travail ambitieux qui permettra aux syndicats de renforcer leur pouvoir \u00e0 Rio Tinto au niveau mondial. Figurent parmi les mesures du programme, le renforcement continu des capacit\u00e9s des syndicats, le consentement de nouveaux efforts pour syndicaliser les travailleurs pr\u00e9caires de Rio Tinto, la finalisation des \u00e9tudes sur les conventions collectives relatives \u00e0 la compagnie et le soutien aux \u00e9changes continus entre les syndicats du r\u00e9seau.<\/p><p>Une r\u00e9solution de soutien \u00e0 <a href=\"http:\/\/www.mua.org.au\/tags\/rio_tinto\" target=\"_blank\">la campagne du syndicat maritime d&rsquo;Australie (MUA)<\/a> visant \u00e0 faire revenir Rio Tinto sur sa d\u00e9cision de remplacer les marins australiens par des travailleurs \u00e9trangers exploit\u00e9s, pay\u00e9s \u00e0 peine 2 dollars canadiens de l&rsquo;heure, a \u00e9t\u00e9 adopt\u00e9e \u00e0 l&rsquo;unanimit\u00e9.<\/p><p>Andrew Vickers, pr\u00e9sident du r\u00e9seau syndical mondial de Rio Tinto et Secr\u00e9taire g\u00e9n\u00e9ral des mines et de l&rsquo;\u00e9nergie du CFMEU, l&rsquo;affili\u00e9 australien d&rsquo;IndustriALL, a fait part de la d\u00e9marche d&rsquo;ouverture r\u00e9cente des dirigeants de la compagnie Rio Tinto en direction des syndicats visant \u00e0 l&rsquo;\u00e9tablissement de nouvelles relations avec les syndicats \u00e0 travers le monde. Des discussions en r\u00e9action \u00e0 cette nouvelle approche de la compagnie sont en cours.<\/p><p>Le r\u00e9seau a ensuite particip\u00e9 \u00e0 l&rsquo;assembl\u00e9e g\u00e9n\u00e9rale annuelle des actionnaires qui s&rsquo;est d\u00e9roul\u00e9e le 5 mai \u00e0 Brisbane. Les participants du r\u00e9seau ont pos\u00e9 des questions aux membres du Conseil d&rsquo;administration de Rio Tinto, soulevant les inqui\u00e9tudes des employ\u00e9s dans le monde entier.<\/p><p>Le Secr\u00e9taire g\u00e9n\u00e9ral adjoint d&rsquo;IndustriALL, Kemal \u00d6zkan, a pris la parole lors de l&rsquo;assembl\u00e9e g\u00e9n\u00e9rale annuelle des actionnaires. Il a exprim\u00e9 les pr\u00e9occupations du r\u00e9seau \u00e0 l&rsquo;\u00e9gard de la persistance de l&rsquo;utilisation excessive d&rsquo;emplois pr\u00e9caires par Rio Tinto. Il s&rsquo;est \u00e9galement f\u00e9licit\u00e9 de la d\u00e9marche d&rsquo;ouverture r\u00e9cente de Rio Tinto en direction des syndicats \u00e0 l&rsquo;\u00e9chelle mondiale.<\/p><blockquote><p>Nous accueillons avec satisfaction la r\u00e9cente approche d&rsquo;ouverture de la compagnie \u00e0 notre \u00e9gard, visant \u00e0 \u00e9tablir des relations de travail constructives aux niveaux mondial, r\u00e9gional et local. Nous comptons sur un processus continu permettant d&rsquo;aboutir \u00e0 des r\u00e9sultats fructueux et concrets sur le terrain.<\/p><\/blockquote>","protected":false},"featured_media":0,"template":"","issues":[396,410,415],"companies":[113],"regions":[157],"sectors":[495],"article_tags":[],"class_list":["post-150456","article","type-article","status-publish","hentry","issues-building-strong-unions","issues-rio-tinto","issues-stop-precarious-work","companies-rio-tinto","regions-australia","sectors-mining"],"acf":[],"yoast_head":"<!-- This site is optimized with the Yoast SEO Premium plugin v27.1 (Yoast SEO v27.1) - https:\/\/yoast.com\/product\/yoast-seo-premium-wordpress\/ -->\n<title>Les syndicats de Rio Tinto tissent des liens de solidarit\u00e9 face \u00e0 l\u2019ouverture de la compagnie \u00e0 leur \u00e9gard - industriall-union<\/title>\n<meta name=\"description\" content=\"Les participants ont inform\u00e9 le r\u00e9seau sur les luttes en cours.Les repr\u00e9sentants des syndicats de la France et de l&rsquo;Islande ont \u00e9voqu\u00e9 les gr\u00e8ves\" \/>\n<meta name=\"robots\" content=\"index, follow, max-snippet:-1, max-image-preview:large, max-video-preview:-1\" \/>\n<link rel=\"canonical\" href=\"https:\/\/admin.industriall-union.org\/fr\/les-syndicats-de-rio-tinto-tissent-des-liens-de-solidarite-face-a-l-ouverture-de-la-compagnie-a-leur-egard\/\" \/>\n<meta property=\"og:locale\" content=\"fr_FR\" \/>\n<meta property=\"og:type\" content=\"article\" \/>\n<meta property=\"og:title\" content=\"Les syndicats de Rio Tinto tissent des liens de solidarit\u00e9 face \u00e0 l\u2019ouverture de la compagnie \u00e0 leur \u00e9gard\" \/>\n<meta property=\"og:description\" content=\"Les participants ont inform\u00e9 le r\u00e9seau sur les luttes en cours.Les repr\u00e9sentants des syndicats de la France et de l&rsquo;Islande ont \u00e9voqu\u00e9 les gr\u00e8ves\" \/>\n<meta property=\"og:url\" content=\"https:\/\/admin.industriall-union.org\/fr\/les-syndicats-de-rio-tinto-tissent-des-liens-de-solidarite-face-a-l-ouverture-de-la-compagnie-a-leur-egard\/\" \/>\n<meta property=\"og:site_name\" content=\"industriall-union\" \/>\n<meta property=\"article:modified_time\" content=\"2025-02-07T02:22:13+00:00\" \/>\n<meta name=\"twitter:card\" content=\"summary_large_image\" \/>\n<meta name=\"twitter:label1\" content=\"Est. reading time\" \/>\n\t<meta name=\"twitter:data1\" content=\"3 minutes\" \/>\n<script type=\"application\/ld+json\" class=\"yoast-schema-graph\">{\"@context\":\"https:\/\/schema.org\",\"@graph\":[{\"@type\":\"WebPage\",\"@id\":\"https:\/\/admin.industriall-union.org\/fr\/les-syndicats-de-rio-tinto-tissent-des-liens-de-solidarite-face-a-l-ouverture-de-la-compagnie-a-leur-egard\/\",\"url\":\"https:\/\/admin.industriall-union.org\/fr\/les-syndicats-de-rio-tinto-tissent-des-liens-de-solidarite-face-a-l-ouverture-de-la-compagnie-a-leur-egard\/\",\"name\":\"Les syndicats de Rio Tinto tissent des liens de solidarit\u00e9 face \u00e0 l\u2019ouverture de la compagnie \u00e0 leur \u00e9gard - industriall-union\",\"isPartOf\":{\"@id\":\"https:\/\/admin.industriall-union.org\/#website\"},\"datePublished\":\"2016-05-05T10:01:52+00:00\",\"dateModified\":\"2025-02-07T02:22:13+00:00\",\"description\":\"Les participants ont inform\u00e9 le r\u00e9seau sur les luttes en cours.Les repr\u00e9sentants des syndicats de la France et de l&rsquo;Islande ont \u00e9voqu\u00e9 les gr\u00e8ves\",\"breadcrumb\":{\"@id\":\"https:\/\/admin.industriall-union.org\/fr\/les-syndicats-de-rio-tinto-tissent-des-liens-de-solidarite-face-a-l-ouverture-de-la-compagnie-a-leur-egard\/#breadcrumb\"},\"inLanguage\":\"fr-FR\",\"potentialAction\":[{\"@type\":\"ReadAction\",\"target\":[\"https:\/\/admin.industriall-union.org\/fr\/les-syndicats-de-rio-tinto-tissent-des-liens-de-solidarite-face-a-l-ouverture-de-la-compagnie-a-leur-egard\/\"]}]},{\"@type\":\"BreadcrumbList\",\"@id\":\"https:\/\/admin.industriall-union.org\/fr\/les-syndicats-de-rio-tinto-tissent-des-liens-de-solidarite-face-a-l-ouverture-de-la-compagnie-a-leur-egard\/#breadcrumb\",\"itemListElement\":[{\"@type\":\"ListItem\",\"position\":1,\"name\":\"Home\",\"item\":\"https:\/\/admin.industriall-union.org\/\"},{\"@type\":\"ListItem\",\"position\":2,\"name\":\"Articles\",\"item\":\"https:\/\/admin.industriall-union.org\/article\/\"},{\"@type\":\"ListItem\",\"position\":3,\"name\":\"Les syndicats de Rio Tinto tissent des liens de solidarit\u00e9 face \u00e0 l\u2019ouverture de la compagnie \u00e0 leur \u00e9gard\"}]},{\"@type\":\"WebSite\",\"@id\":\"https:\/\/admin.industriall-union.org\/#website\",\"url\":\"https:\/\/admin.industriall-union.org\/\",\"name\":\"industriall-union\",\"description\":\"\",\"potentialAction\":[{\"@type\":\"SearchAction\",\"target\":{\"@type\":\"EntryPoint\",\"urlTemplate\":\"https:\/\/admin.industriall-union.org\/?s={search_term_string}\"},\"query-input\":{\"@type\":\"PropertyValueSpecification\",\"valueRequired\":true,\"valueName\":\"search_term_string\"}}],\"inLanguage\":\"fr-FR\"}]}<\/script>\n<!-- \/ Yoast SEO Premium plugin. -->","yoast_head_json":{"title":"Les syndicats de Rio Tinto tissent des liens de solidarit\u00e9 face \u00e0 l\u2019ouverture de la compagnie \u00e0 leur \u00e9gard - industriall-union","description":"Les participants ont inform\u00e9 le r\u00e9seau sur les luttes en cours.Les repr\u00e9sentants des syndicats de la France et de l&rsquo;Islande ont \u00e9voqu\u00e9 les gr\u00e8ves","robots":{"index":"index","follow":"follow","max-snippet":"max-snippet:-1","max-image-preview":"max-image-preview:large","max-video-preview":"max-video-preview:-1"},"canonical":"https:\/\/admin.industriall-union.org\/fr\/les-syndicats-de-rio-tinto-tissent-des-liens-de-solidarite-face-a-l-ouverture-de-la-compagnie-a-leur-egard\/","og_locale":"fr_FR","og_type":"article","og_title":"Les syndicats de Rio Tinto tissent des liens de solidarit\u00e9 face \u00e0 l\u2019ouverture de la compagnie \u00e0 leur \u00e9gard","og_description":"Les participants ont inform\u00e9 le r\u00e9seau sur les luttes en cours.Les repr\u00e9sentants des syndicats de la France et de l&rsquo;Islande ont \u00e9voqu\u00e9 les gr\u00e8ves","og_url":"https:\/\/admin.industriall-union.org\/fr\/les-syndicats-de-rio-tinto-tissent-des-liens-de-solidarite-face-a-l-ouverture-de-la-compagnie-a-leur-egard\/","og_site_name":"industriall-union","article_modified_time":"2025-02-07T02:22:13+00:00","twitter_card":"summary_large_image","twitter_misc":{"Est. reading time":"3 minutes"},"schema":{"@context":"https:\/\/schema.org","@graph":[{"@type":"WebPage","@id":"https:\/\/admin.industriall-union.org\/fr\/les-syndicats-de-rio-tinto-tissent-des-liens-de-solidarite-face-a-l-ouverture-de-la-compagnie-a-leur-egard\/","url":"https:\/\/admin.industriall-union.org\/fr\/les-syndicats-de-rio-tinto-tissent-des-liens-de-solidarite-face-a-l-ouverture-de-la-compagnie-a-leur-egard\/","name":"Les syndicats de Rio Tinto tissent des liens de solidarit\u00e9 face \u00e0 l\u2019ouverture de la compagnie \u00e0 leur \u00e9gard - industriall-union","isPartOf":{"@id":"https:\/\/admin.industriall-union.org\/#website"},"datePublished":"2016-05-05T10:01:52+00:00","dateModified":"2025-02-07T02:22:13+00:00","description":"Les participants ont inform\u00e9 le r\u00e9seau sur les luttes en cours.Les repr\u00e9sentants des syndicats de la France et de l&rsquo;Islande ont \u00e9voqu\u00e9 les gr\u00e8ves","breadcrumb":{"@id":"https:\/\/admin.industriall-union.org\/fr\/les-syndicats-de-rio-tinto-tissent-des-liens-de-solidarite-face-a-l-ouverture-de-la-compagnie-a-leur-egard\/#breadcrumb"},"inLanguage":"fr-FR","potentialAction":[{"@type":"ReadAction","target":["https:\/\/admin.industriall-union.org\/fr\/les-syndicats-de-rio-tinto-tissent-des-liens-de-solidarite-face-a-l-ouverture-de-la-compagnie-a-leur-egard\/"]}]},{"@type":"BreadcrumbList","@id":"https:\/\/admin.industriall-union.org\/fr\/les-syndicats-de-rio-tinto-tissent-des-liens-de-solidarite-face-a-l-ouverture-de-la-compagnie-a-leur-egard\/#breadcrumb","itemListElement":[{"@type":"ListItem","position":1,"name":"Home","item":"https:\/\/admin.industriall-union.org\/"},{"@type":"ListItem","position":2,"name":"Articles","item":"https:\/\/admin.industriall-union.org\/article\/"},{"@type":"ListItem","position":3,"name":"Les syndicats de Rio Tinto tissent des liens de solidarit\u00e9 face \u00e0 l\u2019ouverture de la compagnie \u00e0 leur \u00e9gard"}]},{"@type":"WebSite","@id":"https:\/\/admin.industriall-union.org\/#website","url":"https:\/\/admin.industriall-union.org\/","name":"industriall-union","description":"","potentialAction":[{"@type":"SearchAction","target":{"@type":"EntryPoint","urlTemplate":"https:\/\/admin.industriall-union.org\/?s={search_term_string}"},"query-input":{"@type":"PropertyValueSpecification","valueRequired":true,"valueName":"search_term_string"}}],"inLanguage":"fr-FR"}]}},"_links":{"self":[{"href":"https:\/\/admin.industriall-union.org\/fr\/wp-json\/wp\/v2\/article\/150456","targetHints":{"allow":["GET"]}}],"collection":[{"href":"https:\/\/admin.industriall-union.org\/fr\/wp-json\/wp\/v2\/article"}],"about":[{"href":"https:\/\/admin.industriall-union.org\/fr\/wp-json\/wp\/v2\/types\/article"}],"wp:attachment":[{"href":"https:\/\/admin.industriall-union.org\/fr\/wp-json\/wp\/v2\/media?parent=150456"}],"wp:term":[{"taxonomy":"issues","embeddable":true,"href":"https:\/\/admin.industriall-union.org\/fr\/wp-json\/wp\/v2\/issues?post=150456"},{"taxonomy":"companies","embeddable":true,"href":"https:\/\/admin.industriall-union.org\/fr\/wp-json\/wp\/v2\/companies?post=150456"},{"taxonomy":"regions","embeddable":true,"href":"https:\/\/admin.industriall-union.org\/fr\/wp-json\/wp\/v2\/regions?post=150456"},{"taxonomy":"sectors","embeddable":true,"href":"https:\/\/admin.industriall-union.org\/fr\/wp-json\/wp\/v2\/sectors?post=150456"},{"taxonomy":"article_tags","embeddable":true,"href":"https:\/\/admin.industriall-union.org\/fr\/wp-json\/wp\/v2\/article_tags?post=150456"}],"curies":[{"name":"wp","href":"https:\/\/api.w.org\/{rel}","templated":true}]}}