{"id":150413,"date":"2016-05-19T08:01:54","date_gmt":"2016-05-19T08:01:54","guid":{"rendered":"https:\/\/admin.industriall-union.org\/dynamiser-les-syndicats-au-vietnam\/"},"modified":"2025-02-07T01:57:31","modified_gmt":"2025-02-07T01:57:31","slug":"dynamiser-les-syndicats-au-vietnam","status":"publish","type":"article","link":"https:\/\/admin.industriall-union.org\/fr\/dynamiser-les-syndicats-au-vietnam\/","title":{"rendered":"Dynamiser les syndicats au Vietnam"},"content":{"rendered":"<p>Tous les deux ans depuis 2006, la r\u00e9union rassemble la Conf\u00e9d\u00e9ration g\u00e9n\u00e9rale du travail du Vietnam et ses partenaires de la coop\u00e9ration internationale pour \u00e9changer des informations et coordonner les activit\u00e9s dans le but de prot\u00e9ger et de promouvoir les droits des travailleurs au Vietnam.<\/p><p>La r\u00e9union de coordination de 2016 a port\u00e9 sur le programme de r\u00e9forme des syndicats qui devrait avoir lieu au cours des prochaines ann\u00e9es pour r\u00e9pondre aux d\u00e9fis pos\u00e9s par l&rsquo;int\u00e9gration internationale. Les partenaires ont donn\u00e9 leur accord de principe sur l&rsquo;adoption d&rsquo;une plateforme commune en mati\u00e8re de partenariat pour d\u00e9velopper la coop\u00e9ration entre les syndicats au Vietnam.<\/p><p>La plateforme conjointe fournit des principes communs en mati\u00e8re de partenariat visant \u00e0 accro\u00eetre l&rsquo;efficacit\u00e9 de la coop\u00e9ration dans le pays avec la Conf\u00e9d\u00e9ration g\u00e9n\u00e9rale du travail du Vietnam et les syndicats en voie de constitution dans la p\u00e9riode \u00e0 venir.<\/p><p>Annie Adviento, Secr\u00e9taire r\u00e9gionale d&rsquo;IndustriALL, a d\u00e9clar\u00e9 que la participation d&rsquo;IndustriALL \u00e0 la r\u00e9union&nbsp; visait \u00e0 promouvoir une coop\u00e9ration efficace avec la Conf\u00e9d\u00e9ration g\u00e9n\u00e9rale du travail du Vietnam ainsi qu&rsquo;une coordination efficace entre les autres F\u00e9d\u00e9rations mondiales de syndicats (GUFs) et les organisations de soutien et de solidarit\u00e9 avec les syndicats (TUSSOs) :<\/p><p>&laquo;&nbsp;Nous nous f\u00e9licitons de l&rsquo;approche pr\u00e9ventive suivie par la Conf\u00e9d\u00e9ration g\u00e9n\u00e9rale du travail du Vietnam pour amorcer les changements au niveau de leur structure, plans d&rsquo;action et strat\u00e9gies dans les ann\u00e9es \u00e0 venir. &nbsp;<\/p><p>&laquo;&nbsp;IndustriALL continuera de collaborer avec la Conf\u00e9d\u00e9ration g\u00e9n\u00e9rale du travail du Vietnam et nos trois affili\u00e9s pour \u00e9tablir des syndicats puissants, d\u00e9mocratiques et durables au Vietnam&nbsp;&raquo;.<\/p><p>La r\u00e9union s&rsquo;est d\u00e9roul\u00e9e alors m\u00eame que des r\u00e9formes importantes relatives aux relations du travail sont planifi\u00e9es. Des exemples sur les nouvelles m\u00e9thodes d&rsquo;organisation et de n\u00e9gociation collective de la Conf\u00e9d\u00e9ration g\u00e9n\u00e9rale du travail du Vietnam ont \u00e9t\u00e9 port\u00e9s \u00e0 la connaissance des participants. Ces r\u00e9sultats ont \u00e9t\u00e9 rendus possibles gr\u00e2ce \u00e0 l&rsquo;\u00e9troite collaboration avec les partenaires internationaux, due \u00e0 l&rsquo;adaptation de la Conf\u00e9d\u00e9ration g\u00e9n\u00e9rale du travail du Vietnam aux besoins des travailleurs dans le contexte de l&rsquo;\u00e9conomie de march\u00e9.<\/p><p>IndustriALL met actuellement en place un projet de cr\u00e9ation de syndicats au Vietnam, et dispense une formation sur la n\u00e9gociation collective aux d\u00e9l\u00e9gu\u00e9s syndicaux ou aux repr\u00e9sentants syndicaux sur le lieu de travail. &nbsp;<\/p>","protected":false},"featured_media":0,"template":"","issues":[396,412],"companies":[],"regions":[196],"sectors":[],"article_tags":[],"class_list":["post-150413","article","type-article","status-publish","hentry","issues-building-strong-unions","issues-social-justice-and-globalization","regions-vietnam"],"acf":[],"yoast_head":"<!-- This site is optimized with the Yoast SEO Premium plugin v27.1 (Yoast SEO v27.1) - https:\/\/yoast.com\/product\/yoast-seo-premium-wordpress\/ -->\n<title>Dynamiser les syndicats au Vietnam - industriall-union<\/title>\n<meta name=\"description\" content=\"Tous les deux ans depuis 2006, la r\u00e9union rassemble la Conf\u00e9d\u00e9ration g\u00e9n\u00e9rale du travail du Vietnam et ses partenaires de la coop\u00e9ration internationale\" \/>\n<meta name=\"robots\" content=\"index, follow, max-snippet:-1, max-image-preview:large, max-video-preview:-1\" \/>\n<link rel=\"canonical\" href=\"https:\/\/admin.industriall-union.org\/fr\/dynamiser-les-syndicats-au-vietnam\/\" \/>\n<meta property=\"og:locale\" content=\"fr_FR\" \/>\n<meta property=\"og:type\" content=\"article\" \/>\n<meta property=\"og:title\" content=\"Dynamiser les syndicats au Vietnam\" \/>\n<meta property=\"og:description\" content=\"Tous les deux ans depuis 2006, la r\u00e9union rassemble la Conf\u00e9d\u00e9ration g\u00e9n\u00e9rale du travail du Vietnam et ses partenaires de la coop\u00e9ration internationale\" \/>\n<meta property=\"og:url\" content=\"https:\/\/admin.industriall-union.org\/fr\/dynamiser-les-syndicats-au-vietnam\/\" \/>\n<meta property=\"og:site_name\" content=\"industriall-union\" \/>\n<meta property=\"article:modified_time\" content=\"2025-02-07T01:57:31+00:00\" \/>\n<meta name=\"twitter:card\" content=\"summary_large_image\" \/>\n<meta name=\"twitter:label1\" content=\"Est. reading time\" \/>\n\t<meta name=\"twitter:data1\" content=\"2 minutes\" \/>\n<script type=\"application\/ld+json\" class=\"yoast-schema-graph\">{\"@context\":\"https:\/\/schema.org\",\"@graph\":[{\"@type\":\"WebPage\",\"@id\":\"https:\/\/admin.industriall-union.org\/fr\/dynamiser-les-syndicats-au-vietnam\/\",\"url\":\"https:\/\/admin.industriall-union.org\/fr\/dynamiser-les-syndicats-au-vietnam\/\",\"name\":\"Dynamiser les syndicats au Vietnam - industriall-union\",\"isPartOf\":{\"@id\":\"https:\/\/admin.industriall-union.org\/#website\"},\"datePublished\":\"2016-05-19T08:01:54+00:00\",\"dateModified\":\"2025-02-07T01:57:31+00:00\",\"description\":\"Tous les deux ans depuis 2006, la r\u00e9union rassemble la Conf\u00e9d\u00e9ration g\u00e9n\u00e9rale du travail du Vietnam et ses partenaires de la coop\u00e9ration internationale\",\"breadcrumb\":{\"@id\":\"https:\/\/admin.industriall-union.org\/fr\/dynamiser-les-syndicats-au-vietnam\/#breadcrumb\"},\"inLanguage\":\"fr-FR\",\"potentialAction\":[{\"@type\":\"ReadAction\",\"target\":[\"https:\/\/admin.industriall-union.org\/fr\/dynamiser-les-syndicats-au-vietnam\/\"]}]},{\"@type\":\"BreadcrumbList\",\"@id\":\"https:\/\/admin.industriall-union.org\/fr\/dynamiser-les-syndicats-au-vietnam\/#breadcrumb\",\"itemListElement\":[{\"@type\":\"ListItem\",\"position\":1,\"name\":\"Home\",\"item\":\"https:\/\/admin.industriall-union.org\/\"},{\"@type\":\"ListItem\",\"position\":2,\"name\":\"Articles\",\"item\":\"https:\/\/admin.industriall-union.org\/article\/\"},{\"@type\":\"ListItem\",\"position\":3,\"name\":\"Dynamiser les syndicats au Vietnam\"}]},{\"@type\":\"WebSite\",\"@id\":\"https:\/\/admin.industriall-union.org\/#website\",\"url\":\"https:\/\/admin.industriall-union.org\/\",\"name\":\"industriall-union\",\"description\":\"\",\"potentialAction\":[{\"@type\":\"SearchAction\",\"target\":{\"@type\":\"EntryPoint\",\"urlTemplate\":\"https:\/\/admin.industriall-union.org\/?s={search_term_string}\"},\"query-input\":{\"@type\":\"PropertyValueSpecification\",\"valueRequired\":true,\"valueName\":\"search_term_string\"}}],\"inLanguage\":\"fr-FR\"}]}<\/script>\n<!-- \/ Yoast SEO Premium plugin. -->","yoast_head_json":{"title":"Dynamiser les syndicats au Vietnam - industriall-union","description":"Tous les deux ans depuis 2006, la r\u00e9union rassemble la Conf\u00e9d\u00e9ration g\u00e9n\u00e9rale du travail du Vietnam et ses partenaires de la coop\u00e9ration internationale","robots":{"index":"index","follow":"follow","max-snippet":"max-snippet:-1","max-image-preview":"max-image-preview:large","max-video-preview":"max-video-preview:-1"},"canonical":"https:\/\/admin.industriall-union.org\/fr\/dynamiser-les-syndicats-au-vietnam\/","og_locale":"fr_FR","og_type":"article","og_title":"Dynamiser les syndicats au Vietnam","og_description":"Tous les deux ans depuis 2006, la r\u00e9union rassemble la Conf\u00e9d\u00e9ration g\u00e9n\u00e9rale du travail du Vietnam et ses partenaires de la coop\u00e9ration internationale","og_url":"https:\/\/admin.industriall-union.org\/fr\/dynamiser-les-syndicats-au-vietnam\/","og_site_name":"industriall-union","article_modified_time":"2025-02-07T01:57:31+00:00","twitter_card":"summary_large_image","twitter_misc":{"Est. reading time":"2 minutes"},"schema":{"@context":"https:\/\/schema.org","@graph":[{"@type":"WebPage","@id":"https:\/\/admin.industriall-union.org\/fr\/dynamiser-les-syndicats-au-vietnam\/","url":"https:\/\/admin.industriall-union.org\/fr\/dynamiser-les-syndicats-au-vietnam\/","name":"Dynamiser les syndicats au Vietnam - industriall-union","isPartOf":{"@id":"https:\/\/admin.industriall-union.org\/#website"},"datePublished":"2016-05-19T08:01:54+00:00","dateModified":"2025-02-07T01:57:31+00:00","description":"Tous les deux ans depuis 2006, la r\u00e9union rassemble la Conf\u00e9d\u00e9ration g\u00e9n\u00e9rale du travail du Vietnam et ses partenaires de la coop\u00e9ration internationale","breadcrumb":{"@id":"https:\/\/admin.industriall-union.org\/fr\/dynamiser-les-syndicats-au-vietnam\/#breadcrumb"},"inLanguage":"fr-FR","potentialAction":[{"@type":"ReadAction","target":["https:\/\/admin.industriall-union.org\/fr\/dynamiser-les-syndicats-au-vietnam\/"]}]},{"@type":"BreadcrumbList","@id":"https:\/\/admin.industriall-union.org\/fr\/dynamiser-les-syndicats-au-vietnam\/#breadcrumb","itemListElement":[{"@type":"ListItem","position":1,"name":"Home","item":"https:\/\/admin.industriall-union.org\/"},{"@type":"ListItem","position":2,"name":"Articles","item":"https:\/\/admin.industriall-union.org\/article\/"},{"@type":"ListItem","position":3,"name":"Dynamiser les syndicats au Vietnam"}]},{"@type":"WebSite","@id":"https:\/\/admin.industriall-union.org\/#website","url":"https:\/\/admin.industriall-union.org\/","name":"industriall-union","description":"","potentialAction":[{"@type":"SearchAction","target":{"@type":"EntryPoint","urlTemplate":"https:\/\/admin.industriall-union.org\/?s={search_term_string}"},"query-input":{"@type":"PropertyValueSpecification","valueRequired":true,"valueName":"search_term_string"}}],"inLanguage":"fr-FR"}]}},"_links":{"self":[{"href":"https:\/\/admin.industriall-union.org\/fr\/wp-json\/wp\/v2\/article\/150413","targetHints":{"allow":["GET"]}}],"collection":[{"href":"https:\/\/admin.industriall-union.org\/fr\/wp-json\/wp\/v2\/article"}],"about":[{"href":"https:\/\/admin.industriall-union.org\/fr\/wp-json\/wp\/v2\/types\/article"}],"wp:attachment":[{"href":"https:\/\/admin.industriall-union.org\/fr\/wp-json\/wp\/v2\/media?parent=150413"}],"wp:term":[{"taxonomy":"issues","embeddable":true,"href":"https:\/\/admin.industriall-union.org\/fr\/wp-json\/wp\/v2\/issues?post=150413"},{"taxonomy":"companies","embeddable":true,"href":"https:\/\/admin.industriall-union.org\/fr\/wp-json\/wp\/v2\/companies?post=150413"},{"taxonomy":"regions","embeddable":true,"href":"https:\/\/admin.industriall-union.org\/fr\/wp-json\/wp\/v2\/regions?post=150413"},{"taxonomy":"sectors","embeddable":true,"href":"https:\/\/admin.industriall-union.org\/fr\/wp-json\/wp\/v2\/sectors?post=150413"},{"taxonomy":"article_tags","embeddable":true,"href":"https:\/\/admin.industriall-union.org\/fr\/wp-json\/wp\/v2\/article_tags?post=150413"}],"curies":[{"name":"wp","href":"https:\/\/api.w.org\/{rel}","templated":true}]}}