{"id":150405,"date":"2016-05-20T07:51:17","date_gmt":"2016-05-20T07:51:17","guid":{"rendered":"https:\/\/admin.industriall-union.org\/repression-et-violence-chez-maghreb-steel-au-maroc\/"},"modified":"2025-02-07T01:51:04","modified_gmt":"2025-02-07T01:51:04","slug":"repression-et-violence-chez-maghreb-steel-au-maroc","status":"publish","type":"article","link":"https:\/\/admin.industriall-union.org\/fr\/repression-et-violence-chez-maghreb-steel-au-maroc\/","title":{"rendered":"R\u00e9pression et violence chez Maghreb Steel au Maroc"},"content":{"rendered":"<p>Les tensions sociales au sein de Maghreb Steel ont d\u00e9g\u00e9n\u00e9r\u00e9 \u00e0 un point tel que les actions de sit-in des 12 et 17 mai ont \u00e9t\u00e9 violemment prises \u00e0 partie par la police.<\/p><p>Le Syndicat de Maghreb Steel, affili\u00e9 \u00e0 la centrale syndicale Union Marocaine du Travail (UMT), a men\u00e9 des actions de sit-in devant les bureaux des banques qui ont renflou\u00e9 l&rsquo;entreprise sid\u00e9rurgique en p\u00e9ril. Les actions des 630 travailleurs et travailleuses ont \u00e9t\u00e9 prises \u00e0 partie par la police et il y a eu plusieurs bless\u00e9s.<\/p><p>Maghreb Steel a \u00e9t\u00e9 constitu\u00e9 en 1975 et est parvenu \u00e0 r\u00e9sister \u00e0 la syndicalisation jusqu&rsquo;en mars de l&rsquo;ann\u00e9e derni\u00e8re lorsque des travailleurs affili\u00e9s \u00e0 l&rsquo;UMT y ont ouvert un bureau syndical. Le syndicat a men\u00e9 une premi\u00e8re gr\u00e8ve en ao\u00fbt 2015 apr\u00e8s que des adh\u00e9rents ont \u00e9t\u00e9 licenci\u00e9s pour avoir r\u00e9clam\u00e9 une augmentation salariale. Ensuite, une r\u00e9union de conciliation entre des repr\u00e9sentants de l&rsquo;entreprise et du syndicat a abouti \u00e0 la signature d&rsquo;une charte \u00e9thique et sociale par laquelle la direction s&rsquo;engage \u00e0 respecter le droit des travailleurs et travailleuses \u00e0 se syndiquer.<\/p><p>L&rsquo;entreprise a mang\u00e9 sa parole et licenci\u00e9 sept travailleurs, y compris des dirigeants syndicaux, en novembre, ce qui a d\u00e9clench\u00e9 une seconde gr\u00e8ve qui a d\u00e9but\u00e9 en d\u00e9cembre de l&rsquo;ann\u00e9e derni\u00e8re. Les attaques contre le syndicat se sont multipli\u00e9es et l&rsquo;entreprise est maintenant en contravention avec la loi, refusant de payer les militants syndicaux et engageant des jaunes pour remplacer les gr\u00e9vistes, en violation du Code du Travail du Maroc.<\/p><p>La Constitution marocaine garanti la libert\u00e9 syndicale et le droit de gr\u00e8ve. Le Maroc a en outre ratifi\u00e9 les Conventions 98, 135 et 154 de l&rsquo;OIT. Celles-ci prot\u00e8gent le droit de gr\u00e8ve, reconnaissent les repr\u00e9sentants syndicaux, promeuvent la n\u00e9gociation collective et prot\u00e8gent contre un traitement pr\u00e9judiciable des militants syndicaux.<\/p><p>Maghreb Steel est la seule usine du Maroc qui produit la t\u00f4le d&rsquo;acier n\u00e9cessaire \u00e0 la construction automobile. Elle fournit l&rsquo;acier de l&rsquo;usine Renault de Tanger. L&rsquo;entreprise a \u00e9galement le projet bien avanc\u00e9 de fournir PSA Peugeot Citro\u00ebn, qui doit construire une usine d&rsquo;assemblage dans le nord du Maroc. IndustriALL a des accords-cadres mondiaux avec ces deux entreprises, qui couvrent toute la cha\u00eene d&rsquo;approvisionnement, et entend se servir de ceux-ci pour mettre la pression sur l&rsquo;entreprise.<\/p><p>Cette aci\u00e9rie a souffert financi\u00e8rement et a r\u00e9cemment fait appel au gouvernement marocain en vue de mesures de sauvegarde contre le dumping.<\/p><p>Les travailleurs et travailleuses de Maghreb Steel revendiquent&nbsp;:<\/p><ul><li>un retour au travail et une r\u00e9int\u00e9gration de tous les militants licenci\u00e9s<\/li><li>l&rsquo;abandon de toutes les poursuites abusives \u00e0 l&rsquo;encontre des militants<\/li><li>le droit de se syndiquer<\/li><li>l&rsquo;ouverture d&rsquo;un dialogue et de n\u00e9gociations s\u00e9rieuses avec le syndicat<\/li><\/ul><p>Kemal \u00d6zkan, Secr\u00e9taire g\u00e9n\u00e9ral adjoint d&rsquo;IndustriALL, a d\u00e9clar\u00e9&nbsp;:<br \/><br \/>&ldquo;Nous soutenons les travailleurs et travailleuses de Maghreb Steel dans leurs revendications pour la dignit\u00e9 et des droits syndicaux fondamentaux. Nous avons \u00e9crit \u00e0 l&rsquo;entreprise, au gouvernement marocain et aux clients pour exprimer notre consternation face \u00e0 cette attitude et pour exiger que l&rsquo;entreprise reconnaisse le syndicat et r\u00e9int\u00e8gre les militants licenci\u00e9s.&rdquo;<\/p>","protected":false},"featured_media":0,"template":"","issues":[],"companies":[110],"regions":[288,300],"sectors":[481],"article_tags":[],"class_list":["post-150405","article","type-article","status-publish","hentry","companies-renault","regions-middle-east-and-north-africa","regions-morocco","sectors-base-metals"],"acf":[],"yoast_head":"<!-- This site is optimized with the Yoast SEO Premium plugin v27.1 (Yoast SEO v27.1) - https:\/\/yoast.com\/product\/yoast-seo-premium-wordpress\/ -->\n<title>R\u00e9pression et violence chez Maghreb Steel au Maroc - industriall-union<\/title>\n<meta name=\"description\" content=\"Les tensions sociales au sein de Maghreb Steel ont d\u00e9g\u00e9n\u00e9r\u00e9 \u00e0 un point tel que les actions de sit-in des 12 et 17 mai ont \u00e9t\u00e9 violemment prises \u00e0 partie\" \/>\n<meta name=\"robots\" content=\"index, follow, max-snippet:-1, max-image-preview:large, max-video-preview:-1\" \/>\n<link rel=\"canonical\" href=\"https:\/\/admin.industriall-union.org\/fr\/repression-et-violence-chez-maghreb-steel-au-maroc\/\" \/>\n<meta property=\"og:locale\" content=\"fr_FR\" \/>\n<meta property=\"og:type\" content=\"article\" \/>\n<meta property=\"og:title\" content=\"R\u00e9pression et violence chez Maghreb Steel au Maroc\" \/>\n<meta property=\"og:description\" content=\"Les tensions sociales au sein de Maghreb Steel ont d\u00e9g\u00e9n\u00e9r\u00e9 \u00e0 un point tel que les actions de sit-in des 12 et 17 mai ont \u00e9t\u00e9 violemment prises \u00e0 partie\" \/>\n<meta property=\"og:url\" content=\"https:\/\/admin.industriall-union.org\/fr\/repression-et-violence-chez-maghreb-steel-au-maroc\/\" \/>\n<meta property=\"og:site_name\" content=\"industriall-union\" \/>\n<meta property=\"article:modified_time\" content=\"2025-02-07T01:51:04+00:00\" \/>\n<meta name=\"twitter:card\" content=\"summary_large_image\" \/>\n<meta name=\"twitter:label1\" content=\"Est. reading time\" \/>\n\t<meta name=\"twitter:data1\" content=\"3 minutes\" \/>\n<script type=\"application\/ld+json\" class=\"yoast-schema-graph\">{\"@context\":\"https:\/\/schema.org\",\"@graph\":[{\"@type\":\"WebPage\",\"@id\":\"https:\/\/admin.industriall-union.org\/fr\/repression-et-violence-chez-maghreb-steel-au-maroc\/\",\"url\":\"https:\/\/admin.industriall-union.org\/fr\/repression-et-violence-chez-maghreb-steel-au-maroc\/\",\"name\":\"R\u00e9pression et violence chez Maghreb Steel au Maroc - industriall-union\",\"isPartOf\":{\"@id\":\"https:\/\/admin.industriall-union.org\/ru\/#website\"},\"datePublished\":\"2016-05-20T07:51:17+00:00\",\"dateModified\":\"2025-02-07T01:51:04+00:00\",\"description\":\"Les tensions sociales au sein de Maghreb Steel ont d\u00e9g\u00e9n\u00e9r\u00e9 \u00e0 un point tel que les actions de sit-in des 12 et 17 mai ont \u00e9t\u00e9 violemment prises \u00e0 partie\",\"breadcrumb\":{\"@id\":\"https:\/\/admin.industriall-union.org\/fr\/repression-et-violence-chez-maghreb-steel-au-maroc\/#breadcrumb\"},\"inLanguage\":\"fr-FR\",\"potentialAction\":[{\"@type\":\"ReadAction\",\"target\":[\"https:\/\/admin.industriall-union.org\/fr\/repression-et-violence-chez-maghreb-steel-au-maroc\/\"]}]},{\"@type\":\"BreadcrumbList\",\"@id\":\"https:\/\/admin.industriall-union.org\/fr\/repression-et-violence-chez-maghreb-steel-au-maroc\/#breadcrumb\",\"itemListElement\":[{\"@type\":\"ListItem\",\"position\":1,\"name\":\"Home\",\"item\":\"https:\/\/admin.industriall-union.org\/ru\/\"},{\"@type\":\"ListItem\",\"position\":2,\"name\":\"Articles\",\"item\":\"https:\/\/admin.industriall-union.org\/ru\/article\/\"},{\"@type\":\"ListItem\",\"position\":3,\"name\":\"R\u00e9pression et violence chez Maghreb Steel au Maroc\"}]},{\"@type\":\"WebSite\",\"@id\":\"https:\/\/admin.industriall-union.org\/ru\/#website\",\"url\":\"https:\/\/admin.industriall-union.org\/ru\/\",\"name\":\"industriall-union\",\"description\":\"\",\"potentialAction\":[{\"@type\":\"SearchAction\",\"target\":{\"@type\":\"EntryPoint\",\"urlTemplate\":\"https:\/\/admin.industriall-union.org\/ru\/?s={search_term_string}\"},\"query-input\":{\"@type\":\"PropertyValueSpecification\",\"valueRequired\":true,\"valueName\":\"search_term_string\"}}],\"inLanguage\":\"fr-FR\"}]}<\/script>\n<!-- \/ Yoast SEO Premium plugin. -->","yoast_head_json":{"title":"R\u00e9pression et violence chez Maghreb Steel au Maroc - industriall-union","description":"Les tensions sociales au sein de Maghreb Steel ont d\u00e9g\u00e9n\u00e9r\u00e9 \u00e0 un point tel que les actions de sit-in des 12 et 17 mai ont \u00e9t\u00e9 violemment prises \u00e0 partie","robots":{"index":"index","follow":"follow","max-snippet":"max-snippet:-1","max-image-preview":"max-image-preview:large","max-video-preview":"max-video-preview:-1"},"canonical":"https:\/\/admin.industriall-union.org\/fr\/repression-et-violence-chez-maghreb-steel-au-maroc\/","og_locale":"fr_FR","og_type":"article","og_title":"R\u00e9pression et violence chez Maghreb Steel au Maroc","og_description":"Les tensions sociales au sein de Maghreb Steel ont d\u00e9g\u00e9n\u00e9r\u00e9 \u00e0 un point tel que les actions de sit-in des 12 et 17 mai ont \u00e9t\u00e9 violemment prises \u00e0 partie","og_url":"https:\/\/admin.industriall-union.org\/fr\/repression-et-violence-chez-maghreb-steel-au-maroc\/","og_site_name":"industriall-union","article_modified_time":"2025-02-07T01:51:04+00:00","twitter_card":"summary_large_image","twitter_misc":{"Est. reading time":"3 minutes"},"schema":{"@context":"https:\/\/schema.org","@graph":[{"@type":"WebPage","@id":"https:\/\/admin.industriall-union.org\/fr\/repression-et-violence-chez-maghreb-steel-au-maroc\/","url":"https:\/\/admin.industriall-union.org\/fr\/repression-et-violence-chez-maghreb-steel-au-maroc\/","name":"R\u00e9pression et violence chez Maghreb Steel au Maroc - industriall-union","isPartOf":{"@id":"https:\/\/admin.industriall-union.org\/ru\/#website"},"datePublished":"2016-05-20T07:51:17+00:00","dateModified":"2025-02-07T01:51:04+00:00","description":"Les tensions sociales au sein de Maghreb Steel ont d\u00e9g\u00e9n\u00e9r\u00e9 \u00e0 un point tel que les actions de sit-in des 12 et 17 mai ont \u00e9t\u00e9 violemment prises \u00e0 partie","breadcrumb":{"@id":"https:\/\/admin.industriall-union.org\/fr\/repression-et-violence-chez-maghreb-steel-au-maroc\/#breadcrumb"},"inLanguage":"fr-FR","potentialAction":[{"@type":"ReadAction","target":["https:\/\/admin.industriall-union.org\/fr\/repression-et-violence-chez-maghreb-steel-au-maroc\/"]}]},{"@type":"BreadcrumbList","@id":"https:\/\/admin.industriall-union.org\/fr\/repression-et-violence-chez-maghreb-steel-au-maroc\/#breadcrumb","itemListElement":[{"@type":"ListItem","position":1,"name":"Home","item":"https:\/\/admin.industriall-union.org\/ru\/"},{"@type":"ListItem","position":2,"name":"Articles","item":"https:\/\/admin.industriall-union.org\/ru\/article\/"},{"@type":"ListItem","position":3,"name":"R\u00e9pression et violence chez Maghreb Steel au Maroc"}]},{"@type":"WebSite","@id":"https:\/\/admin.industriall-union.org\/ru\/#website","url":"https:\/\/admin.industriall-union.org\/ru\/","name":"industriall-union","description":"","potentialAction":[{"@type":"SearchAction","target":{"@type":"EntryPoint","urlTemplate":"https:\/\/admin.industriall-union.org\/ru\/?s={search_term_string}"},"query-input":{"@type":"PropertyValueSpecification","valueRequired":true,"valueName":"search_term_string"}}],"inLanguage":"fr-FR"}]}},"_links":{"self":[{"href":"https:\/\/admin.industriall-union.org\/fr\/wp-json\/wp\/v2\/article\/150405","targetHints":{"allow":["GET"]}}],"collection":[{"href":"https:\/\/admin.industriall-union.org\/fr\/wp-json\/wp\/v2\/article"}],"about":[{"href":"https:\/\/admin.industriall-union.org\/fr\/wp-json\/wp\/v2\/types\/article"}],"wp:attachment":[{"href":"https:\/\/admin.industriall-union.org\/fr\/wp-json\/wp\/v2\/media?parent=150405"}],"wp:term":[{"taxonomy":"issues","embeddable":true,"href":"https:\/\/admin.industriall-union.org\/fr\/wp-json\/wp\/v2\/issues?post=150405"},{"taxonomy":"companies","embeddable":true,"href":"https:\/\/admin.industriall-union.org\/fr\/wp-json\/wp\/v2\/companies?post=150405"},{"taxonomy":"regions","embeddable":true,"href":"https:\/\/admin.industriall-union.org\/fr\/wp-json\/wp\/v2\/regions?post=150405"},{"taxonomy":"sectors","embeddable":true,"href":"https:\/\/admin.industriall-union.org\/fr\/wp-json\/wp\/v2\/sectors?post=150405"},{"taxonomy":"article_tags","embeddable":true,"href":"https:\/\/admin.industriall-union.org\/fr\/wp-json\/wp\/v2\/article_tags?post=150405"}],"curies":[{"name":"wp","href":"https:\/\/api.w.org\/{rel}","templated":true}]}}